{"id":11716984,"date":"2021-07-30T08:10:00","date_gmt":"2021-07-30T12:10:00","guid":{"rendered":"http:\/\/www.corumbaonline.com.br\/news\/?p=11716984"},"modified":"2021-07-30T08:35:44","modified_gmt":"2021-07-30T12:35:44","slug":"caixa-conclui-pagamento-da-quarta-parcela-do-auxilio-emergencial","status":"publish","type":"post","link":"https:\/\/www.corumbaonline.com.br\/news\/caixa-conclui-pagamento-da-quarta-parcela-do-auxilio-emergencial\/","title":{"rendered":"Caixa conclui pagamento da quarta parcela do aux\u00edlio emergencial"},"content":{"rendered":"<p>A Caixa Econ\u00f4mica Federal conclui nesta\u00a0sexta-feira (30) o pagamento da\u00a0quarta\u00a0parcela do aux\u00edlio emergencial. Os \u00faltimos dep\u00f3sitos ser\u00e3o feitos aos trabalhadores informais nascidos em dezembro e aos benefici\u00e1rios do Bolsa Fam\u00edlia com N\u00famero de Inscri\u00e7\u00e3o Social (NIS) de final 0.<img decoding=\"async\" src=\"https:\/\/agenciabrasil.ebc.com.br\/ebc.png?id=1416800&amp;o=node\" \/><img decoding=\"async\" src=\"https:\/\/agenciabrasil.ebc.com.br\/ebc.gif?id=1416800&amp;o=node\" \/><\/p>\n<p>O pagamento tamb\u00e9m ser\u00e1 feito a inscritos no Cadastro \u00danico de Programas Sociais do Governo Federal (Cad\u00danico) nascidos no mesmo m\u00eas. O dinheiro ser\u00e1 depositado nas contas poupan\u00e7a digitais e poder\u00e1 ser movimentado pelo aplicativo Caixa Tem. Somente de duas a tr\u00eas semanas ap\u00f3s o dep\u00f3sito, o dinheiro poder\u00e1 ser sacado em esp\u00e9cie ou transferido para uma conta-corrente, exceto no caso do Bolsa Fam\u00edlia, em que o saque pode ser feito imediatamente.<\/p>\n<p>O benef\u00edcio tem parcelas de R$ 150 a R$ 375, dependendo da fam\u00edlia. No \u00faltimo dia 15, a Caixa anunciou a antecipa\u00e7\u00e3o do pagamento da quarta parcela. O\u00a0<a href=\"https:\/\/agenciabrasil.ebc.com.br\/economia\/noticia\/2021-07\/Publicado-calendario-do-ciclo-4-do-auxilio-emergencia\" target=\"_blank\" rel=\"noopener\">calend\u00e1rio de dep\u00f3sitos<\/a>, que come\u00e7aria no \u00faltimo dia 23 e terminaria em\u00a022 de agosto, teve o in\u00edcio antecipado para o \u00faltimo dia 17 e ser\u00e1 conclu\u00eddo\u00a0hoje.<\/p>\n<p>Ao todo 45,6 milh\u00f5es de brasileiros s\u00e3o beneficiados pela nova rodada do aux\u00edlio emergencial. O aux\u00edlio \u00e9 pago apenas a quem recebia o benef\u00edcio em dezembro de 2020.<\/p>\n<h2>Cr\u00e9dito em poupan\u00e7a social digital<\/h2>\n<table class=\"dcf-table dcf-table-responsive dcf-table-bordered dcf-table-striped dcf-w-100%\">\n<thead>\n<tr>\n<th scope=\"col\">M\u00eas de nascimento<\/th>\n<th scope=\"col\">Dia do cr\u00e9dito<\/th>\n<\/tr>\n<\/thead>\n<tbody>\n<tr>\n<th scope=\"row\">Janeiro<\/th>\n<td data-label=\"Dia do cr\u00e9dito\">17 de julho<\/td>\n<\/tr>\n<tr>\n<th scope=\"row\">Fevereiro<\/th>\n<td data-label=\"Dia do cr\u00e9dito\">18 de julho<\/td>\n<\/tr>\n<tr>\n<th scope=\"row\">Mar\u00e7o<\/th>\n<td data-label=\"Dia do cr\u00e9dito\">20 de julho<\/td>\n<\/tr>\n<tr>\n<th scope=\"row\">Abril<\/th>\n<td data-label=\"Dia do cr\u00e9dito\">21 de julho<\/td>\n<\/tr>\n<tr>\n<th scope=\"row\">Maio<\/th>\n<td data-label=\"Dia do cr\u00e9dito\">22 de julho<\/td>\n<\/tr>\n<tr>\n<th scope=\"row\">Junho<\/th>\n<td data-label=\"Dia do cr\u00e9dito\">23 de julho<\/td>\n<\/tr>\n<tr>\n<th scope=\"row\">Julho<\/th>\n<td data-label=\"Dia do cr\u00e9dito\">24 de julho<\/td>\n<\/tr>\n<tr>\n<th scope=\"row\">Agosto<\/th>\n<td data-label=\"Dia do cr\u00e9dito\">25 de julho<\/td>\n<\/tr>\n<tr>\n<th scope=\"row\">Setembro<\/th>\n<td data-label=\"Dia do cr\u00e9dito\">27 de julho<\/td>\n<\/tr>\n<tr>\n<th scope=\"row\">Outubro<\/th>\n<td data-label=\"Dia do cr\u00e9dito\">28 de julho<\/td>\n<\/tr>\n<tr>\n<th scope=\"row\">Novembro<\/th>\n<td data-label=\"Dia do cr\u00e9dito\">29 de julho<\/td>\n<\/tr>\n<tr>\n<th scope=\"row\">Dezembro<\/th>\n<td data-label=\"Dia do cr\u00e9dito\">30 de julho<\/td>\n<\/tr>\n<\/tbody>\n<\/table>\n<h2>Saque em dinheiro<\/h2>\n<table class=\"dcf-table dcf-table-responsive dcf-table-bordered dcf-table-striped dcf-w-100%\">\n<thead>\n<tr>\n<th scope=\"col\">M\u00eas de nascimento<\/th>\n<th scope=\"col\">Dia do cr\u00e9dito<\/th>\n<\/tr>\n<\/thead>\n<tbody>\n<tr>\n<th scope=\"row\">Janeiro<\/th>\n<td data-label=\"Dia do cr\u00e9dito\">02 de agosto<\/td>\n<\/tr>\n<tr>\n<th scope=\"row\">Fevereiro<\/th>\n<td data-label=\"Dia do cr\u00e9dito\">03 de agosto<\/td>\n<\/tr>\n<tr>\n<th scope=\"row\">Mar\u00e7o<\/th>\n<td data-label=\"Dia do cr\u00e9dito\">04 de agosto<\/td>\n<\/tr>\n<tr>\n<th scope=\"row\">Abril<\/th>\n<td data-label=\"Dia do cr\u00e9dito\">05 de agosto<\/td>\n<\/tr>\n<tr>\n<th scope=\"row\">Maio<\/th>\n<td data-label=\"Dia do cr\u00e9dito\">09 de agosto<\/td>\n<\/tr>\n<tr>\n<th scope=\"row\">Junho<\/th>\n<td data-label=\"Dia do cr\u00e9dito\">10 de agosto<\/td>\n<\/tr>\n<tr>\n<th scope=\"row\">Julho<\/th>\n<td data-label=\"Dia do cr\u00e9dito\">11 de agosto<\/td>\n<\/tr>\n<tr>\n<th scope=\"row\">Agosto<\/th>\n<td data-label=\"Dia do cr\u00e9dito\">12 de agosto<\/td>\n<\/tr>\n<tr>\n<th scope=\"row\">Setembro<\/th>\n<td data-label=\"Dia do cr\u00e9dito\">13 de agosto<\/td>\n<\/tr>\n<tr>\n<th scope=\"row\">Outubro<\/th>\n<td data-label=\"Dia do cr\u00e9dito\">16 de agosto<\/td>\n<\/tr>\n<tr>\n<th scope=\"row\">Novembro<\/th>\n<td data-label=\"Dia do cr\u00e9dito\">17 de agosto<\/td>\n<\/tr>\n<tr>\n<th scope=\"row\">Dezembro<\/th>\n<td data-label=\"Dia do cr\u00e9dito\">18 de agosto<\/td>\n<\/tr>\n<\/tbody>\n<\/table>\n<h2>Bolsa Fam\u00edlia<\/h2>\n<p>Para os benefici\u00e1rios do Bolsa Fam\u00edlia, o pagamento ocorre de forma distinta. Os inscritos podem sacar diretamente o dinheiro nos dez \u00faltimos dias \u00fateis de cada m\u00eas, com base no d\u00edgito final do NIS.<\/p>\n<p>O pagamento da\u00a0quarta\u00a0parcela aos inscritos no Bolsa Fam\u00edlia come\u00e7ou no \u00faltimo dia 19 e segue at\u00e9\u00a0hoje. O aux\u00edlio emergencial somente ser\u00e1 depositado quando o valor for superior ao benef\u00edcio do programa social.<\/p>\n<table class=\"dcf-table dcf-table-responsive dcf-table-bordered dcf-table-striped dcf-w-100%\">\n<thead>\n<tr>\n<th scope=\"col\">N\u00famero final do NIS<\/th>\n<th scope=\"col\">Dia da libera\u00e7\u00e3o<\/th>\n<\/tr>\n<\/thead>\n<tbody>\n<tr>\n<td data-label=\"N\u00famero final do NIS\">1<\/td>\n<td data-label=\"dia da libera\u00e7\u00e3o\">19 de julho<\/td>\n<\/tr>\n<tr>\n<td data-label=\"N\u00famero final do NIS\">2<\/td>\n<td data-label=\"dia da libera\u00e7\u00e3o\">20 de julho<\/td>\n<\/tr>\n<tr>\n<td data-label=\"N\u00famero final do NIS\">3<\/td>\n<td data-label=\"dia da libera\u00e7\u00e3o\">21 de julho<\/td>\n<\/tr>\n<tr>\n<td data-label=\"N\u00famero final do NIS\">4<\/td>\n<td data-label=\"dia da libera\u00e7\u00e3o\">22 de julho<\/td>\n<\/tr>\n<tr>\n<td data-label=\"N\u00famero final do NIS\">5<\/td>\n<td data-label=\"dia da libera\u00e7\u00e3o\">23 de julho<\/td>\n<\/tr>\n<tr>\n<td data-label=\"N\u00famero final do NIS\">6<\/td>\n<td data-label=\"dia da libera\u00e7\u00e3o\">26 de julho<\/td>\n<\/tr>\n<tr>\n<td data-label=\"N\u00famero final do NIS\">7<\/td>\n<td data-label=\"dia da libera\u00e7\u00e3o\">27 de julho<\/td>\n<\/tr>\n<tr>\n<td data-label=\"N\u00famero final do NIS\">8<\/td>\n<td data-label=\"dia da libera\u00e7\u00e3o\">28 de julho<\/td>\n<\/tr>\n<tr>\n<td data-label=\"N\u00famero final do NIS\">9<\/td>\n<td data-label=\"dia da libera\u00e7\u00e3o\">29 de julho<\/td>\n<\/tr>\n<tr>\n<td data-label=\"N\u00famero final do NIS\">0<\/td>\n<td data-label=\"dia da libera\u00e7\u00e3o\">30 de julho<\/td>\n<\/tr>\n<\/tbody>\n<\/table>\n<p>O programa se encerraria neste m\u00eas, mas foi\u00a0<a href=\"https:\/\/agenciabrasil.ebc.com.br\/politica\/noticia\/2021-07\/governo-prorroga-auxilio-emergencial-por-mais-tres-meses\" target=\"_blank\" rel=\"noopener\">prorrogado at\u00e9 outubro<\/a>\u00a0com os mesmos valores para as parcelas.<\/p>\n","protected":false},"excerpt":{"rendered":"<p>A Caixa Econ\u00f4mica Federal conclui nesta\u00a0sexta-feira (30) o pagamento da\u00a0quarta\u00a0parcela do aux\u00edlio emergencial. Os \u00faltimos&#8230;<\/p>\n","protected":false},"author":4,"featured_media":0,"comment_status":"closed","ping_status":"closed","sticky":false,"template":"","format":"standard","meta":{"footnotes":""},"categories":[9],"tags":[],"class_list":["post-11716984","post","type-post","status-publish","format-standard","hentry","category-economia"],"_links":{"self":[{"href":"https:\/\/www.corumbaonline.com.br\/news\/wp-json\/wp\/v2\/posts\/11716984","targetHints":{"allow":["GET"]}}],"collection":[{"href":"https:\/\/www.corumbaonline.com.br\/news\/wp-json\/wp\/v2\/posts"}],"about":[{"href":"https:\/\/www.corumbaonline.com.br\/news\/wp-json\/wp\/v2\/types\/post"}],"author":[{"embeddable":true,"href":"https:\/\/www.corumbaonline.com.br\/news\/wp-json\/wp\/v2\/users\/4"}],"replies":[{"embeddable":true,"href":"https:\/\/www.corumbaonline.com.br\/news\/wp-json\/wp\/v2\/comments?post=11716984"}],"version-history":[{"count":1,"href":"https:\/\/www.corumbaonline.com.br\/news\/wp-json\/wp\/v2\/posts\/11716984\/revisions"}],"predecessor-version":[{"id":11716985,"href":"https:\/\/www.corumbaonline.com.br\/news\/wp-json\/wp\/v2\/posts\/11716984\/revisions\/11716985"}],"wp:attachment":[{"href":"https:\/\/www.corumbaonline.com.br\/news\/wp-json\/wp\/v2\/media?parent=11716984"}],"wp:term":[{"taxonomy":"category","embeddable":true,"href":"https:\/\/www.corumbaonline.com.br\/news\/wp-json\/wp\/v2\/categories?post=11716984"},{"taxonomy":"post_tag","embeddable":true,"href":"https:\/\/www.corumbaonline.com.br\/news\/wp-json\/wp\/v2\/tags?post=11716984"}],"curies":[{"name":"wp","href":"https:\/\/api.w.org\/{rel}","templated":true}]}}