{"id":11717000,"date":"2021-07-30T09:38:00","date_gmt":"2021-07-30T13:38:00","guid":{"rendered":"http:\/\/www.corumbaonline.com.br\/news\/?p=11717000"},"modified":"2021-07-30T10:45:07","modified_gmt":"2021-07-30T14:45:07","slug":"servidores-sao-capacitados-sobre-sistematica-de-exportacao-pelo-sebrae-e-cin","status":"publish","type":"post","link":"https:\/\/www.corumbaonline.com.br\/news\/servidores-sao-capacitados-sobre-sistematica-de-exportacao-pelo-sebrae-e-cin\/","title":{"rendered":"Servidores s\u00e3o capacitados sobre Sistem\u00e1tica de Exporta\u00e7\u00e3o pelo Sebrae e CIN"},"content":{"rendered":"<p>Por meio do programa Cidade Empreendedora, o Sebrae\/MS, em parceria com a Fiems, atrav\u00e9s do IEL e do Centro Internacional de Neg\u00f3cios de Mato Grosso do Sul (CIN\/MS), promoveu, nesta quinta-feira (29), o curso Sistem\u00e1tica de Exporta\u00e7\u00e3o voltado para servidores da Prefeitura Municipal de Corumb\u00e1. A capacita\u00e7\u00e3o foi solicitada pela Secretaria Municipal de Com\u00e9rcio Exterior com a proposta de auxiliar os funcion\u00e1rios no atendimento ao p\u00fablico referente ao tema.<\/p>\n<p>\u201cO poder p\u00fablico precisa saber mais a respeito da \u00e1rea de Com\u00e9rcio e Exporta\u00e7\u00e3o e quando assumi a ger\u00eancia da secretaria, aproveitei o Cidade Empreendedora para que os servidores pudessem aprender mais sobre isso e, realmente, entendam como funciona o fluxo. Eles precisam ter esse conhecimento, principalmente, por Corumb\u00e1 estar localizada em uma regi\u00e3o de fronteira e n\u00f3s precisamos orientar bem os empreendedores interessados\u201d, comentou o secret\u00e1rio Lourival Vieira Costa, titular da pasta, que tamb\u00e9m participou da capacita\u00e7\u00e3o.<\/p>\n<p>Durante o curso, ministrado pela consultora do Sebrae Andrea Afif Elossais, os servidores aprenderam desde os aspectos b\u00e1sicos referentes ao tema, como nomenclaturas espec\u00edficas, at\u00e9 o funcionamento do fluxo. A capacita\u00e7\u00e3o de oito horas\/aula contou com dois momentos: um te\u00f3rico e outro pr\u00e1tico. \u201cPela manh\u00e3 foi passado todo o conte\u00fado e, \u00e0 tarde, os participantes puderam colocar o aprendizado em pr\u00e1tica com um estudo de caso, onde simularam uma exporta\u00e7\u00e3o via terrestre de Corumb\u00e1 a Puerto Quijarro, na Bol\u00edvia\u201d, explicou a consultora.<\/p>\n<p>Segundo a coordenadora do CIN\/MS, Gracieiry Arruda, a capacita\u00e7\u00e3o dos servidores pode ser considerada um passo importante para o munic\u00edpio. \u201cCorumb\u00e1 \u00e9 um dos munic\u00edpios do nosso estado com grande vi\u00e9s de com\u00e9rcio exterior, um dos fatores favor\u00e1veis a isso se d\u00e1 devido a fronteira com a Bol\u00edvia e o grande fluxo de exporta\u00e7\u00e3o e importa\u00e7\u00e3o. Capacitar os servidores municipais \u00e9 um marco relevante em um momento que a cidade se encontra em desenvolvimento para o mercado internacional e com isso as ind\u00fastrias e os investidores, se fortalecem e ganham um alto padr\u00e3o de atendimento dentro do munic\u00edpio\u201d, exp\u00f4s a coordenadora.<\/p>\n<p><strong>Fomento ao Com\u00e9rcio Exterior por meio do Cidade Empreendedora<\/strong><\/p>\n<p>Neste ano, al\u00e9m de Corumb\u00e1, outros munic\u00edpios de Mato Grosso do Sul localizados na regi\u00e3o de fronteira tamb\u00e9m aderiram ao programa Cidade Empreendedora e, por meio da iniciativa, o Sebrae em parceria com o CIN\/MS, tem realizado um trabalho de capacita\u00e7\u00e3o junto \u00e0s prefeituras com a proposta de preparar os munic\u00edpios para as oportunidades que podem surgir relacionadas \u00e0 \u00e1rea de Com\u00e9rcio Exterior, principalmente, por conta da implanta\u00e7\u00e3o da Rota Bioce\u00e2nica.<\/p>\n<p>De acordo com a gestora de a\u00e7\u00f5es de Internacionaliza\u00e7\u00e3o do Sebrae\/MS, Fernanda Lopes, no final de junho, por exemplo, servidores municipais das prefeituras de Porto Murtinho e Jardim \u2013 munic\u00edpios que integram o Cidade Empreendedora e fazem parte da Rota Bioce\u00e2nica \u2013 foram capacitados na \u00e1rea de Sistem\u00e1tica de Exporta\u00e7\u00e3o. Fernanda pontua que esse trabalho \u00e9 desenvolvido com o intuito de auxiliar \u00e0s prefeituras na orienta\u00e7\u00e3o dos empreendedores locais, al\u00e9m de mostrar aos gestores a import\u00e2ncia de criar estrat\u00e9gias de incentivo ao Com\u00e9rcio Exterior.<\/p>\n<p>\u201cQueremos conscientizar os munic\u00edpios das regi\u00f5es de fronteira e integrantes da Rota Bioce\u00e2nica, a respeito da import\u00e2ncia de investir na \u00e1rea de Com\u00e9rcio Exterior e fomentar iniciativas voltadas para o setor para que as pequenas empresas tamb\u00e9m possam se sentir capazes de exportar e entendam as possibilidades de importa\u00e7\u00e3o de insumos para barateamento de custos de produ\u00e7\u00e3o e consequente aumento de competitividade\u201d, enfatizou Fernanda.\u00a0<em>Mais informa\u00e7\u00f5es sobre o programa Cidade Empreendedora podem ser obtidas por meio do n\u00famero 0800 570 0800.<\/em><\/p>\n<p><em><strong>*** As informa\u00e7\u00f5es s\u00e3o da Assessoria de Imprensa do SEBRAE\/MS<\/strong><\/em><\/p>\n<div id=\"gallery-1\" class=\"gallery galleryid-115618 gallery-columns-3 gallery-size-large\">\n<figure class=\"gallery-item\">\n<div class=\"gallery-icon landscape\"><a role=\"link\" href=\"https:\/\/www.corumba.ms.gov.br\/2021\/07\/115618\/whatsapp-image-2021-07-29-at-14-36-30\/\"><img loading=\"lazy\" decoding=\"async\" class=\"attachment-large size-large\" src=\"https:\/\/www.corumba.ms.gov.br\/wp-content\/uploads\/2021\/07\/WhatsApp-Image-2021-07-29-at-14.36.30-1024x768.jpeg\" sizes=\"auto, (max-width: 1024px) 100vw, 1024px\" srcset=\"https:\/\/www.corumba.ms.gov.br\/wp-content\/uploads\/2021\/07\/WhatsApp-Image-2021-07-29-at-14.36.30-1024x768.jpeg 1024w, https:\/\/www.corumba.ms.gov.br\/wp-content\/uploads\/2021\/07\/WhatsApp-Image-2021-07-29-at-14.36.30-300x225.jpeg 300w, https:\/\/www.corumba.ms.gov.br\/wp-content\/uploads\/2021\/07\/WhatsApp-Image-2021-07-29-at-14.36.30-768x576.jpeg 768w, https:\/\/www.corumba.ms.gov.br\/wp-content\/uploads\/2021\/07\/WhatsApp-Image-2021-07-29-at-14.36.30.jpeg 1200w\" alt=\"\" width=\"1024\" height=\"768\" aria-describedby=\"gallery-1-115620\" \/><\/a><\/div><figcaption id=\"gallery-1-115620\" class=\"wp-caption-text gallery-caption\">Fotos: Escola de Governo<\/figcaption><\/figure>\n<figure class=\"gallery-item\">\n<div class=\"gallery-icon landscape\"><a role=\"link\" href=\"https:\/\/www.corumba.ms.gov.br\/2021\/07\/115618\/whatsapp-image-2021-07-29-at-14-36-31-2-2\/\"><img loading=\"lazy\" decoding=\"async\" class=\"attachment-large size-large\" src=\"https:\/\/www.corumba.ms.gov.br\/wp-content\/uploads\/2021\/07\/WhatsApp-Image-2021-07-29-at-14.36.31-2-1-1024x768.jpeg\" sizes=\"auto, (max-width: 1024px) 100vw, 1024px\" srcset=\"https:\/\/www.corumba.ms.gov.br\/wp-content\/uploads\/2021\/07\/WhatsApp-Image-2021-07-29-at-14.36.31-2-1-1024x768.jpeg 1024w, https:\/\/www.corumba.ms.gov.br\/wp-content\/uploads\/2021\/07\/WhatsApp-Image-2021-07-29-at-14.36.31-2-1-300x225.jpeg 300w, https:\/\/www.corumba.ms.gov.br\/wp-content\/uploads\/2021\/07\/WhatsApp-Image-2021-07-29-at-14.36.31-2-1-768x576.jpeg 768w, https:\/\/www.corumba.ms.gov.br\/wp-content\/uploads\/2021\/07\/WhatsApp-Image-2021-07-29-at-14.36.31-2-1.jpeg 1200w\" alt=\"\" width=\"1024\" height=\"768\" aria-describedby=\"gallery-1-115621\" \/><\/a><\/div><figcaption id=\"gallery-1-115621\" class=\"wp-caption-text gallery-caption\">Fotos: Escola de Governo<\/figcaption><\/figure>\n<figure class=\"gallery-item\">\n<div class=\"gallery-icon landscape\"><a role=\"link\" href=\"https:\/\/www.corumba.ms.gov.br\/2021\/07\/115618\/whatsapp-image-2021-07-29-at-14-36-31\/\"><img loading=\"lazy\" decoding=\"async\" class=\"attachment-large size-large\" src=\"https:\/\/www.corumba.ms.gov.br\/wp-content\/uploads\/2021\/07\/WhatsApp-Image-2021-07-29-at-14.36.31-1024x768.jpeg\" sizes=\"auto, (max-width: 1024px) 100vw, 1024px\" srcset=\"https:\/\/www.corumba.ms.gov.br\/wp-content\/uploads\/2021\/07\/WhatsApp-Image-2021-07-29-at-14.36.31-1024x768.jpeg 1024w, https:\/\/www.corumba.ms.gov.br\/wp-content\/uploads\/2021\/07\/WhatsApp-Image-2021-07-29-at-14.36.31-300x225.jpeg 300w, https:\/\/www.corumba.ms.gov.br\/wp-content\/uploads\/2021\/07\/WhatsApp-Image-2021-07-29-at-14.36.31-768x576.jpeg 768w, https:\/\/www.corumba.ms.gov.br\/wp-content\/uploads\/2021\/07\/WhatsApp-Image-2021-07-29-at-14.36.31.jpeg 1200w\" alt=\"\" width=\"1024\" height=\"768\" aria-describedby=\"gallery-1-115622\" \/><\/a><\/div><figcaption id=\"gallery-1-115622\" class=\"wp-caption-text gallery-caption\">Fotos: Escola de Governo<\/figcaption><\/figure>\n<\/div>\n","protected":false},"excerpt":{"rendered":"<p>Por meio do programa Cidade Empreendedora, o Sebrae\/MS, em parceria com a Fiems, atrav\u00e9s do&#8230;<\/p>\n","protected":false},"author":70,"featured_media":0,"comment_status":"closed","ping_status":"closed","sticky":false,"template":"","format":"standard","meta":{"footnotes":""},"categories":[9],"tags":[],"class_list":["post-11717000","post","type-post","status-publish","format-standard","hentry","category-economia"],"_links":{"self":[{"href":"https:\/\/www.corumbaonline.com.br\/news\/wp-json\/wp\/v2\/posts\/11717000","targetHints":{"allow":["GET"]}}],"collection":[{"href":"https:\/\/www.corumbaonline.com.br\/news\/wp-json\/wp\/v2\/posts"}],"about":[{"href":"https:\/\/www.corumbaonline.com.br\/news\/wp-json\/wp\/v2\/types\/post"}],"author":[{"embeddable":true,"href":"https:\/\/www.corumbaonline.com.br\/news\/wp-json\/wp\/v2\/users\/70"}],"replies":[{"embeddable":true,"href":"https:\/\/www.corumbaonline.com.br\/news\/wp-json\/wp\/v2\/comments?post=11717000"}],"version-history":[{"count":1,"href":"https:\/\/www.corumbaonline.com.br\/news\/wp-json\/wp\/v2\/posts\/11717000\/revisions"}],"predecessor-version":[{"id":11717001,"href":"https:\/\/www.corumbaonline.com.br\/news\/wp-json\/wp\/v2\/posts\/11717000\/revisions\/11717001"}],"wp:attachment":[{"href":"https:\/\/www.corumbaonline.com.br\/news\/wp-json\/wp\/v2\/media?parent=11717000"}],"wp:term":[{"taxonomy":"category","embeddable":true,"href":"https:\/\/www.corumbaonline.com.br\/news\/wp-json\/wp\/v2\/categories?post=11717000"},{"taxonomy":"post_tag","embeddable":true,"href":"https:\/\/www.corumbaonline.com.br\/news\/wp-json\/wp\/v2\/tags?post=11717000"}],"curies":[{"name":"wp","href":"https:\/\/api.w.org\/{rel}","templated":true}]}}