{"id":11717012,"date":"2021-08-02T08:08:00","date_gmt":"2021-08-02T12:08:00","guid":{"rendered":"http:\/\/www.corumbaonline.com.br\/news\/?p=11717012"},"modified":"2021-08-02T08:24:02","modified_gmt":"2021-08-02T12:24:02","slug":"prefeitura-autoriza-e-agesul-vai-construir-duas-pontes-de-concreto-entre-a-br-262-e-porto-esperanca","status":"publish","type":"post","link":"https:\/\/www.corumbaonline.com.br\/news\/prefeitura-autoriza-e-agesul-vai-construir-duas-pontes-de-concreto-entre-a-br-262-e-porto-esperanca\/","title":{"rendered":"Prefeitura autoriza e AGESUL vai construir duas pontes de concreto entre a BR-262 e Porto Esperan\u00e7a"},"content":{"rendered":"<p>O prefeito Marcelo Iunes assinou sexta-feira, 30 de julho, o termo de compromisso que autoriza a AGESUL (Ag\u00eancia Estadual de Gest\u00e3o de Empreendimentos) a construir duas pontes de concretos entre a BR-262 e o Porto Esperan\u00e7a, distrito de imenso valor hist\u00f3rico, tur\u00edstico e econ\u00f4mico do munic\u00edpio.<\/p>\n<p>\u201cEssa liga\u00e7\u00e3o entre a BR e Porto Esperan\u00e7a \u00e9 um sonho antigo dos moradores da regi\u00e3o. Gra\u00e7as a Deus e ao empenho do governador Reinaldo Azambuja, um parceiro de primeira hora do povo corumbaense, essa obra t\u00e3o sonhada est\u00e1 mais perto de ser finalmente concretizada\u201d, afirmou Marcelo Iunes.<\/p>\n<figure id=\"attachment_115669\" class=\"wp-caption aligncenter\" aria-describedby=\"caption-attachment-115669\"><img loading=\"lazy\" decoding=\"async\" class=\"wp-image-115669 size-full\" src=\"https:\/\/www.corumba.ms.gov.br\/wp-content\/uploads\/2021\/07\/estrada-porto-esperanca5.jpg\" sizes=\"auto, (max-width: 1200px) 100vw, 1200px\" srcset=\"https:\/\/www.corumba.ms.gov.br\/wp-content\/uploads\/2021\/07\/estrada-porto-esperanca5.jpg 1200w, https:\/\/www.corumba.ms.gov.br\/wp-content\/uploads\/2021\/07\/estrada-porto-esperanca5-300x169.jpg 300w, https:\/\/www.corumba.ms.gov.br\/wp-content\/uploads\/2021\/07\/estrada-porto-esperanca5-1024x576.jpg 1024w, https:\/\/www.corumba.ms.gov.br\/wp-content\/uploads\/2021\/07\/estrada-porto-esperanca5-768x432.jpg 768w\" alt=\"\" width=\"1200\" height=\"675\" \/><figcaption id=\"caption-attachment-115669\" class=\"wp-caption-text\">Obra vai garantir acesso \u00e0 comunidade de Porto Esperan\u00e7a ao longo de todo ano (Fotos: Subsecretaria de Comunica\u00e7\u00e3o do Governo do Estado)<\/figcaption><\/figure>\n<p>A obra \u00e9 toda financiada pelo Governo do Estado de Mato Grosso do Sul. Uma das pontes ser\u00e1 constru\u00edda no local conhecido como Vazante da Margarida e ter\u00e1 extens\u00e3o de 59,2 metros. A outra ficar\u00e1 no C\u00f3rrego Mutum, com extens\u00e3o total de 83,8 metros. Ambas v\u00e3o assegurar a trafegabilidade da estrada ao longo de todo ano, seja na \u00e9poca de seca ou na cheia do Pantanal.<\/p>\n<p>\u201cConclu\u00eddas as obras dentro dos par\u00e2metros da boa t\u00e9cnica, o Munic\u00edpio se compromete a receb\u00ea-la formalmente do Estado, assumindo os encargos de manuten\u00e7\u00e3o, resguardadas as responsabilidades da construtora quanto \u00e0 garantia exig\u00edvel por Lei\u201d, estabelece o termo de compromisso.<\/p>\n<p>\u201cEssa liga\u00e7\u00e3o que a comunidade de Porto Esperan\u00e7a vai ter com essa estrada, organizada pelo Governo do Estado, vai beneficiar tanto a parte de transporte como tamb\u00e9m a parte de atendimento \u00e0 regi\u00e3o. Teremos ainda um grande acesso para o turismo, al\u00e9m dos termos acesso as propriedades rurais por terra, que hoje s\u00f3 \u00e9 feita por rio\u201d, comemorou o presidente do Sindicato Rural de Corumb\u00e1, Luciano Leite.<\/p>\n<p>Segundo o Governo do Estado, a implanta\u00e7\u00e3o da estrada deve deve ser iniciada ainda neste ano a implanta\u00e7\u00e3o da estrada de acesso ao distrito de Porto Esperan\u00e7a. Ela ter\u00e1 10 quil\u00f4metros de extens\u00e3o, desde o trevo com a BR-262, a cerca de quatro quil\u00f4metros da ponte sobre o Rio Paraguai, at\u00e9 o centro comunit\u00e1rio, pr\u00f3xima \u00e0 antiga esta\u00e7\u00e3o ferrovi\u00e1ria do ramal da ferrovia.<\/p>\n<p>Ser\u00e1 uma via sobre aterro, devido \u00e0s enchentes causadas pelo transbordamento do rio, com revestimento de min\u00e9rio de ferro n\u00e3o comercial a ser doado pela mineradora Vale, que tem terminal de embarque da mat\u00e9ria-prima no local.<\/p>\n","protected":false},"excerpt":{"rendered":"<p>O prefeito Marcelo Iunes assinou sexta-feira, 30 de julho, o termo de compromisso que autoriza&#8230;<\/p>\n","protected":false},"author":70,"featured_media":11717013,"comment_status":"closed","ping_status":"closed","sticky":false,"template":"","format":"standard","meta":{"footnotes":""},"categories":[8,14],"tags":[],"class_list":["post-11717012","post","type-post","status-publish","format-standard","has-post-thumbnail","hentry","category-destaque","category-geral"],"_links":{"self":[{"href":"https:\/\/www.corumbaonline.com.br\/news\/wp-json\/wp\/v2\/posts\/11717012","targetHints":{"allow":["GET"]}}],"collection":[{"href":"https:\/\/www.corumbaonline.com.br\/news\/wp-json\/wp\/v2\/posts"}],"about":[{"href":"https:\/\/www.corumbaonline.com.br\/news\/wp-json\/wp\/v2\/types\/post"}],"author":[{"embeddable":true,"href":"https:\/\/www.corumbaonline.com.br\/news\/wp-json\/wp\/v2\/users\/70"}],"replies":[{"embeddable":true,"href":"https:\/\/www.corumbaonline.com.br\/news\/wp-json\/wp\/v2\/comments?post=11717012"}],"version-history":[{"count":1,"href":"https:\/\/www.corumbaonline.com.br\/news\/wp-json\/wp\/v2\/posts\/11717012\/revisions"}],"predecessor-version":[{"id":11717014,"href":"https:\/\/www.corumbaonline.com.br\/news\/wp-json\/wp\/v2\/posts\/11717012\/revisions\/11717014"}],"wp:featuredmedia":[{"embeddable":true,"href":"https:\/\/www.corumbaonline.com.br\/news\/wp-json\/wp\/v2\/media\/11717013"}],"wp:attachment":[{"href":"https:\/\/www.corumbaonline.com.br\/news\/wp-json\/wp\/v2\/media?parent=11717012"}],"wp:term":[{"taxonomy":"category","embeddable":true,"href":"https:\/\/www.corumbaonline.com.br\/news\/wp-json\/wp\/v2\/categories?post=11717012"},{"taxonomy":"post_tag","embeddable":true,"href":"https:\/\/www.corumbaonline.com.br\/news\/wp-json\/wp\/v2\/tags?post=11717012"}],"curies":[{"name":"wp","href":"https:\/\/api.w.org\/{rel}","templated":true}]}}