{"id":11717031,"date":"2021-08-02T09:43:00","date_gmt":"2021-08-02T13:43:00","guid":{"rendered":"http:\/\/www.corumbaonline.com.br\/news\/?p=11717031"},"modified":"2021-08-02T11:15:21","modified_gmt":"2021-08-02T15:15:21","slug":"circuito-funec-de-corrida-de-rua-retorna-com-prova-retomada-de-corumba","status":"publish","type":"post","link":"https:\/\/www.corumbaonline.com.br\/news\/circuito-funec-de-corrida-de-rua-retorna-com-prova-retomada-de-corumba\/","title":{"rendered":"Circuito Funec de Corrida de Rua retorna com prova \u2018Retomada de Corumb\u00e1\u2019"},"content":{"rendered":"<p dir=\"ltr\">As vit\u00f3rias de Rosinha Concei\u00e7\u00e3o e Andr\u00e9 Rodrigues do Nascimento \u2013 nos 10 km feminino e masculino, respectivamente \u2013 marcaram o retorno do Circuito Funec de Corrida de Rua, na manh\u00e3 do domingo, 1\u00b0 de agosto. Em raz\u00e3o da pandemia, as provas n\u00e3o eram realizadas h\u00e1 mais de um ano. A competi\u00e7\u00e3o \u00e9 promovida pela Prefeitura Municipal, por meio da Funda\u00e7\u00e3o de Esportes de Corumb\u00e1 (Funec).<\/p>\n<p dir=\"ltr\">\u201cO percurso foi \u00f3timo, s\u00f3 que a atleta n\u00e3o foi muito bem. Fiquei um ano e meio parada e voltar \u00e0 rotina \u00e9 dif\u00edcil. Sofri bastante para ganhar a prova. Voltar a correr foi muito bom, mas preciso treinar mais. Gra\u00e7as a Deus deu tudo certo\u201d, disse a corredora campo-grandense. Campe\u00e3 da primeira etapa do Circuito, Rosinha completou os 10 quil\u00f4metros em 49 minutos e 25 segundos.<\/p>\n<p dir=\"ltr\">Tamb\u00e9m de Campo Grande, o vencedor dos 10 km masculino disse que o fato de estar sem competir h\u00e1 mais de um ano fez tudo parecer uma nova experi\u00eancia.<\/p>\n<p dir=\"ltr\">\u201cParecia que era a primeira corrida tamanha era a adrenalina. Voltar depois de muito tempo parado, mais de um ano, a gente tem que ir se adaptando. O percurso foi pesado, mas \u00e9 um privil\u00e9gio voltar. Todas as vezes que eu vim aqui eu venci as etapas\u201d, contou Andr\u00e9, que venceu a etapa denominada prova da \u2018Retomada de Corumb\u00e1\u2019 completando os 10 km em 34 minutos e 32 segundos.<\/p>\n<p dir=\"ltr\">Diretor-presidente da Funec, Luciano Silva de Oliveira, declarou estar satisfeito com a retomada do Circuito. Evento teste neste momento em que o mundo vem atravessando uma pandemia.\u201dSeguimos os protocolos de biosseguran\u00e7a neste evento teste que a Prefeitura realiza por meio da Funec, para que possamos realizar demais eventos na nossa cidade. Temos que ter cautela para recome\u00e7ar e, gradativamente, retomar todos os programas da Funda\u00e7\u00e3o\u201d, afirmou. A pr\u00f3xima etapa est\u00e1 prevista para acontecer em setembro.<\/p>\n<p dir=\"ltr\">Em homenagem ao atleta Martins Soares, praticante e grande incentivador de provas pedestres em Corumb\u00e1 e Lad\u00e1rio, todas as etapas de 2021 v\u00e3o integrar o \u201cCircuito Funec de Corrida de Rua \u2013 Martins Soares de Oliveira\u201d. A pandemia limitou a 300 atletas, em todas as categorias, o total de participantes.<\/p>\n<p dir=\"ltr\"><em><strong>Resultado 10 km Feminino<\/strong><\/em><\/p>\n<p dir=\"ltr\">1\u00b0 \u2013 Rosinha Concei\u00e7\u00e3o<\/p>\n<p dir=\"ltr\">2\u00b0 \u2013 Julia Menin Florentino<\/p>\n<p dir=\"ltr\">3\u00b0 \u2013 Geisa Alves Fernandes<\/p>\n<p dir=\"ltr\"><em><strong>Resultado 10 km Masculino<\/strong><\/em><\/p>\n<p dir=\"ltr\">1\u00b0 \u2013 Andr\u00e9 Rodrigues do Nascimento<\/p>\n<p dir=\"ltr\">2\u00b0 \u2013 Rosenildo Luiz da Silva<\/p>\n<p dir=\"ltr\">3\u00b0 \u2013 Janderson Lima Souza<\/p>\n<p dir=\"ltr\"><em><strong>Resultado 5 km Feminino<\/strong><\/em><\/p>\n<p dir=\"ltr\">1\u00b0 \u2013 Rosiane Moura Preza<\/p>\n<p dir=\"ltr\">2\u00b0 \u2013 Isabelly Gon\u00e7alves Rodrigues<\/p>\n<p dir=\"ltr\">3\u00b0 \u2013 Jilseanny da Silva Magalh\u00e3es<\/p>\n<p dir=\"ltr\"><em><strong>Resultado 5 km Masculino<\/strong><\/em><\/p>\n<p dir=\"ltr\">1\u00b0 \u2013 Jos\u00e9 Carlos J\u00fanior<\/p>\n<p dir=\"ltr\">2\u00b0 \u2013 Luiz Ot\u00e1vio Mendoza<\/p>\n<p dir=\"ltr\">3\u00b0 \u2013 Jo\u00e3o Gabriel Ortiz Benites<\/p>\n<div id=\"gallery-1\" class=\"gallery galleryid-115731 gallery-columns-3 gallery-size-large\">\n<figure class=\"gallery-item\">\n<div class=\"gallery-icon landscape\"><a role=\"link\" href=\"https:\/\/www.corumba.ms.gov.br\/?attachment_id=115706\"><img loading=\"lazy\" decoding=\"async\" class=\"attachment-large size-large\" src=\"https:\/\/www.corumba.ms.gov.br\/wp-content\/uploads\/2021\/08\/Foto-Rene-Marcio-Carneiro-Circuito-FUNEC-de-Corrida-de-Rua-Retomada-7-1024x683.jpg\" sizes=\"auto, (max-width: 1024px) 100vw, 1024px\" srcset=\"https:\/\/www.corumba.ms.gov.br\/wp-content\/uploads\/2021\/08\/Foto-Rene-Marcio-Carneiro-Circuito-FUNEC-de-Corrida-de-Rua-Retomada-7-1024x683.jpg 1024w, https:\/\/www.corumba.ms.gov.br\/wp-content\/uploads\/2021\/08\/Foto-Rene-Marcio-Carneiro-Circuito-FUNEC-de-Corrida-de-Rua-Retomada-7-300x200.jpg 300w, https:\/\/www.corumba.ms.gov.br\/wp-content\/uploads\/2021\/08\/Foto-Rene-Marcio-Carneiro-Circuito-FUNEC-de-Corrida-de-Rua-Retomada-7-768x512.jpg 768w, https:\/\/www.corumba.ms.gov.br\/wp-content\/uploads\/2021\/08\/Foto-Rene-Marcio-Carneiro-Circuito-FUNEC-de-Corrida-de-Rua-Retomada-7.jpg 1200w\" alt=\"\" width=\"1024\" height=\"683\" aria-describedby=\"gallery-1-115706\" \/><\/a><\/div><figcaption id=\"gallery-1-115706\" class=\"wp-caption-text gallery-caption\">Circuito Funec de Corrida de Rua<\/figcaption><\/figure>\n<figure class=\"gallery-item\">\n<div class=\"gallery-icon landscape\"><a role=\"link\" href=\"https:\/\/www.corumba.ms.gov.br\/?attachment_id=115708\"><img loading=\"lazy\" decoding=\"async\" class=\"attachment-large size-large\" src=\"https:\/\/www.corumba.ms.gov.br\/wp-content\/uploads\/2021\/08\/Foto-Rene-Marcio-Carneiro-Circuito-FUNEC-de-Corrida-de-Rua-Retomada-14-1024x683.jpg\" sizes=\"auto, (max-width: 1024px) 100vw, 1024px\" srcset=\"https:\/\/www.corumba.ms.gov.br\/wp-content\/uploads\/2021\/08\/Foto-Rene-Marcio-Carneiro-Circuito-FUNEC-de-Corrida-de-Rua-Retomada-14-1024x683.jpg 1024w, https:\/\/www.corumba.ms.gov.br\/wp-content\/uploads\/2021\/08\/Foto-Rene-Marcio-Carneiro-Circuito-FUNEC-de-Corrida-de-Rua-Retomada-14-300x200.jpg 300w, https:\/\/www.corumba.ms.gov.br\/wp-content\/uploads\/2021\/08\/Foto-Rene-Marcio-Carneiro-Circuito-FUNEC-de-Corrida-de-Rua-Retomada-14-768x512.jpg 768w, https:\/\/www.corumba.ms.gov.br\/wp-content\/uploads\/2021\/08\/Foto-Rene-Marcio-Carneiro-Circuito-FUNEC-de-Corrida-de-Rua-Retomada-14.jpg 1200w\" alt=\"\" width=\"1024\" height=\"683\" aria-describedby=\"gallery-1-115708\" \/><\/a><\/div><figcaption id=\"gallery-1-115708\" class=\"wp-caption-text gallery-caption\">Circuito Funec de Corrida de Rua<\/figcaption><\/figure>\n<figure class=\"gallery-item\">\n<div class=\"gallery-icon landscape\"><a role=\"link\" href=\"https:\/\/www.corumba.ms.gov.br\/?attachment_id=115710\"><img loading=\"lazy\" decoding=\"async\" class=\"attachment-large size-large\" src=\"https:\/\/www.corumba.ms.gov.br\/wp-content\/uploads\/2021\/08\/Foto-Rene-Marcio-Carneiro-Circuito-FUNEC-de-Corrida-de-Rua-Retomada-26-1024x706.jpg\" sizes=\"auto, (max-width: 1024px) 100vw, 1024px\" srcset=\"https:\/\/www.corumba.ms.gov.br\/wp-content\/uploads\/2021\/08\/Foto-Rene-Marcio-Carneiro-Circuito-FUNEC-de-Corrida-de-Rua-Retomada-26-1024x706.jpg 1024w, https:\/\/www.corumba.ms.gov.br\/wp-content\/uploads\/2021\/08\/Foto-Rene-Marcio-Carneiro-Circuito-FUNEC-de-Corrida-de-Rua-Retomada-26-300x207.jpg 300w, https:\/\/www.corumba.ms.gov.br\/wp-content\/uploads\/2021\/08\/Foto-Rene-Marcio-Carneiro-Circuito-FUNEC-de-Corrida-de-Rua-Retomada-26-768x529.jpg 768w, https:\/\/www.corumba.ms.gov.br\/wp-content\/uploads\/2021\/08\/Foto-Rene-Marcio-Carneiro-Circuito-FUNEC-de-Corrida-de-Rua-Retomada-26.jpg 1200w\" alt=\"\" width=\"1024\" height=\"706\" aria-describedby=\"gallery-1-115710\" \/><\/a><\/div><figcaption id=\"gallery-1-115710\" class=\"wp-caption-text gallery-caption\">Circuito Funec de Corrida de Rua<\/figcaption><\/figure>\n<figure class=\"gallery-item\">\n<div class=\"gallery-icon landscape\"><a role=\"link\" href=\"https:\/\/www.corumba.ms.gov.br\/?attachment_id=115709\"><img loading=\"lazy\" decoding=\"async\" class=\"attachment-large size-large\" src=\"https:\/\/www.corumba.ms.gov.br\/wp-content\/uploads\/2021\/08\/Foto-Rene-Marcio-Carneiro-Circuito-FUNEC-de-Corrida-de-Rua-Retomada-24-1024x683.jpg\" sizes=\"auto, (max-width: 1024px) 100vw, 1024px\" srcset=\"https:\/\/www.corumba.ms.gov.br\/wp-content\/uploads\/2021\/08\/Foto-Rene-Marcio-Carneiro-Circuito-FUNEC-de-Corrida-de-Rua-Retomada-24-1024x683.jpg 1024w, https:\/\/www.corumba.ms.gov.br\/wp-content\/uploads\/2021\/08\/Foto-Rene-Marcio-Carneiro-Circuito-FUNEC-de-Corrida-de-Rua-Retomada-24-300x200.jpg 300w, https:\/\/www.corumba.ms.gov.br\/wp-content\/uploads\/2021\/08\/Foto-Rene-Marcio-Carneiro-Circuito-FUNEC-de-Corrida-de-Rua-Retomada-24-768x512.jpg 768w, https:\/\/www.corumba.ms.gov.br\/wp-content\/uploads\/2021\/08\/Foto-Rene-Marcio-Carneiro-Circuito-FUNEC-de-Corrida-de-Rua-Retomada-24.jpg 1200w\" alt=\"\" width=\"1024\" height=\"683\" aria-describedby=\"gallery-1-115709\" \/><\/a><\/div><figcaption id=\"gallery-1-115709\" class=\"wp-caption-text gallery-caption\">Circuito Funec de Corrida de Rua<\/figcaption><\/figure>\n<figure class=\"gallery-item\">\n<div class=\"gallery-icon landscape\"><a role=\"link\" href=\"https:\/\/www.corumba.ms.gov.br\/?attachment_id=115711\"><img loading=\"lazy\" decoding=\"async\" class=\"attachment-large size-large\" src=\"https:\/\/www.corumba.ms.gov.br\/wp-content\/uploads\/2021\/08\/Foto-Rene-Marcio-Carneiro-Circuito-FUNEC-de-Corrida-de-Rua-Retomada-29-1024x683.jpg\" sizes=\"auto, (max-width: 1024px) 100vw, 1024px\" srcset=\"https:\/\/www.corumba.ms.gov.br\/wp-content\/uploads\/2021\/08\/Foto-Rene-Marcio-Carneiro-Circuito-FUNEC-de-Corrida-de-Rua-Retomada-29-1024x683.jpg 1024w, https:\/\/www.corumba.ms.gov.br\/wp-content\/uploads\/2021\/08\/Foto-Rene-Marcio-Carneiro-Circuito-FUNEC-de-Corrida-de-Rua-Retomada-29-300x200.jpg 300w, https:\/\/www.corumba.ms.gov.br\/wp-content\/uploads\/2021\/08\/Foto-Rene-Marcio-Carneiro-Circuito-FUNEC-de-Corrida-de-Rua-Retomada-29-768x512.jpg 768w, https:\/\/www.corumba.ms.gov.br\/wp-content\/uploads\/2021\/08\/Foto-Rene-Marcio-Carneiro-Circuito-FUNEC-de-Corrida-de-Rua-Retomada-29.jpg 1200w\" alt=\"\" width=\"1024\" height=\"683\" aria-describedby=\"gallery-1-115711\" \/><\/a><\/div><figcaption id=\"gallery-1-115711\" class=\"wp-caption-text gallery-caption\">Circuito Funec de Corrida de Rua<\/figcaption><\/figure>\n<figure class=\"gallery-item\">\n<div class=\"gallery-icon landscape\"><a role=\"link\" href=\"https:\/\/www.corumba.ms.gov.br\/?attachment_id=115712\"><img loading=\"lazy\" decoding=\"async\" class=\"attachment-large size-large\" src=\"https:\/\/www.corumba.ms.gov.br\/wp-content\/uploads\/2021\/08\/Foto-Rene-Marcio-Carneiro-Circuito-FUNEC-de-Corrida-de-Rua-Retomada-30-1024x683.jpg\" sizes=\"auto, (max-width: 1024px) 100vw, 1024px\" srcset=\"https:\/\/www.corumba.ms.gov.br\/wp-content\/uploads\/2021\/08\/Foto-Rene-Marcio-Carneiro-Circuito-FUNEC-de-Corrida-de-Rua-Retomada-30-1024x683.jpg 1024w, https:\/\/www.corumba.ms.gov.br\/wp-content\/uploads\/2021\/08\/Foto-Rene-Marcio-Carneiro-Circuito-FUNEC-de-Corrida-de-Rua-Retomada-30-300x200.jpg 300w, https:\/\/www.corumba.ms.gov.br\/wp-content\/uploads\/2021\/08\/Foto-Rene-Marcio-Carneiro-Circuito-FUNEC-de-Corrida-de-Rua-Retomada-30-768x512.jpg 768w, https:\/\/www.corumba.ms.gov.br\/wp-content\/uploads\/2021\/08\/Foto-Rene-Marcio-Carneiro-Circuito-FUNEC-de-Corrida-de-Rua-Retomada-30.jpg 1200w\" alt=\"\" width=\"1024\" height=\"683\" aria-describedby=\"gallery-1-115712\" \/><\/a><\/div><figcaption id=\"gallery-1-115712\" class=\"wp-caption-text gallery-caption\">Circuito Funec de Corrida de Rua<\/figcaption><\/figure>\n<figure class=\"gallery-item\">\n<div class=\"gallery-icon landscape\"><a role=\"link\" href=\"https:\/\/www.corumba.ms.gov.br\/?attachment_id=115707\"><img loading=\"lazy\" decoding=\"async\" class=\"attachment-large size-large\" src=\"https:\/\/www.corumba.ms.gov.br\/wp-content\/uploads\/2021\/08\/Foto-Rene-Marcio-Carneiro-Circuito-FUNEC-de-Corrida-de-Rua-Retomada-11-1024x706.jpg\" sizes=\"auto, (max-width: 1024px) 100vw, 1024px\" srcset=\"https:\/\/www.corumba.ms.gov.br\/wp-content\/uploads\/2021\/08\/Foto-Rene-Marcio-Carneiro-Circuito-FUNEC-de-Corrida-de-Rua-Retomada-11-1024x706.jpg 1024w, https:\/\/www.corumba.ms.gov.br\/wp-content\/uploads\/2021\/08\/Foto-Rene-Marcio-Carneiro-Circuito-FUNEC-de-Corrida-de-Rua-Retomada-11-300x207.jpg 300w, https:\/\/www.corumba.ms.gov.br\/wp-content\/uploads\/2021\/08\/Foto-Rene-Marcio-Carneiro-Circuito-FUNEC-de-Corrida-de-Rua-Retomada-11-768x529.jpg 768w, https:\/\/www.corumba.ms.gov.br\/wp-content\/uploads\/2021\/08\/Foto-Rene-Marcio-Carneiro-Circuito-FUNEC-de-Corrida-de-Rua-Retomada-11.jpg 1200w\" alt=\"\" width=\"1024\" height=\"706\" aria-describedby=\"gallery-1-115707\" \/><\/a><\/div><figcaption id=\"gallery-1-115707\" class=\"wp-caption-text gallery-caption\">Circuito Funec de Corrida de Rua<\/figcaption><\/figure>\n<figure class=\"gallery-item\">\n<div class=\"gallery-icon landscape\"><a role=\"link\" href=\"https:\/\/www.corumba.ms.gov.br\/?attachment_id=115719\"><img loading=\"lazy\" decoding=\"async\" class=\"attachment-large size-large\" src=\"https:\/\/www.corumba.ms.gov.br\/wp-content\/uploads\/2021\/08\/Foto-Rene-Marcio-Carneiro-Circuito-FUNEC-de-Corrida-de-Rua-Retomada-78-1024x683.jpg\" sizes=\"auto, (max-width: 1024px) 100vw, 1024px\" srcset=\"https:\/\/www.corumba.ms.gov.br\/wp-content\/uploads\/2021\/08\/Foto-Rene-Marcio-Carneiro-Circuito-FUNEC-de-Corrida-de-Rua-Retomada-78-1024x683.jpg 1024w, https:\/\/www.corumba.ms.gov.br\/wp-content\/uploads\/2021\/08\/Foto-Rene-Marcio-Carneiro-Circuito-FUNEC-de-Corrida-de-Rua-Retomada-78-300x200.jpg 300w, https:\/\/www.corumba.ms.gov.br\/wp-content\/uploads\/2021\/08\/Foto-Rene-Marcio-Carneiro-Circuito-FUNEC-de-Corrida-de-Rua-Retomada-78-768x512.jpg 768w, https:\/\/www.corumba.ms.gov.br\/wp-content\/uploads\/2021\/08\/Foto-Rene-Marcio-Carneiro-Circuito-FUNEC-de-Corrida-de-Rua-Retomada-78.jpg 1200w\" alt=\"\" width=\"1024\" height=\"683\" aria-describedby=\"gallery-1-115719\" \/><\/a><\/div><figcaption id=\"gallery-1-115719\" class=\"wp-caption-text gallery-caption\">Circuito Funec de Corrida de Rua<\/figcaption><\/figure>\n<figure class=\"gallery-item\">\n<div class=\"gallery-icon landscape\"><a role=\"link\" href=\"https:\/\/www.corumba.ms.gov.br\/?attachment_id=115717\"><img loading=\"lazy\" decoding=\"async\" class=\"attachment-large size-large\" src=\"https:\/\/www.corumba.ms.gov.br\/wp-content\/uploads\/2021\/08\/Foto-Rene-Marcio-Carneiro-Circuito-FUNEC-de-Corrida-de-Rua-Retomada-66-1024x683.jpg\" sizes=\"auto, (max-width: 1024px) 100vw, 1024px\" srcset=\"https:\/\/www.corumba.ms.gov.br\/wp-content\/uploads\/2021\/08\/Foto-Rene-Marcio-Carneiro-Circuito-FUNEC-de-Corrida-de-Rua-Retomada-66-1024x683.jpg 1024w, https:\/\/www.corumba.ms.gov.br\/wp-content\/uploads\/2021\/08\/Foto-Rene-Marcio-Carneiro-Circuito-FUNEC-de-Corrida-de-Rua-Retomada-66-300x200.jpg 300w, https:\/\/www.corumba.ms.gov.br\/wp-content\/uploads\/2021\/08\/Foto-Rene-Marcio-Carneiro-Circuito-FUNEC-de-Corrida-de-Rua-Retomada-66-768x512.jpg 768w, https:\/\/www.corumba.ms.gov.br\/wp-content\/uploads\/2021\/08\/Foto-Rene-Marcio-Carneiro-Circuito-FUNEC-de-Corrida-de-Rua-Retomada-66.jpg 1200w\" alt=\"\" width=\"1024\" height=\"683\" aria-describedby=\"gallery-1-115717\" \/><\/a><\/div><figcaption id=\"gallery-1-115717\" class=\"wp-caption-text gallery-caption\">Circuito Funec de Corrida de Rua<\/figcaption><\/figure>\n<figure class=\"gallery-item\">\n<div class=\"gallery-icon landscape\"><a role=\"link\" href=\"https:\/\/www.corumba.ms.gov.br\/?attachment_id=115716\"><img loading=\"lazy\" decoding=\"async\" class=\"attachment-large size-large\" src=\"https:\/\/www.corumba.ms.gov.br\/wp-content\/uploads\/2021\/08\/Foto-Rene-Marcio-Carneiro-Circuito-FUNEC-de-Corrida-de-Rua-Retomada-56-1024x683.jpg\" sizes=\"auto, (max-width: 1024px) 100vw, 1024px\" srcset=\"https:\/\/www.corumba.ms.gov.br\/wp-content\/uploads\/2021\/08\/Foto-Rene-Marcio-Carneiro-Circuito-FUNEC-de-Corrida-de-Rua-Retomada-56-1024x683.jpg 1024w, https:\/\/www.corumba.ms.gov.br\/wp-content\/uploads\/2021\/08\/Foto-Rene-Marcio-Carneiro-Circuito-FUNEC-de-Corrida-de-Rua-Retomada-56-300x200.jpg 300w, https:\/\/www.corumba.ms.gov.br\/wp-content\/uploads\/2021\/08\/Foto-Rene-Marcio-Carneiro-Circuito-FUNEC-de-Corrida-de-Rua-Retomada-56-768x512.jpg 768w, https:\/\/www.corumba.ms.gov.br\/wp-content\/uploads\/2021\/08\/Foto-Rene-Marcio-Carneiro-Circuito-FUNEC-de-Corrida-de-Rua-Retomada-56.jpg 1200w\" alt=\"\" width=\"1024\" height=\"683\" aria-describedby=\"gallery-1-115716\" \/><\/a><\/div><figcaption id=\"gallery-1-115716\" class=\"wp-caption-text gallery-caption\">Circuito Funec de Corrida de Rua<\/figcaption><\/figure>\n<figure class=\"gallery-item\">\n<div class=\"gallery-icon landscape\"><a role=\"link\" href=\"https:\/\/www.corumba.ms.gov.br\/?attachment_id=115713\"><img loading=\"lazy\" decoding=\"async\" class=\"attachment-large size-large\" src=\"https:\/\/www.corumba.ms.gov.br\/wp-content\/uploads\/2021\/08\/Foto-Rene-Marcio-Carneiro-Circuito-FUNEC-de-Corrida-de-Rua-Retomada-39-1024x706.jpg\" sizes=\"auto, (max-width: 1024px) 100vw, 1024px\" srcset=\"https:\/\/www.corumba.ms.gov.br\/wp-content\/uploads\/2021\/08\/Foto-Rene-Marcio-Carneiro-Circuito-FUNEC-de-Corrida-de-Rua-Retomada-39-1024x706.jpg 1024w, https:\/\/www.corumba.ms.gov.br\/wp-content\/uploads\/2021\/08\/Foto-Rene-Marcio-Carneiro-Circuito-FUNEC-de-Corrida-de-Rua-Retomada-39-300x207.jpg 300w, https:\/\/www.corumba.ms.gov.br\/wp-content\/uploads\/2021\/08\/Foto-Rene-Marcio-Carneiro-Circuito-FUNEC-de-Corrida-de-Rua-Retomada-39-768x529.jpg 768w, https:\/\/www.corumba.ms.gov.br\/wp-content\/uploads\/2021\/08\/Foto-Rene-Marcio-Carneiro-Circuito-FUNEC-de-Corrida-de-Rua-Retomada-39.jpg 1200w\" alt=\"\" width=\"1024\" height=\"706\" aria-describedby=\"gallery-1-115713\" \/><\/a><\/div><figcaption id=\"gallery-1-115713\" class=\"wp-caption-text gallery-caption\">Circuito Funec de Corrida de Rua<\/figcaption><\/figure>\n<figure class=\"gallery-item\">\n<div class=\"gallery-icon landscape\"><a role=\"link\" href=\"https:\/\/www.corumba.ms.gov.br\/?attachment_id=115720\"><img loading=\"lazy\" decoding=\"async\" class=\"attachment-large size-large\" src=\"https:\/\/www.corumba.ms.gov.br\/wp-content\/uploads\/2021\/08\/Foto-Rene-Marcio-Carneiro-Circuito-FUNEC-de-Corrida-de-Rua-Retomada-83-1024x683.jpg\" sizes=\"auto, (max-width: 1024px) 100vw, 1024px\" srcset=\"https:\/\/www.corumba.ms.gov.br\/wp-content\/uploads\/2021\/08\/Foto-Rene-Marcio-Carneiro-Circuito-FUNEC-de-Corrida-de-Rua-Retomada-83-1024x683.jpg 1024w, https:\/\/www.corumba.ms.gov.br\/wp-content\/uploads\/2021\/08\/Foto-Rene-Marcio-Carneiro-Circuito-FUNEC-de-Corrida-de-Rua-Retomada-83-300x200.jpg 300w, https:\/\/www.corumba.ms.gov.br\/wp-content\/uploads\/2021\/08\/Foto-Rene-Marcio-Carneiro-Circuito-FUNEC-de-Corrida-de-Rua-Retomada-83-768x512.jpg 768w, https:\/\/www.corumba.ms.gov.br\/wp-content\/uploads\/2021\/08\/Foto-Rene-Marcio-Carneiro-Circuito-FUNEC-de-Corrida-de-Rua-Retomada-83.jpg 1200w\" alt=\"\" width=\"1024\" height=\"683\" aria-describedby=\"gallery-1-115720\" \/><\/a><\/div><figcaption id=\"gallery-1-115720\" class=\"wp-caption-text gallery-caption\">Circuito Funec de Corrida de Rua<\/figcaption><\/figure>\n<figure class=\"gallery-item\">\n<div class=\"gallery-icon landscape\"><a role=\"link\" href=\"https:\/\/www.corumba.ms.gov.br\/?attachment_id=115723\"><img loading=\"lazy\" decoding=\"async\" class=\"attachment-large size-large\" src=\"https:\/\/www.corumba.ms.gov.br\/wp-content\/uploads\/2021\/08\/Foto-Rene-Marcio-Carneiro-Circuito-FUNEC-de-Corrida-de-Rua-Retomada-37-1024x706.jpg\" sizes=\"auto, (max-width: 1024px) 100vw, 1024px\" srcset=\"https:\/\/www.corumba.ms.gov.br\/wp-content\/uploads\/2021\/08\/Foto-Rene-Marcio-Carneiro-Circuito-FUNEC-de-Corrida-de-Rua-Retomada-37-1024x706.jpg 1024w, https:\/\/www.corumba.ms.gov.br\/wp-content\/uploads\/2021\/08\/Foto-Rene-Marcio-Carneiro-Circuito-FUNEC-de-Corrida-de-Rua-Retomada-37-300x207.jpg 300w, https:\/\/www.corumba.ms.gov.br\/wp-content\/uploads\/2021\/08\/Foto-Rene-Marcio-Carneiro-Circuito-FUNEC-de-Corrida-de-Rua-Retomada-37-768x529.jpg 768w, https:\/\/www.corumba.ms.gov.br\/wp-content\/uploads\/2021\/08\/Foto-Rene-Marcio-Carneiro-Circuito-FUNEC-de-Corrida-de-Rua-Retomada-37.jpg 1200w\" alt=\"\" width=\"1024\" height=\"706\" aria-describedby=\"gallery-1-115723\" \/><\/a><\/div><figcaption id=\"gallery-1-115723\" class=\"wp-caption-text gallery-caption\">Circuito Funec de Corrida de Rua<\/figcaption><\/figure>\n<\/div>\n","protected":false},"excerpt":{"rendered":"<p>As vit\u00f3rias de Rosinha Concei\u00e7\u00e3o e Andr\u00e9 Rodrigues do Nascimento \u2013 nos 10 km feminino&#8230;<\/p>\n","protected":false},"author":70,"featured_media":11717033,"comment_status":"closed","ping_status":"closed","sticky":false,"template":"","format":"standard","meta":{"footnotes":""},"categories":[8,11],"tags":[],"class_list":["post-11717031","post","type-post","status-publish","format-standard","has-post-thumbnail","hentry","category-destaque","category-esporte"],"_links":{"self":[{"href":"https:\/\/www.corumbaonline.com.br\/news\/wp-json\/wp\/v2\/posts\/11717031","targetHints":{"allow":["GET"]}}],"collection":[{"href":"https:\/\/www.corumbaonline.com.br\/news\/wp-json\/wp\/v2\/posts"}],"about":[{"href":"https:\/\/www.corumbaonline.com.br\/news\/wp-json\/wp\/v2\/types\/post"}],"author":[{"embeddable":true,"href":"https:\/\/www.corumbaonline.com.br\/news\/wp-json\/wp\/v2\/users\/70"}],"replies":[{"embeddable":true,"href":"https:\/\/www.corumbaonline.com.br\/news\/wp-json\/wp\/v2\/comments?post=11717031"}],"version-history":[{"count":1,"href":"https:\/\/www.corumbaonline.com.br\/news\/wp-json\/wp\/v2\/posts\/11717031\/revisions"}],"predecessor-version":[{"id":11717034,"href":"https:\/\/www.corumbaonline.com.br\/news\/wp-json\/wp\/v2\/posts\/11717031\/revisions\/11717034"}],"wp:featuredmedia":[{"embeddable":true,"href":"https:\/\/www.corumbaonline.com.br\/news\/wp-json\/wp\/v2\/media\/11717033"}],"wp:attachment":[{"href":"https:\/\/www.corumbaonline.com.br\/news\/wp-json\/wp\/v2\/media?parent=11717031"}],"wp:term":[{"taxonomy":"category","embeddable":true,"href":"https:\/\/www.corumbaonline.com.br\/news\/wp-json\/wp\/v2\/categories?post=11717031"},{"taxonomy":"post_tag","embeddable":true,"href":"https:\/\/www.corumbaonline.com.br\/news\/wp-json\/wp\/v2\/tags?post=11717031"}],"curies":[{"name":"wp","href":"https:\/\/api.w.org\/{rel}","templated":true}]}}