{"id":11717283,"date":"2021-08-09T10:56:00","date_gmt":"2021-08-09T14:56:00","guid":{"rendered":"http:\/\/www.corumbaonline.com.br\/news\/?p=11717283"},"modified":"2021-08-09T12:08:10","modified_gmt":"2021-08-09T16:08:10","slug":"com-recursos-do-fic-coxim-tera-encontro-de-comitivas-pantaneiras-em-agosto","status":"publish","type":"post","link":"https:\/\/www.corumbaonline.com.br\/news\/com-recursos-do-fic-coxim-tera-encontro-de-comitivas-pantaneiras-em-agosto\/","title":{"rendered":"Com recursos do FIC, Coxim ter\u00e1 Encontro de Comitivas Pantaneiras em agosto"},"content":{"rendered":"<p data-uw-styling-context=\"true\">O projeto, financiado pelo FIC (Fundo de Investimentos Culturais da Funda\u00e7\u00e3o de Cultura de Mato Grosso do Sul), foi contemplado atrav\u00e9s do Edital 01\/2019, por\u00e9m, com a paralisa\u00e7\u00e3o devido \u00e0 pandemia Covid-19, passou por uma reformula\u00e7\u00e3o para atender aos protocolos de biosseguran\u00e7a e as restri\u00e7\u00f5es sanit\u00e1rias impostas para conter a dissemina\u00e7\u00e3o do v\u00edrus.<\/p>\n<p data-uw-styling-context=\"true\">O proponente do projeto, o artes\u00e3o e pequeno empreendedor pantaneiro, J\u00falio Pipoca, diz que o objetivo \u00e9 realizar uma manifesta\u00e7\u00e3o cultural festiva onde ser\u00e3o celebrados os costumes e tradi\u00e7\u00f5es das Comitivas Pantaneiras da regi\u00e3o de Coxim.<\/p>\n<p data-uw-styling-context=\"true\">\u201cA Comitiva Pantaneira \u00e9 a tradi\u00e7\u00e3o do homem pantaneiro, e \u00e9 muita coisa que envolve e formam a nossa cultura. A hist\u00f3ria do homem pantaneiro \u00e9 o modo de falar, os causos, a culin\u00e1ria t\u00edpica, o tocar do berrante, as bruacas de carga, a trempe, os arreios diversos, os ritmos regionais, a indument\u00e1ria pantaneira e um monte de coisas mais. Tudo isso vai ser exposto no encontro\u201d.<\/p>\n<p data-uw-styling-context=\"true\">A programa\u00e7\u00e3o do evento, al\u00e9m do preparo da culin\u00e1ria t\u00edpica pantaneira tamb\u00e9m ter\u00e1 apresenta\u00e7\u00f5es culturais referentes a cultura pantaneira.<\/p>\n<p data-uw-styling-context=\"true\"><a href=\"http:\/\/www.ms.gov.br\/wp-content\/uploads\/sites\/150\/2021\/08\/Banner_070-m-x-100-m_page-0001.jpg\"><img loading=\"lazy\" decoding=\"async\" class=\"alignnone wp-image-363340 size-large\" src=\"http:\/\/www.ms.gov.br\/wp-content\/uploads\/sites\/150\/2021\/08\/Banner_070-m-x-100-m_page-0001-717x1024.jpg\" sizes=\"auto, (max-width: 717px) 100vw, 717px\" srcset=\"http:\/\/www.ms.gov.br\/wp-content\/uploads\/sites\/150\/2021\/08\/Banner_070-m-x-100-m_page-0001-717x1024.jpg 717w, http:\/\/www.ms.gov.br\/wp-content\/uploads\/sites\/150\/2021\/08\/Banner_070-m-x-100-m_page-0001-210x300.jpg 210w, http:\/\/www.ms.gov.br\/wp-content\/uploads\/sites\/150\/2021\/08\/Banner_070-m-x-100-m_page-0001-768x1097.jpg 768w, http:\/\/www.ms.gov.br\/wp-content\/uploads\/sites\/150\/2021\/08\/Banner_070-m-x-100-m_page-0001-168x240.jpg 168w\" alt=\"\" width=\"717\" height=\"1024\" \/><\/a>Para Ariel Albrecht, elaborador da proposta, o projeto \u00e9 fruto do trabalho conjunto entre o SEBRAE\/MS e o Governo do Estado de Mato Grosso do Sul, \u201cque v\u00eam fomentando a\u00e7\u00f5es e projetos de incentivo a promo\u00e7\u00e3o da cultura pantaneira como fator de gera\u00e7\u00e3o de emprego e renda, e, que atrav\u00e9s do conceito de economia criativa, tem promovido o desenvolvimento sustent\u00e1vel nos munic\u00edpios de Mato Grosso do Sul e no Pantanal\u201d.<\/p>\n<p data-uw-styling-context=\"true\">De acordo com Albrecht, a pandemia afetou mais severamente os segmentos da cultura e do turismo, e projetos como este s\u00e3o de fundamental import\u00e2ncia para a retomada destes setores nos munic\u00edpios da regi\u00e3o, com gera\u00e7\u00e3o de volume de neg\u00f3cios, emprego e renda para as comunidades locais.<\/p>\n<p data-uw-styling-context=\"true\">O evento ser\u00e1 realizado de 21 de agosto a 26 de setembro, apenas aos s\u00e1bados e domingos, das 17h \u00e0s 20h, na pra\u00e7a da antiga concha-ac\u00fastica de Coxim.<\/p>\n<p data-uw-styling-context=\"true\">O projeto tamb\u00e9m conta com apoio da Ger\u00eancia Municipal de Turismo de Coxim, atrav\u00e9s da Secretaria Municipal de Desenvolvimento Sustent\u00e1vel da Prefeitura de Coxim.<\/p>\n","protected":false},"excerpt":{"rendered":"<p>O projeto, financiado pelo FIC (Fundo de Investimentos Culturais da Funda\u00e7\u00e3o de Cultura de Mato&#8230;<\/p>\n","protected":false},"author":13,"featured_media":0,"comment_status":"closed","ping_status":"closed","sticky":false,"template":"","format":"standard","meta":{"footnotes":""},"categories":[7],"tags":[],"class_list":["post-11717283","post","type-post","status-publish","format-standard","hentry","category-cultura"],"_links":{"self":[{"href":"https:\/\/www.corumbaonline.com.br\/news\/wp-json\/wp\/v2\/posts\/11717283","targetHints":{"allow":["GET"]}}],"collection":[{"href":"https:\/\/www.corumbaonline.com.br\/news\/wp-json\/wp\/v2\/posts"}],"about":[{"href":"https:\/\/www.corumbaonline.com.br\/news\/wp-json\/wp\/v2\/types\/post"}],"author":[{"embeddable":true,"href":"https:\/\/www.corumbaonline.com.br\/news\/wp-json\/wp\/v2\/users\/13"}],"replies":[{"embeddable":true,"href":"https:\/\/www.corumbaonline.com.br\/news\/wp-json\/wp\/v2\/comments?post=11717283"}],"version-history":[{"count":1,"href":"https:\/\/www.corumbaonline.com.br\/news\/wp-json\/wp\/v2\/posts\/11717283\/revisions"}],"predecessor-version":[{"id":11717284,"href":"https:\/\/www.corumbaonline.com.br\/news\/wp-json\/wp\/v2\/posts\/11717283\/revisions\/11717284"}],"wp:attachment":[{"href":"https:\/\/www.corumbaonline.com.br\/news\/wp-json\/wp\/v2\/media?parent=11717283"}],"wp:term":[{"taxonomy":"category","embeddable":true,"href":"https:\/\/www.corumbaonline.com.br\/news\/wp-json\/wp\/v2\/categories?post=11717283"},{"taxonomy":"post_tag","embeddable":true,"href":"https:\/\/www.corumbaonline.com.br\/news\/wp-json\/wp\/v2\/tags?post=11717283"}],"curies":[{"name":"wp","href":"https:\/\/api.w.org\/{rel}","templated":true}]}}