{"id":11717300,"date":"2021-08-11T08:12:00","date_gmt":"2021-08-11T12:12:00","guid":{"rendered":"http:\/\/www.corumbaonline.com.br\/news\/?p=11717300"},"modified":"2021-08-11T07:50:21","modified_gmt":"2021-08-11T11:50:21","slug":"alms-pautadas-quatro-materias-para-votacao-na-ordem-do-dia-desta-quarta-feira","status":"publish","type":"post","link":"https:\/\/www.corumbaonline.com.br\/news\/alms-pautadas-quatro-materias-para-votacao-na-ordem-do-dia-desta-quarta-feira\/","title":{"rendered":"ALMS: pautadas quatro mat\u00e9rias para vota\u00e7\u00e3o na Ordem do Dia desta quarta-feira"},"content":{"rendered":"<p>Os deputados estaduais da Assembleia Legislativa de Mato Grosso do Sul (ALEMS) devem apreciar, na Ordem do Dia desta quarta-feira (11), quatro projetos de lei. A vota\u00e7\u00e3o das mat\u00e9rias acontece a partir do Plen\u00e1rio Deputado J\u00falio Maia e pode ser acompanhada ao vivo nos canais oficiais de comunica\u00e7\u00e3o da Casa de Leis &#8211; canal 9 da Claro\u00a0Net TV,\u00a0<a href=\"https:\/\/al.ms.gov.br\/TvAssembleia\" target=\"_blank\" rel=\"noopener\">TV ALEMS<\/a>,\u00a0<a href=\"https:\/\/www.youtube.com\/c\/assembleialegislativadems\" target=\"_blank\" rel=\"noopener\">Youtube<\/a>,\u00a0<a href=\"https:\/\/www.facebook.com\/assembleiams\" target=\"_blank\" rel=\"noopener\">Facebook<\/a>,\u00a0<a href=\"https:\/\/al.ms.gov.br\/RadioAssembleia\/Audios?idMenu=601\" target=\"_blank\" rel=\"noopener\">R\u00e1dio ALEMS<\/a>\u00a0e aplicativo Assembleia MS &#8211; (<a href=\"https:\/\/play.google.com\/store\/apps\/details?id=br.com.app.gpu1553513.gpu40f07c507865e03ef66422c7404ba120&amp;hl=pt_BR\" target=\"_blank\" rel=\"noopener\">Android<\/a>\/<a href=\"https:\/\/apps.apple.com\/br\/app\/assembleia-legislativa-do-ms\/id1185708415\" target=\"_blank\" rel=\"noopener\">iOS<\/a>).<\/p>\n<p><strong>Discuss\u00e3o \u00fanica<\/strong><\/p>\n<p>O\u00a0<a href=\"https:\/\/sgpl.consulta.al.ms.gov.br\/sgpl-publico\/#\/linha-tempo?idProposicao=135716\" target=\"_blank\" rel=\"noopener\">Projeto de Lei 200\/2021<\/a>, do deputado Capit\u00e3o Contar (PSL), denomina Lei Michel Maruyama a\u00a0<a href=\"http:\/\/aacpdappls.net.ms.gov.br\/appls\/legislacao\/secoge\/govato.nsf\/1b758e65922af3e904256b220050342a\/59426d19689db4d304257f77004a9e42?OpenDocument&amp;Highlight=0,4.827\" target=\"_blank\" rel=\"noopener\">Lei 4.827<\/a>, de 10 de mar\u00e7o de 2016, que disp\u00f5e sobre a isen\u00e7\u00e3o do pagamento de taxas de inscri\u00e7\u00e3o em concursos p\u00fablicos ao doador de medula \u00f3ssea. O parecer da Comiss\u00e3o de Constitui\u00e7\u00e3o, Justi\u00e7a e Reda\u00e7\u00e3o (CCJR) foi favor\u00e1vel \u00e0 tramita\u00e7\u00e3o da proposta.<\/p>\n<p><strong>2\u00aa discuss\u00e3o<\/strong><\/p>\n<p>Apresentado pelo deputado Ant\u00f4nio Vaz (Republicanos), o\u00a0<a href=\"https:\/\/sgpl.consulta.al.ms.gov.br\/sgpl-publico\/#\/linha-tempo?idProposicao=91019\" target=\"_blank\" rel=\"noopener\">Projeto de Lei 203\/2020<\/a>\u00a0institui em Mato Grosso do Sul a Pol\u00edtica Estadual de Incentivo \u00e0 Perman\u00eancia de Jovens e Adultos no Meio Rural por meio da qualifica\u00e7\u00e3o da Oferta Educacional. O documento conta com pareceres favor\u00e1veis da Comiss\u00e3o de Educa\u00e7\u00e3o, Cultura, Desporto, Ci\u00eancia e Tecnologia e da Comiss\u00e3o de Agricultura, Pecu\u00e1ria e Pol\u00edticas Rural Agr\u00e1ria e Pesqueira.<\/p>\n<p><strong>1\u00aa discuss\u00e3o<\/strong><\/p>\n<p>O\u00a0<a href=\"https:\/\/sgpl.consulta.al.ms.gov.br\/sgpl-publico\/#\/linha-tempo?idProposicao=135017\" target=\"_blank\" rel=\"noopener\">Projeto de Lei 161\/2021<\/a>\u00a0veda aos planos de sa\u00fade a limita\u00e7\u00e3o de consultas e sess\u00f5es de fisioterapia, fonoaudiologia, terapia ocupacional e psicoterapia no tratamento das pessoas com Transtorno do Espectro Autista (TEA) no Estado. A proposta do deputado Lucas de Lima (Solidariedade) obteve parecer favor\u00e1vel por unanimidade da CCJR.<\/p>\n<p>De autoria do deputado Eduardo Rocha (MDB), o\u00a0<a href=\"https:\/\/sgpl.consulta.al.ms.gov.br\/sgpl-publico\/#\/linha-tempo?idProposicao=135724\" target=\"_blank\" rel=\"noopener\">Projeto de Lei 195\/2021<\/a>\u00a0disp\u00f5e sobre a inclus\u00e3o do Dia Estadual de Conscientiza\u00e7\u00e3o da Esclerodermia no Calend\u00e1rio Oficial de Eventos de Mato Grosso do Sul. A CCJR tamb\u00e9m emitiu parecer favor\u00e1vel ao projeto.<\/p>\n","protected":false},"excerpt":{"rendered":"<p>Os deputados estaduais da Assembleia Legislativa de Mato Grosso do Sul (ALEMS) devem apreciar, na&#8230;<\/p>\n","protected":false},"author":12,"featured_media":0,"comment_status":"closed","ping_status":"closed","sticky":false,"template":"","format":"standard","meta":{"footnotes":""},"categories":[19],"tags":[],"class_list":["post-11717300","post","type-post","status-publish","format-standard","hentry","category-politica"],"_links":{"self":[{"href":"https:\/\/www.corumbaonline.com.br\/news\/wp-json\/wp\/v2\/posts\/11717300","targetHints":{"allow":["GET"]}}],"collection":[{"href":"https:\/\/www.corumbaonline.com.br\/news\/wp-json\/wp\/v2\/posts"}],"about":[{"href":"https:\/\/www.corumbaonline.com.br\/news\/wp-json\/wp\/v2\/types\/post"}],"author":[{"embeddable":true,"href":"https:\/\/www.corumbaonline.com.br\/news\/wp-json\/wp\/v2\/users\/12"}],"replies":[{"embeddable":true,"href":"https:\/\/www.corumbaonline.com.br\/news\/wp-json\/wp\/v2\/comments?post=11717300"}],"version-history":[{"count":1,"href":"https:\/\/www.corumbaonline.com.br\/news\/wp-json\/wp\/v2\/posts\/11717300\/revisions"}],"predecessor-version":[{"id":11717301,"href":"https:\/\/www.corumbaonline.com.br\/news\/wp-json\/wp\/v2\/posts\/11717300\/revisions\/11717301"}],"wp:attachment":[{"href":"https:\/\/www.corumbaonline.com.br\/news\/wp-json\/wp\/v2\/media?parent=11717300"}],"wp:term":[{"taxonomy":"category","embeddable":true,"href":"https:\/\/www.corumbaonline.com.br\/news\/wp-json\/wp\/v2\/categories?post=11717300"},{"taxonomy":"post_tag","embeddable":true,"href":"https:\/\/www.corumbaonline.com.br\/news\/wp-json\/wp\/v2\/tags?post=11717300"}],"curies":[{"name":"wp","href":"https:\/\/api.w.org\/{rel}","templated":true}]}}