{"id":11717302,"date":"2021-08-11T08:21:00","date_gmt":"2021-08-11T12:21:00","guid":{"rendered":"http:\/\/www.corumbaonline.com.br\/news\/?p=11717302"},"modified":"2021-08-11T07:52:40","modified_gmt":"2021-08-11T11:52:40","slug":"pec-do-voto-impresso-e-rejeitada-pelo-plenario-da-camara","status":"publish","type":"post","link":"https:\/\/www.corumbaonline.com.br\/news\/pec-do-voto-impresso-e-rejeitada-pelo-plenario-da-camara\/","title":{"rendered":"PEC do voto impresso \u00e9 rejeitada pelo plen\u00e1rio da C\u00e2mara"},"content":{"rendered":"<p>A\u00a0Proposta de Emenda \u00e0 Constitui\u00e7\u00e3o (PEC) que institu\u00eda o\u00a0<strong>voto impresso\u00a0<\/strong>nas elei\u00e7\u00f5es brasileiras foi\u00a0<strong>rejeitada\u00a0<\/strong>pelo plen\u00e1rio da C\u00e2mara dos Deputados em sess\u00e3o na noite desta ter\u00e7a-feira, 10.<\/p>\n<p>A mat\u00e9ria obteve apenas\u00a0<strong>229 votos favor\u00e1veis<\/strong>, sendo que eram necess\u00e1rios\u00a0308 votos dos deputados para que a proposta seguisse o rito.<\/p>\n<p class=\"text\">A decis\u00e3o do plen\u00e1rio da C\u00e2mara representa mais uma derrota\u00a0para o governo de\u00a0<strong>Jair Bolsonaro<\/strong>, uma vez que o voto impresso \u00e9 uma das principais bandeiras do atual chefe do Executivo.<\/p>\n<p class=\"text\">Outros 218 parlamentares votaram contra a mat\u00e9ria e um deputado se absteve, totalizando 448 votos na sess\u00e3o.<\/p>\n<p class=\"text\">O texto, de autoria da deputada bolsonarista\u00a0<strong>Bia Kicis<\/strong>\u00a0(PSL-DF),\u00a0<strong>ser\u00e1 arquivado<\/strong>.<\/p>\n<p class=\"text\"><strong>Desfile militar<\/strong><\/p>\n<p class=\"text\">A ado\u00e7\u00e3o da impress\u00e3o do voto eletr\u00f4nico foi rejeitada at\u00e9 mesmo por deputados que fazem parte da\u00a0base do governo Bolsonaro no Congresso.<\/p>\n<p class=\"text\">O desfile de blindados do Corpo de Fuzileiros Navais na Esplanada dos Minist\u00e9rios nesta manh\u00e3 s\u00f3 piorou o cen\u00e1rio. Ao contr\u00e1rio do que o governo esperava, o\u00a0<strong>movimento foi interpretado como uma afronta ao Legislativo\u00a0<\/strong>e apenas serviu para aumentar a quantidade de parlamentares contr\u00e1rios ao texto.<\/p>\n<p class=\"text\">No Senado, tamb\u00e9m houve resposta, com a\u00a0<a href=\"https:\/\/www.terra.com.br\/noticias\/brasil\/politica\/senado-aprova-texto-que-revoga-lei-de-seguranca-nacional,2b1db6c7a53332faaea8f321b0386626ta6fw4dp.html\" target=\"_blank\" rel=\"noopener\"><strong>aprova\u00e7\u00e3o do projeto que revoga a Lei de Seguran\u00e7a Nacional<\/strong><\/a>\u00a0(LSN), legisla\u00e7\u00e3o da \u00e9poca da ditadura militar que vem sendo usada pelo governo para perseguir e processar cr\u00edticos.<\/p>\n<p class=\"text\"><strong>Discuss\u00e3o na vota\u00e7\u00e3o<\/strong><\/p>\n<p class=\"text\">Diante da iminente derrota,\u00a0<strong>parlamentares do PSL tentaram adiar a vota\u00e7\u00e3o<\/strong>, mas todos os partidos se posicionaram a favor de apreciar o texto imediatamente.<\/p>\n<p class=\"text\">O\u00a0presidente da Casa,<strong>\u00a0Arthur Lira\u00a0<\/strong>(PP-AL), no entanto, manteve o voto impresso na pauta. &#8220;Esse tema n\u00e3o h\u00e1 de se ter vencedores nem vencidos. Fa\u00e7o um apelo para que tenhamos um debate de alto n\u00edvel&#8221;, disse.<\/p>\n<p class=\"text\">O PSL chegou a apelar a um\u00a0<strong>requerimento de adiamento da vota\u00e7\u00e3o<\/strong>, mas uma mudan\u00e7a do regimento interno da Casa aprovada neste ano reduziu os instrumentos do chamado &#8216;kit-obstru\u00e7\u00e3o&#8217;. A altera\u00e7\u00e3o &#8211; t\u00e3o criticada pelos parlamentares de oposi\u00e7\u00e3o, para quem as discuss\u00f5es seriam atropeladas e as vota\u00e7\u00f5es de temas pol\u00eamicos seriam feitas a jato &#8211; acabou, pela primeira vez, se virando contra o pr\u00f3prio governo.<\/p>\n<p class=\"text\">Mesmo com a derrota do voto impresso, Lira sinalizou um\u00a0<strong>acordo entre Poderes para aumentar a auditagem das urnas<\/strong>. Ele, reiterou, no entanto, confiar no sistema atual e ressaltou que todos os parlamentares foram eleitos pelo sistema eletr\u00f4nico.<\/p>\n<p class=\"text\"><strong>Como orientaram os partidos<\/strong><\/p>\n<p class=\"text\">O PSD, PL, PSDB, PT, PSB, PDT, Solidariedade, DEM, PSOL, Avante, PCdoB, Cidadania, PV, Rede, Oposi\u00e7\u00e3o e Minoria\u00a0<strong>orientaram contra a PEC<\/strong>. PSL, Republicanos, Governo e Maioria\u00a0<strong>orientaram a favor do texto<\/strong>. Progressistas, PSC, Pros, PTB, Novo e Patriota\u00a0<strong>liberaram a bancada para votar como quiser<\/strong>.<\/p>\n<p class=\"text\"><strong>Trajet\u00f3ria at\u00e9 o plen\u00e1rio<\/strong><\/p>\n<p class=\"text\">Rejeitada em comiss\u00e3o especial que analisou seu m\u00e9rito, a\u00a0<strong>PEC foi levada ao plen\u00e1rio pelo presidente da Casa<\/strong>,<strong>\u00a0<\/strong>Arthur Lira, sob o pretexto de encerrar a discuss\u00e3o de uma vez por todas.<\/p>\n<p class=\"text\">A proposta vem sendo defendida pelo presidente Jair Bolsonaro e aliados. Em uma de suas v\u00e1ria defesas do que chamou de &#8216;voto audit\u00e1vel&#8217;\u00a0&#8211; o atual sistema j\u00e1 \u00e9 audit\u00e1vel e o que o presidente e seus aliados defendem \u00e9 a impress\u00e3o do voto &#8211; Bolsonaro chegou a dizer que\u00a0<strong>n\u00e3o aceitaria o resultado das pr\u00f3ximas elei\u00e7\u00f5es<\/strong>\u00a0caso considere que elas n\u00e3o tenham ocorrido de maneira &#8220;limpa&#8221;.<\/p>\n<p class=\"text\">Tamb\u00e9m elegeu como alvo favorito o presidente do Tribunal Superior Eleitoral (TSE),\u00a0<strong>Lu\u00eds Roberto Barroso<\/strong>, a quem fez ataques pessoais e acusou de interfer\u00eancia indevida no processo legislativo. Barroso, que reafirma publicamente a seguran\u00e7a do atual sistema e a inviolabilidade das urnas eletr\u00f4nicas, posicionou-se contra a PEC em audi\u00eancias com parlamentares.<\/p>\n<p class=\"text\"><em>* Com informa\u00e7\u00f5es do Estad\u00e3o Conte\u00fado e Reuters<\/em><\/p>\n","protected":false},"excerpt":{"rendered":"<p>A\u00a0Proposta de Emenda \u00e0 Constitui\u00e7\u00e3o (PEC) que institu\u00eda o\u00a0voto impresso\u00a0nas elei\u00e7\u00f5es brasileiras foi\u00a0rejeitada\u00a0pelo plen\u00e1rio da&#8230;<\/p>\n","protected":false},"author":11,"featured_media":0,"comment_status":"closed","ping_status":"closed","sticky":false,"template":"","format":"standard","meta":{"footnotes":""},"categories":[19],"tags":[],"class_list":["post-11717302","post","type-post","status-publish","format-standard","hentry","category-politica"],"_links":{"self":[{"href":"https:\/\/www.corumbaonline.com.br\/news\/wp-json\/wp\/v2\/posts\/11717302","targetHints":{"allow":["GET"]}}],"collection":[{"href":"https:\/\/www.corumbaonline.com.br\/news\/wp-json\/wp\/v2\/posts"}],"about":[{"href":"https:\/\/www.corumbaonline.com.br\/news\/wp-json\/wp\/v2\/types\/post"}],"author":[{"embeddable":true,"href":"https:\/\/www.corumbaonline.com.br\/news\/wp-json\/wp\/v2\/users\/11"}],"replies":[{"embeddable":true,"href":"https:\/\/www.corumbaonline.com.br\/news\/wp-json\/wp\/v2\/comments?post=11717302"}],"version-history":[{"count":1,"href":"https:\/\/www.corumbaonline.com.br\/news\/wp-json\/wp\/v2\/posts\/11717302\/revisions"}],"predecessor-version":[{"id":11717303,"href":"https:\/\/www.corumbaonline.com.br\/news\/wp-json\/wp\/v2\/posts\/11717302\/revisions\/11717303"}],"wp:attachment":[{"href":"https:\/\/www.corumbaonline.com.br\/news\/wp-json\/wp\/v2\/media?parent=11717302"}],"wp:term":[{"taxonomy":"category","embeddable":true,"href":"https:\/\/www.corumbaonline.com.br\/news\/wp-json\/wp\/v2\/categories?post=11717302"},{"taxonomy":"post_tag","embeddable":true,"href":"https:\/\/www.corumbaonline.com.br\/news\/wp-json\/wp\/v2\/tags?post=11717302"}],"curies":[{"name":"wp","href":"https:\/\/api.w.org\/{rel}","templated":true}]}}