{"id":11717314,"date":"2021-08-11T09:11:00","date_gmt":"2021-08-11T13:11:00","guid":{"rendered":"http:\/\/www.corumbaonline.com.br\/news\/?p=11717314"},"modified":"2021-08-11T09:07:10","modified_gmt":"2021-08-11T13:07:10","slug":"em-porto-esperanca-prefeito-destaca-acoes-do-estado-em-corumba-e-reforca-parceria-com-governador","status":"publish","type":"post","link":"https:\/\/www.corumbaonline.com.br\/news\/em-porto-esperanca-prefeito-destaca-acoes-do-estado-em-corumba-e-reforca-parceria-com-governador\/","title":{"rendered":"Em Porto Esperan\u00e7a, prefeito destaca a\u00e7\u00f5es do Estado em Corumb\u00e1 e refor\u00e7a parceria com governador"},"content":{"rendered":"<p>O prefeito Marcelo Iunes acompanhou o governador Reinaldo Azambuja na inaugura\u00e7\u00e3o da Esta\u00e7\u00e3o de Tratamento de \u00c1gua (ETA) no distrito de Porto Esperan\u00e7a \u2013 distante cerca de 80 km da \u00e1rea urbana de Corumb\u00e1 \u2013 e na libera\u00e7\u00e3o da ordem de servi\u00e7o, para in\u00edcio imediato, da constru\u00e7\u00e3o de uma nova estrada, com 11,233 quil\u00f4metros de extens\u00e3o que vai dar acesso rodovi\u00e1rio aquele distrito, a partir da BR-262. O evento aconteceu na tarde desta ter\u00e7a-feira, 10 de agosto.<\/p>\n<p>Para Iunes, a estrada \u2013 que vai ser de revestimento prim\u00e1rio \u2013 e ETA tornam realidade um anseio antigo dos moradores do distrito. O prefeito de Corumb\u00e1 destacou que as obras hoje lan\u00e7adas e inauguradas s\u00e3o fruto da parceria da Administra\u00e7\u00e3o Municipal com o Governo do Estado.<\/p>\n<p>\u201cAgrade\u00e7o ao governador Reinaldo Azambuja, que \u00e9 um grande parceiro de Corumb\u00e1 sempre preocupado com bem-estar e qualidade de vida da nossa popula\u00e7\u00e3o. Estamos recebendo diversas obras do governador em nossa cidade. A Esta\u00e7\u00e3o de Tratamento de \u00c1gua \u00e9 um pedido que a Prefeitura fez na renova\u00e7\u00e3o da concess\u00e3o da Sanesul por 30 anos. Colocamos esse compromisso da ETA para a renova\u00e7\u00e3o do contrato; assim como a Esta\u00e7\u00e3o de Albuquerque e diversas a\u00e7\u00f5es de infraestrutura de \u00e1gua e esgoto em Corumb\u00e1. Parabenizo a Sanesul pela obra e agrade\u00e7o ao governador pelo empenho na concretiza\u00e7\u00e3o dessas obras e pela parceria que a gente tem\u201d, afirmou Marcelo Iunes.<\/p>\n<p>\u201cEstou muito feliz, agrade\u00e7o em nome da popula\u00e7\u00e3o de Corumb\u00e1 pelas obras aqui em Porto Esperan\u00e7a e por tudo o que o senhor est\u00e1 fazendo por Corumb\u00e1. Se Deus quiser, no final do ano vamos entregar o Pronto-Socorro, o Centro Obst\u00e9trico da Maternidade, a nova entrada e parte administrativa do hospital, mais 30 novos leitos. Vamos ter mais 14 quadras no entorno do hospital que v\u00e3o ser trocadas lajotas por pavimenta\u00e7\u00e3o asf\u00e1ltica, encaminhei o projeto para o governador Reinaldo Azambuja que autorizou e vai dar ordem de servi\u00e7o para trocar por asfalto novo. Obrigado governador pela parceria e tamb\u00e9m quero agradecer ao secret\u00e1rio Eduardo Riedel (Estadual de Infraestrutura) \u2013 presente ao evento -, que sempre foi parceiro na Secretaria de Governo e agora \u00e9 ainda mais parceiro de Corumb\u00e1\u201d, completou Marcelo Iunes.<\/p>\n<p>Ao assinar a ordem de servi\u00e7o para in\u00edcio imediato da implanta\u00e7\u00e3o da estrada, o governador antecipou a constru\u00e7\u00e3o de duas pontes no local. \u201cMais do isso v\u00e3o ter duas pontes, uma de 80 metros e outra de 70 metros. A obra total vai ter investimento de quase R$ 22 milh\u00f5es na rodovia; as duas pontes v\u00e3o custar R$ 7 milh\u00f5es\u201d, disse Azambuja.<\/p>\n<p>A estrada de revestimento prim\u00e1rio a ser implantada ter\u00e1 um novo tra\u00e7ado em rela\u00e7\u00e3o a um acesso aberto pelos pr\u00f3prios moradores, pr\u00f3ximo ao rio, intransit\u00e1vel quando ocorre cheia no Pantanal. O governador pediu aos empreiteiros que antecipem o prazo de conclus\u00e3o, de um ano.<\/p>\n<p>Reinaldo Azambuja disse ser motivo de alegria levar \u00e1gua tratada para uma comunidade com mais de 100 anos vivendo no local. \u201cEu sempre cobrava e questionava, como uma comunidade com mais de 100 anos n\u00e3o ter \u00e1gua pot\u00e1vel pra beber, uma dificuldade. O secret\u00e1rio Municipal de Desenvolvimento Econ\u00f4mico e Sustent\u00e1vel, C\u00e1ssio Augusto da Costa Marques, o assessor-executivo, Elbio Mendon\u00e7a, e o presidente da C\u00e2mara Municipal, Roberto Fa\u00e7anha, acompanharam a cerim\u00f4nia.<\/p>\n<p><strong>A estrada e a ETA<\/strong><\/p>\n<p>Com extens\u00e3o de 11,233 quil\u00f4metros, partindo do distrito at\u00e9 o trevo da BR-262, a obra de R$ 13,276 milh\u00f5es ser\u00e1 feita com recursos do Governo do Estado. A dura\u00e7\u00e3o prevista pelo Estado \u00e9 de 365 dias.<\/p>\n<p>As obras do Sistema de Abastecimento de \u00c1gua foram projetadas especificamente para Porto Esperan\u00e7a. Devido \u00e0s caracter\u00edsticas do distrito, a capta\u00e7\u00e3o de \u00e1gua n\u00e3o \u00e9 feita por meio de po\u00e7os. Por isso, a Sanesul projetou e executou um sistema de capta\u00e7\u00e3o no rio Paraguai, com laborat\u00f3rio, casa qu\u00edmica, e toda a infraestrutura de tratamento que garante a qualidade da \u00e1gua ofertada aos moradores. O valor desse investimento foi de R$ 739.897,79.<\/p>\n<div id=\"gallery-1\" class=\"gallery galleryid-116275 gallery-columns-3 gallery-size-thumbnail\">\n<figure class=\"gallery-item\">\n<div class=\"gallery-icon landscape\"><a role=\"link\" href=\"https:\/\/www.corumba.ms.gov.br\/?attachment_id=116270\"><img loading=\"lazy\" decoding=\"async\" class=\"attachment-thumbnail size-thumbnail\" src=\"https:\/\/www.corumba.ms.gov.br\/wp-content\/uploads\/2021\/08\/Foto-Rene-Marcio-Carneiro-Inauguracao-da-Estacao-de-Tratamento-em-Porto-Esperanca-93-150x150.jpg\" alt=\"\" width=\"150\" height=\"150\" aria-describedby=\"gallery-1-116270\" \/><\/a><\/div><figcaption id=\"gallery-1-116270\" class=\"wp-caption-text gallery-caption\">Fotos: Ren\u00ea Marcio Carneiro\/PMC<\/figcaption><\/figure>\n<figure class=\"gallery-item\">\n<div class=\"gallery-icon landscape\"><a role=\"link\" href=\"https:\/\/www.corumba.ms.gov.br\/?attachment_id=116269\"><img loading=\"lazy\" decoding=\"async\" class=\"attachment-thumbnail size-thumbnail\" src=\"https:\/\/www.corumba.ms.gov.br\/wp-content\/uploads\/2021\/08\/Foto-Rene-Marcio-Carneiro-Inauguracao-da-Estacao-de-Tratamento-em-Porto-Esperanca-92-150x150.jpg\" alt=\"\" width=\"150\" height=\"150\" aria-describedby=\"gallery-1-116269\" \/><\/a><\/div><figcaption id=\"gallery-1-116269\" class=\"wp-caption-text gallery-caption\">Fotos: Ren\u00ea Marcio Carneiro\/PMC<\/figcaption><\/figure>\n<figure class=\"gallery-item\">\n<div class=\"gallery-icon landscape\"><a role=\"link\" href=\"https:\/\/www.corumba.ms.gov.br\/?attachment_id=116264\"><img loading=\"lazy\" decoding=\"async\" class=\"attachment-thumbnail size-thumbnail\" src=\"https:\/\/www.corumba.ms.gov.br\/wp-content\/uploads\/2021\/08\/Foto-Rene-Marcio-Carneiro-Inauguracao-da-Estacao-de-Tratamento-em-Porto-Esperanca-161-150x150.jpg\" alt=\"\" width=\"150\" height=\"150\" aria-describedby=\"gallery-1-116264\" \/><\/a><\/div><figcaption id=\"gallery-1-116264\" class=\"wp-caption-text gallery-caption\">Fotos: Ren\u00ea Marcio Carneiro\/PMC<\/figcaption><\/figure>\n<figure class=\"gallery-item\">\n<div class=\"gallery-icon landscape\"><a role=\"link\" href=\"https:\/\/www.corumba.ms.gov.br\/?attachment_id=116263\"><img loading=\"lazy\" decoding=\"async\" class=\"attachment-thumbnail size-thumbnail\" src=\"https:\/\/www.corumba.ms.gov.br\/wp-content\/uploads\/2021\/08\/Foto-Rene-Marcio-Carneiro-Inauguracao-da-Estacao-de-Tratamento-em-Porto-Esperanca-160-150x150.jpg\" alt=\"\" width=\"150\" height=\"150\" aria-describedby=\"gallery-1-116263\" \/><\/a><\/div><figcaption id=\"gallery-1-116263\" class=\"wp-caption-text gallery-caption\">Fotos: Ren\u00ea Marcio Carneiro\/PMC<\/figcaption><\/figure>\n<figure class=\"gallery-item\">\n<div class=\"gallery-icon landscape\"><a role=\"link\" href=\"https:\/\/www.corumba.ms.gov.br\/?attachment_id=116259\"><img loading=\"lazy\" decoding=\"async\" class=\"attachment-thumbnail size-thumbnail\" src=\"https:\/\/www.corumba.ms.gov.br\/wp-content\/uploads\/2021\/08\/Foto-Rene-Marcio-Carneiro-Inauguracao-da-Estacao-de-Tratamento-em-Porto-Esperanca-153-150x150.jpg\" alt=\"\" width=\"150\" height=\"150\" aria-describedby=\"gallery-1-116259\" \/><\/a><\/div><figcaption id=\"gallery-1-116259\" class=\"wp-caption-text gallery-caption\">Fotos: Ren\u00ea Marcio Carneiro\/PMC<\/figcaption><\/figure>\n<figure class=\"gallery-item\">\n<div class=\"gallery-icon landscape\"><a role=\"link\" href=\"https:\/\/www.corumba.ms.gov.br\/?attachment_id=116256\"><img loading=\"lazy\" decoding=\"async\" class=\"attachment-thumbnail size-thumbnail\" src=\"https:\/\/www.corumba.ms.gov.br\/wp-content\/uploads\/2021\/08\/Foto-Rene-Marcio-Carneiro-Inauguracao-da-Estacao-de-Tratamento-em-Porto-Esperanca-150-150x150.jpg\" alt=\"\" width=\"150\" height=\"150\" aria-describedby=\"gallery-1-116256\" \/><\/a><\/div><figcaption id=\"gallery-1-116256\" class=\"wp-caption-text gallery-caption\">Fotos: Ren\u00ea Marcio Carneiro\/PMC<\/figcaption><\/figure>\n<figure class=\"gallery-item\">\n<div class=\"gallery-icon landscape\"><a role=\"link\" href=\"https:\/\/www.corumba.ms.gov.br\/?attachment_id=116258\"><img loading=\"lazy\" decoding=\"async\" class=\"attachment-thumbnail size-thumbnail\" src=\"https:\/\/www.corumba.ms.gov.br\/wp-content\/uploads\/2021\/08\/Foto-Rene-Marcio-Carneiro-Inauguracao-da-Estacao-de-Tratamento-em-Porto-Esperanca-152-150x150.jpg\" alt=\"\" width=\"150\" height=\"150\" aria-describedby=\"gallery-1-116258\" \/><\/a><\/div><figcaption id=\"gallery-1-116258\" class=\"wp-caption-text gallery-caption\">Fotos: Ren\u00ea Marcio Carneiro\/PMC<\/figcaption><\/figure>\n<figure class=\"gallery-item\">\n<div class=\"gallery-icon landscape\"><a role=\"link\" href=\"https:\/\/www.corumba.ms.gov.br\/?attachment_id=116244\"><img loading=\"lazy\" decoding=\"async\" class=\"attachment-thumbnail size-thumbnail\" src=\"https:\/\/www.corumba.ms.gov.br\/wp-content\/uploads\/2021\/08\/Foto-Rene-Marcio-Carneiro-Inauguracao-da-Estacao-de-Tratamento-em-Porto-Esperanca-134-150x150.jpg\" alt=\"\" width=\"150\" height=\"150\" aria-describedby=\"gallery-1-116244\" \/><\/a><\/div><figcaption id=\"gallery-1-116244\" class=\"wp-caption-text gallery-caption\">Fotos: Ren\u00ea Marcio Carneiro\/PMC<\/figcaption><\/figure>\n<figure class=\"gallery-item\">\n<div class=\"gallery-icon landscape\"><a role=\"link\" href=\"https:\/\/www.corumba.ms.gov.br\/?attachment_id=116243\"><img loading=\"lazy\" decoding=\"async\" class=\"attachment-thumbnail size-thumbnail\" src=\"https:\/\/www.corumba.ms.gov.br\/wp-content\/uploads\/2021\/08\/Foto-Rene-Marcio-Carneiro-Inauguracao-da-Estacao-de-Tratamento-em-Porto-Esperanca-130-150x150.jpg\" alt=\"\" width=\"150\" height=\"150\" aria-describedby=\"gallery-1-116243\" \/><\/a><\/div><figcaption id=\"gallery-1-116243\" class=\"wp-caption-text gallery-caption\">Fotos: Ren\u00ea Marcio Carneiro\/PMC<\/figcaption><\/figure>\n<figure class=\"gallery-item\">\n<div class=\"gallery-icon landscape\"><a role=\"link\" href=\"https:\/\/www.corumba.ms.gov.br\/?attachment_id=116242\"><img loading=\"lazy\" decoding=\"async\" class=\"attachment-thumbnail size-thumbnail\" src=\"https:\/\/www.corumba.ms.gov.br\/wp-content\/uploads\/2021\/08\/Foto-Rene-Marcio-Carneiro-Inauguracao-da-Estacao-de-Tratamento-em-Porto-Esperanca-127-150x150.jpg\" alt=\"\" width=\"150\" height=\"150\" aria-describedby=\"gallery-1-116242\" \/><\/a><\/div><figcaption id=\"gallery-1-116242\" class=\"wp-caption-text gallery-caption\">Fotos: Ren\u00ea Marcio Carneiro\/PMC<\/figcaption><\/figure>\n<figure class=\"gallery-item\">\n<div class=\"gallery-icon landscape\"><a role=\"link\" href=\"https:\/\/www.corumba.ms.gov.br\/?attachment_id=116234\"><img loading=\"lazy\" decoding=\"async\" class=\"attachment-thumbnail size-thumbnail\" src=\"https:\/\/www.corumba.ms.gov.br\/wp-content\/uploads\/2021\/08\/Foto-Rene-Marcio-Carneiro-Inauguracao-da-Estacao-de-Tratamento-em-Porto-Esperanca-118-150x150.jpg\" alt=\"\" width=\"150\" height=\"150\" aria-describedby=\"gallery-1-116234\" \/><\/a><\/div><figcaption id=\"gallery-1-116234\" class=\"wp-caption-text gallery-caption\">Fotos: Ren\u00ea Marcio Carneiro\/PMC<\/figcaption><\/figure>\n<figure class=\"gallery-item\">\n<div class=\"gallery-icon landscape\"><a role=\"link\" href=\"https:\/\/www.corumba.ms.gov.br\/?attachment_id=116233\"><img loading=\"lazy\" decoding=\"async\" class=\"attachment-thumbnail size-thumbnail\" src=\"https:\/\/www.corumba.ms.gov.br\/wp-content\/uploads\/2021\/08\/Foto-Rene-Marcio-Carneiro-Inauguracao-da-Estacao-de-Tratamento-em-Porto-Esperanca-116-150x150.jpg\" alt=\"\" width=\"150\" height=\"150\" aria-describedby=\"gallery-1-116233\" \/><\/a><\/div><figcaption id=\"gallery-1-116233\" class=\"wp-caption-text gallery-caption\">Fotos: Ren\u00ea Marcio Carneiro\/PMC<\/figcaption><\/figure>\n<figure class=\"gallery-item\">\n<div class=\"gallery-icon landscape\"><a role=\"link\" href=\"https:\/\/www.corumba.ms.gov.br\/?attachment_id=116226\"><img loading=\"lazy\" decoding=\"async\" class=\"attachment-thumbnail size-thumbnail\" src=\"https:\/\/www.corumba.ms.gov.br\/wp-content\/uploads\/2021\/08\/Foto-Rene-Marcio-Carneiro-Inauguracao-da-Estacao-de-Tratamento-em-Porto-Esperanca-106-150x150.jpg\" alt=\"\" width=\"150\" height=\"150\" aria-describedby=\"gallery-1-116226\" \/><\/a><\/div><figcaption id=\"gallery-1-116226\" class=\"wp-caption-text gallery-caption\">Fotos: Ren\u00ea Marcio Carneiro\/PMC<\/figcaption><\/figure>\n<figure class=\"gallery-item\">\n<div class=\"gallery-icon landscape\"><a role=\"link\" href=\"https:\/\/www.corumba.ms.gov.br\/?attachment_id=116202\"><img loading=\"lazy\" decoding=\"async\" class=\"attachment-thumbnail size-thumbnail\" src=\"https:\/\/www.corumba.ms.gov.br\/wp-content\/uploads\/2021\/08\/Foto-Rene-Marcio-Carneiro-Inauguracao-da-Estacao-de-Tratamento-em-Porto-Esperanca-53-150x150.jpg\" alt=\"\" width=\"150\" height=\"150\" aria-describedby=\"gallery-1-116202\" \/><\/a><\/div><figcaption id=\"gallery-1-116202\" class=\"wp-caption-text gallery-caption\">Fotos: Ren\u00ea Marcio Carneiro\/PMC<\/figcaption><\/figure>\n<figure class=\"gallery-item\">\n<div class=\"gallery-icon landscape\"><a role=\"link\" href=\"https:\/\/www.corumba.ms.gov.br\/?attachment_id=116191\"><img loading=\"lazy\" decoding=\"async\" class=\"attachment-thumbnail size-thumbnail\" src=\"https:\/\/www.corumba.ms.gov.br\/wp-content\/uploads\/2021\/08\/Foto-Rene-Marcio-Carneiro-Inauguracao-da-Estacao-de-Tratamento-em-Porto-Esperanca-32-150x150.jpg\" alt=\"\" width=\"150\" height=\"150\" aria-describedby=\"gallery-1-116191\" \/><\/a><\/div><figcaption id=\"gallery-1-116191\" class=\"wp-caption-text gallery-caption\">Fotos: Ren\u00ea Marcio Carneiro\/PMC<\/figcaption><\/figure>\n<figure class=\"gallery-item\">\n<div class=\"gallery-icon landscape\"><a role=\"link\" href=\"https:\/\/www.corumba.ms.gov.br\/?attachment_id=116192\"><img loading=\"lazy\" decoding=\"async\" class=\"attachment-thumbnail size-thumbnail\" src=\"https:\/\/www.corumba.ms.gov.br\/wp-content\/uploads\/2021\/08\/Foto-Rene-Marcio-Carneiro-Inauguracao-da-Estacao-de-Tratamento-em-Porto-Esperanca-34-150x150.jpg\" alt=\"\" width=\"150\" height=\"150\" \/><\/a><\/div>\n<\/figure>\n<figure class=\"gallery-item\">\n<div class=\"gallery-icon landscape\"><a role=\"link\" href=\"https:\/\/www.corumba.ms.gov.br\/?attachment_id=116183\"><img loading=\"lazy\" decoding=\"async\" class=\"attachment-thumbnail size-thumbnail\" src=\"https:\/\/www.corumba.ms.gov.br\/wp-content\/uploads\/2021\/08\/Foto-Rene-Marcio-Carneiro-Inauguracao-da-Estacao-de-Tratamento-em-Porto-Esperanca-7-150x150.jpg\" alt=\"\" width=\"150\" height=\"150\" aria-describedby=\"gallery-1-116183\" \/><\/a><\/div><figcaption id=\"gallery-1-116183\" class=\"wp-caption-text gallery-caption\">Fotos: Ren\u00ea Marcio Carneiro\/PMC<\/figcaption><\/figure>\n<figure class=\"gallery-item\">\n<div class=\"gallery-icon landscape\"><a role=\"link\" href=\"https:\/\/www.corumba.ms.gov.br\/?attachment_id=116184\"><img loading=\"lazy\" decoding=\"async\" class=\"attachment-thumbnail size-thumbnail\" src=\"https:\/\/www.corumba.ms.gov.br\/wp-content\/uploads\/2021\/08\/Foto-Rene-Marcio-Carneiro-Inauguracao-da-Estacao-de-Tratamento-em-Porto-Esperanca-8-150x150.jpg\" alt=\"\" width=\"150\" height=\"150\" aria-describedby=\"gallery-1-116184\" \/><\/a><\/div><figcaption id=\"gallery-1-116184\" class=\"wp-caption-text gallery-caption\">Fotos: Ren\u00ea Marcio Carneiro\/PMC<\/figcaption><\/figure>\n<figure class=\"gallery-item\">\n<div class=\"gallery-icon landscape\"><a role=\"link\" href=\"https:\/\/www.corumba.ms.gov.br\/?attachment_id=116181\"><img loading=\"lazy\" decoding=\"async\" class=\"attachment-thumbnail size-thumbnail\" src=\"https:\/\/www.corumba.ms.gov.br\/wp-content\/uploads\/2021\/08\/Foto-Rene-Marcio-Carneiro-Inauguracao-da-Estacao-de-Tratamento-em-Porto-Esperanca-5-150x150.jpg\" alt=\"\" width=\"150\" height=\"150\" aria-describedby=\"gallery-1-116181\" \/><\/a><\/div><figcaption id=\"gallery-1-116181\" class=\"wp-caption-text gallery-caption\">Fotos: Ren\u00ea Marcio Carneiro\/PMC<\/figcaption><\/figure>\n<figure class=\"gallery-item\">\n<div class=\"gallery-icon landscape\"><a role=\"link\" href=\"https:\/\/www.corumba.ms.gov.br\/?attachment_id=116182\"><img loading=\"lazy\" decoding=\"async\" class=\"attachment-thumbnail size-thumbnail\" src=\"https:\/\/www.corumba.ms.gov.br\/wp-content\/uploads\/2021\/08\/Foto-Rene-Marcio-Carneiro-Inauguracao-da-Estacao-de-Tratamento-em-Porto-Esperanca-6-150x150.jpg\" alt=\"\" width=\"150\" height=\"150\" aria-describedby=\"gallery-1-116182\" \/><\/a><\/div><figcaption id=\"gallery-1-116182\" class=\"wp-caption-text gallery-caption\">Fotos: Ren\u00ea Marcio Carneiro\/PMC<\/figcaption><\/figure>\n<figure class=\"gallery-item\">\n<div class=\"gallery-icon landscape\"><a role=\"link\" href=\"https:\/\/www.corumba.ms.gov.br\/?attachment_id=116180\"><img loading=\"lazy\" decoding=\"async\" class=\"attachment-thumbnail size-thumbnail\" src=\"https:\/\/www.corumba.ms.gov.br\/wp-content\/uploads\/2021\/08\/Foto-Rene-Marcio-Carneiro-Inauguracao-da-Estacao-de-Tratamento-em-Porto-Esperanca-1-150x150.jpg\" alt=\"\" width=\"150\" height=\"150\" aria-describedby=\"gallery-1-116180\" \/><\/a><\/div><figcaption id=\"gallery-1-116180\" class=\"wp-caption-text gallery-caption\">Fotos: Ren\u00ea Marcio Carneiro\/PMC<\/figcaption><\/figure>\n<\/div>\n","protected":false},"excerpt":{"rendered":"<p>O prefeito Marcelo Iunes acompanhou o governador Reinaldo Azambuja na inaugura\u00e7\u00e3o da Esta\u00e7\u00e3o de Tratamento&#8230;<\/p>\n","protected":false},"author":70,"featured_media":11717315,"comment_status":"closed","ping_status":"closed","sticky":false,"template":"","format":"standard","meta":{"footnotes":""},"categories":[8,14],"tags":[],"class_list":["post-11717314","post","type-post","status-publish","format-standard","has-post-thumbnail","hentry","category-destaque","category-geral"],"_links":{"self":[{"href":"https:\/\/www.corumbaonline.com.br\/news\/wp-json\/wp\/v2\/posts\/11717314","targetHints":{"allow":["GET"]}}],"collection":[{"href":"https:\/\/www.corumbaonline.com.br\/news\/wp-json\/wp\/v2\/posts"}],"about":[{"href":"https:\/\/www.corumbaonline.com.br\/news\/wp-json\/wp\/v2\/types\/post"}],"author":[{"embeddable":true,"href":"https:\/\/www.corumbaonline.com.br\/news\/wp-json\/wp\/v2\/users\/70"}],"replies":[{"embeddable":true,"href":"https:\/\/www.corumbaonline.com.br\/news\/wp-json\/wp\/v2\/comments?post=11717314"}],"version-history":[{"count":1,"href":"https:\/\/www.corumbaonline.com.br\/news\/wp-json\/wp\/v2\/posts\/11717314\/revisions"}],"predecessor-version":[{"id":11717316,"href":"https:\/\/www.corumbaonline.com.br\/news\/wp-json\/wp\/v2\/posts\/11717314\/revisions\/11717316"}],"wp:featuredmedia":[{"embeddable":true,"href":"https:\/\/www.corumbaonline.com.br\/news\/wp-json\/wp\/v2\/media\/11717315"}],"wp:attachment":[{"href":"https:\/\/www.corumbaonline.com.br\/news\/wp-json\/wp\/v2\/media?parent=11717314"}],"wp:term":[{"taxonomy":"category","embeddable":true,"href":"https:\/\/www.corumbaonline.com.br\/news\/wp-json\/wp\/v2\/categories?post=11717314"},{"taxonomy":"post_tag","embeddable":true,"href":"https:\/\/www.corumbaonline.com.br\/news\/wp-json\/wp\/v2\/tags?post=11717314"}],"curies":[{"name":"wp","href":"https:\/\/api.w.org\/{rel}","templated":true}]}}