{"id":11717355,"date":"2021-08-12T10:45:00","date_gmt":"2021-08-12T14:45:00","guid":{"rendered":"http:\/\/www.corumbaonline.com.br\/news\/?p=11717355"},"modified":"2021-08-12T13:13:26","modified_gmt":"2021-08-12T17:13:26","slug":"11717355","status":"publish","type":"post","link":"https:\/\/www.corumbaonline.com.br\/news\/11717355\/","title":{"rendered":"Tarc\u00edsio Meira morre ap\u00f3s complica\u00e7\u00f5es de covid-19"},"content":{"rendered":"<p>O ator&nbsp;<strong>Tarc\u00edsio Meira<\/strong>&nbsp;morreu na manh\u00e3 desta quinta-feira, 12, por complica\u00e7\u00f5es da<strong>&nbsp;covid-19<\/strong>, informou a&nbsp;<em>GloboNews<\/em>. Tarc\u00edsio tinha 85 anos e estava internado desde o dia 6 no Hospital Israelita Albert Einstein, em S\u00e3o Paulo, para tratar da doen\u00e7a.<\/p>\n<p>Sua mulher, a atriz&nbsp;<strong>Gl\u00f3ria Menezes<\/strong>, de 86 anos, est\u00e1 internada no mesmo hospital tamb\u00e9m enfrentando a doen\u00e7a.<\/p>\n<p class=\"text\">No \u00faltimo&nbsp;<a href=\"https:\/\/www.terra.com.br\/diversao\/gente\/tarcisio-meira-passa-por-novo-tratamento-em-luta-contra-covid,56721834290dae502691d91a599c02d1hkvu1veb.html\" target=\"_blank\" rel=\"noopener\">boletim m\u00e9dico<\/a>&nbsp;divulgado, na ter\u00e7a-feira, 10, os m\u00e9dicos informaram que o ator estava intubado na UTI e realizando&nbsp;hemodi\u00e1lise cont\u00ednua.<\/p>\n<p class=\"text\">O boletim comunicou ainda que&nbsp;Gl\u00f3ria est\u00e1 se recuperando bem e recebe oxig\u00eanio nasal.<\/p>\n\n\n<figure class=\"wp-block-image size-full\"><img loading=\"lazy\" decoding=\"async\" width=\"940\" height=\"921\" src=\"https:\/\/www.corumbaonline.com.br\/news\/wp-content\/uploads\/2021\/08\/foto116148.jpeg\" alt=\"\" class=\"wp-image-11717356\" srcset=\"https:\/\/www.corumbaonline.com.br\/news\/wp-content\/uploads\/2021\/08\/foto116148.jpeg 940w, https:\/\/www.corumbaonline.com.br\/news\/wp-content\/uploads\/2021\/08\/foto116148-300x294.jpeg 300w, https:\/\/www.corumbaonline.com.br\/news\/wp-content\/uploads\/2021\/08\/foto116148-768x752.jpeg 768w, https:\/\/www.corumbaonline.com.br\/news\/wp-content\/uploads\/2021\/08\/foto116148-600x588.jpeg 600w\" sizes=\"auto, (max-width: 940px) 100vw, 940px\" \/><figcaption>Tarc\u00edsio Meira era casado com a tamb\u00e9m atriz Gl\u00f3ria Menezes que est\u00e1 internada no mesmo hospital tamb\u00e9m enfrentando a covid-19 (Foto: Reprodu\u00e7\u00e3o \/ Instagram)<\/figcaption><\/figure>\n\n\n<p class=\"text\">Tarc\u00edsio e Gl\u00f3ria foram&nbsp;<strong>casados por quase 60 anos<\/strong>&nbsp;e receberam as&nbsp;duas doses de vacina contra covid-19.<\/p>\n<p class=\"text\">Vale lembrar que as vacinas funcionam e salvam vidas, no entanto, n\u00e3o s\u00e3o infal\u00edveis. Com a imuniza\u00e7\u00e3o completa,&nbsp;a&nbsp;probabilidade de infec\u00e7\u00e3o &#8211; bem como de casos graves e mortes &#8211; diminui, mas os&nbsp;<strong>cuidados devem ser mantidos<\/strong>, j\u00e1 que o v\u00edrus segue em circula\u00e7\u00e3o.<\/p>\n<p class=\"text\">Mocita Fagundes, esposa de<strong>&nbsp;Tarc\u00edsio Filho<\/strong>&nbsp;&#8211; fruto do relacionamento dos atores &#8211; disse em seu perfil no Instagram que os sogros contra\u00edram o v\u00edrus por um descuido.<\/p>\n\n\n<figure class=\"wp-block-image size-full\"><img loading=\"lazy\" decoding=\"async\" width=\"940\" height=\"838\" src=\"https:\/\/www.corumbaonline.com.br\/news\/wp-content\/uploads\/2021\/08\/foto116149.jpeg\" alt=\"\" class=\"wp-image-11717357\" srcset=\"https:\/\/www.corumbaonline.com.br\/news\/wp-content\/uploads\/2021\/08\/foto116149.jpeg 940w, https:\/\/www.corumbaonline.com.br\/news\/wp-content\/uploads\/2021\/08\/foto116149-300x267.jpeg 300w, https:\/\/www.corumbaonline.com.br\/news\/wp-content\/uploads\/2021\/08\/foto116149-768x685.jpeg 768w, https:\/\/www.corumbaonline.com.br\/news\/wp-content\/uploads\/2021\/08\/foto116149-600x535.jpeg 600w\" sizes=\"auto, (max-width: 940px) 100vw, 940px\" \/><figcaption>Tarc\u00edsio Meira e seu filho Tarc\u00edsio Filho (Foto: Reprodu\u00e7\u00e3o \/ Instagram)<\/figcaption><\/figure>\n\n\n<p class=\"text\">Nascido em S\u00e3o Paulo capital em 5 de outubro de 1935, Tarc\u00edsio Meira teve uma longa carreira art\u00edstica, tendo estreado nos palcos do teatro em 1957, na pe\u00e7a&nbsp;<em>A Hora Marcada.&nbsp;<\/em>Dois anos depois, em 1959, fez sua estreia na televis\u00e3o com&nbsp;<em>Noites Brancas<\/em>, na TV Tupi. Na mesma emissora, atuou em&nbsp;<em>Uma Pires Camargo<\/em>, em 1961, ocasi\u00e3o na qual conheceu&nbsp;Gl\u00f3ria Menezes, com quem se casaria.<\/p>\n<p class=\"text\">O ator foi o primeiro protagonista de uma telenovela di\u00e1ria em&nbsp;<em>2-5499 Ocupado<\/em>, na TV Excelsior, em 1963. Anos depois, em 1967, chegou \u00e0 TV Globo com a novela&nbsp;<em>Sangue e Areia<\/em>, novamente contracenando com sua mulher Gl\u00f3ria. Em 1970, o casal voltou a atuar junto no cl\u00e1ssico&nbsp;<em>Irm\u00e3os Coragem<\/em>.<\/p>\n<p class=\"text\">Em sua longeva e brilhante carreira, Tarc\u00edsio colecionou personagens marcantes que marcaram a hist\u00f3ria a televis\u00e3o brasileira em mais de 60 produ\u00e7\u00f5es &#8211; entre novelas, miniss\u00e9ries e especiais.<\/p>\n\n\n<figure class=\"wp-block-image size-full\"><img loading=\"lazy\" decoding=\"async\" width=\"940\" height=\"950\" src=\"https:\/\/www.corumbaonline.com.br\/news\/wp-content\/uploads\/2021\/08\/foto116150.jpeg\" alt=\"\" class=\"wp-image-11717358\" srcset=\"https:\/\/www.corumbaonline.com.br\/news\/wp-content\/uploads\/2021\/08\/foto116150.jpeg 940w, https:\/\/www.corumbaonline.com.br\/news\/wp-content\/uploads\/2021\/08\/foto116150-297x300.jpeg 297w, https:\/\/www.corumbaonline.com.br\/news\/wp-content\/uploads\/2021\/08\/foto116150-768x776.jpeg 768w, https:\/\/www.corumbaonline.com.br\/news\/wp-content\/uploads\/2021\/08\/foto116150-600x606.jpeg 600w\" sizes=\"auto, (max-width: 940px) 100vw, 940px\" \/><figcaption>Tarc\u00edsio Meira tinha 85 anos e morreu ap\u00f3s complica\u00e7\u00f5es de covid-19 (Foto: Reprodu\u00e7\u00e3o \/ Instagram)<\/figcaption><\/figure>\n","protected":false},"excerpt":{"rendered":"<p>O ator&nbsp;Tarc\u00edsio Meira&nbsp;morreu na manh\u00e3 desta quinta-feira, 12, por complica\u00e7\u00f5es da&nbsp;covid-19, informou a&nbsp;GloboNews. Tarc\u00edsio tinha&#8230;<\/p>\n","protected":false},"author":11,"featured_media":11717359,"comment_status":"closed","ping_status":"closed","sticky":false,"template":"","format":"standard","meta":{"footnotes":""},"categories":[14],"tags":[],"class_list":["post-11717355","post","type-post","status-publish","format-standard","has-post-thumbnail","hentry","category-geral"],"_links":{"self":[{"href":"https:\/\/www.corumbaonline.com.br\/news\/wp-json\/wp\/v2\/posts\/11717355","targetHints":{"allow":["GET"]}}],"collection":[{"href":"https:\/\/www.corumbaonline.com.br\/news\/wp-json\/wp\/v2\/posts"}],"about":[{"href":"https:\/\/www.corumbaonline.com.br\/news\/wp-json\/wp\/v2\/types\/post"}],"author":[{"embeddable":true,"href":"https:\/\/www.corumbaonline.com.br\/news\/wp-json\/wp\/v2\/users\/11"}],"replies":[{"embeddable":true,"href":"https:\/\/www.corumbaonline.com.br\/news\/wp-json\/wp\/v2\/comments?post=11717355"}],"version-history":[{"count":2,"href":"https:\/\/www.corumbaonline.com.br\/news\/wp-json\/wp\/v2\/posts\/11717355\/revisions"}],"predecessor-version":[{"id":11717362,"href":"https:\/\/www.corumbaonline.com.br\/news\/wp-json\/wp\/v2\/posts\/11717355\/revisions\/11717362"}],"wp:featuredmedia":[{"embeddable":true,"href":"https:\/\/www.corumbaonline.com.br\/news\/wp-json\/wp\/v2\/media\/11717359"}],"wp:attachment":[{"href":"https:\/\/www.corumbaonline.com.br\/news\/wp-json\/wp\/v2\/media?parent=11717355"}],"wp:term":[{"taxonomy":"category","embeddable":true,"href":"https:\/\/www.corumbaonline.com.br\/news\/wp-json\/wp\/v2\/categories?post=11717355"},{"taxonomy":"post_tag","embeddable":true,"href":"https:\/\/www.corumbaonline.com.br\/news\/wp-json\/wp\/v2\/tags?post=11717355"}],"curies":[{"name":"wp","href":"https:\/\/api.w.org\/{rel}","templated":true}]}}