{"id":11717402,"date":"2021-08-13T11:10:00","date_gmt":"2021-08-13T15:10:00","guid":{"rendered":"http:\/\/www.corumbaonline.com.br\/news\/?p=11717402"},"modified":"2021-08-13T15:29:56","modified_gmt":"2021-08-13T19:29:56","slug":"ifms-abre-inscricoes-para-o-seminario-de-iniciacao-cientifica-2021","status":"publish","type":"post","link":"https:\/\/www.corumbaonline.com.br\/news\/ifms-abre-inscricoes-para-o-seminario-de-iniciacao-cientifica-2021\/","title":{"rendered":"IFMS abre inscri\u00e7\u00f5es para o Semin\u00e1rio de Inicia\u00e7\u00e3o Cient\u00edfica 2021"},"content":{"rendered":"<p>Estudantes dos cursos de gradua\u00e7\u00e3o do Instituto Federal de Mato Grosso do Sul (IFMS) e de outras institui\u00e7\u00f5es de ensino superior podem inscrever trabalhos, a partir desta sexta-feira, 13, na edi\u00e7\u00e3o 2021 do Semin\u00e1rio de Inicia\u00e7\u00e3o Cient\u00edfica e Tecnol\u00f3gica (Semict).<\/p>\n<p>O evento ser\u00e1 realizado de forma virtual, entre os dias 4 e 8 de outubro, durante a Semana de Ci\u00eancia e Tecnologia do Instituto Federal.\u00a0Os trabalhos ser\u00e3o apresentados e avaliados por meio de\u00a0v\u00eddeos gravados pelos estudantes, al\u00e9m dos resumos submetidos.<\/p>\n<p>A diretora de Pesquisa do IFMS, Roselene Oliveira, explica que o semin\u00e1rio\u00a0 visa destacar a produ\u00e7\u00e3o cient\u00edfica dos discentes de gradua\u00e7\u00e3o.<\/p>\n<p>\u201cO Semict proporciona um momento para os estudantes apresentarem os resultados de suas pesquisas, ampliarem os conhecimentos e conhecerem novos estudos que est\u00e3o sendo desenvolvidos dentro das \u00e1reas de pesquisa. E al\u00e9m de conhecer, eles podem se identificar com a \u00e1rea que desejam atuar na sua vida profissional\u201d, ressalta.<\/p>\n<p>A participa\u00e7\u00e3o \u00e9 obrigat\u00f3ria para os bolsistas e volunt\u00e1rios nos projetos de pesquisa\u00a0<a title=\"selecionados pelo edital n\u00ba 019\/2020\" href=\"http:\/\/www.ifms.edu.br:9000\/lists\/lt.php?tid=KxkMClMAUwNRUktQU1JRTlBdBlNOAFteUBsKUAYHUgRbVFcCVAgfB1pTBAABBQdOAVxWBk4NCggOG1kCBwVPBFJXAFZdDAFRB1cDH1ICAwYCUlcDTghaXAYbDFZQBk8JVlZUH1AKVgBWAgNWVAIABw\" target=\"_blank\" rel=\"noopener noreferrer\">selecionados pelo edital n\u00ba 019\/2020<\/a>, e que\u00a0tenham participado nas modalidades Pibic, Pibic-Af e Pibiti do CNPq\/IFMS.<\/p>\n<p>\u201c\u00c9 muito importante que o estudante participe do evento para que seu trabalho se torne conhecido dentro da sua \u00e1rea, al\u00e9m da oportunidade de conhecer outras pesquisas que se relacionam de forma a melhorar a busca por novas solu\u00e7\u00f5es a um dado problema\u201d, destaca Roselene.<\/p>\n<p>As demais regras do evento est\u00e3o dispon\u00edveis no\u00a0<a title=\"edital n\u00ba 063\/2021\" href=\"http:\/\/www.ifms.edu.br:9000\/lists\/lt.php?tid=KxkHAgReUlZVAEtRAANVTlAGUAROAApaARsJBQoHUlVQBwZUUQ4fB1pTBAABBQdOAVxWBk4NCggOG1kCBwVPBFJXAFZdDAFRB1cDH1ICAwYCUlcDTghaXAYbDFZQBk8JVlZUH1AKVgBWAgNWVAIABw\" target=\"_blank\" rel=\"noopener noreferrer\">edital n\u00ba 063\/2021<\/a>, publicado na Central de Sele\u00e7\u00e3o, e tamb\u00e9m no\u00a0<a title=\"hotsite do Semict 2021\" href=\"http:\/\/www.ifms.edu.br:9000\/lists\/lt.php?tid=KxlQClVbV1JUU0tWAFVUTlBXBVpOWAwMVRsMBQtVVVBXVQRRVQgfB1pTBAABBQdOAVxWBk4NCggOG1kCBwVPBFJXAFZdDAFRB1cDH1ICAwYCUlcDTghaXAYbDFZQBk8JVlZUH1AKVgBWAgNWVAIABw\" target=\"_blank\" rel=\"noopener noreferrer\">hotsite do Semict 2021<\/a>, plataforma onde ser\u00e1 realizado o evento.<\/p>\n<p><strong>Inscri\u00e7\u00e3o<\/strong>\u00a0\u2013 \u00c9 gratuita e deve ser feita por meio da submiss\u00e3o do resumo expandido e do v\u00eddeo de apresenta\u00e7\u00e3o do trabalho.<\/p>\n<p>O resumo expandido, cujo modelo est\u00e1 dispon\u00edvel na Central de Sele\u00e7\u00e3o, deve ser enviado at\u00e9 o dia 10 de setembro para o\u00a0<em>e-mail<\/em>\u00a0da Diretoria de Pesquisa (<a title=\"dirpe@ifms.edu.b\" href=\"mailto:dirpe@ifms.edu.b\" rel=\"noreferrer\">dirpe@ifms.edu.b<\/a>r).<\/p>\n<p>O prazo \u00e9 o mesmo para que o orientador da pesquisa insira o\u00a0<em>link<\/em>\u00a0do v\u00eddeo apresentado pelo estudante na planilha disponibilizada pela Coordena\u00e7\u00e3o de Pesquisa e Inova\u00e7\u00e3o (Copei) do campus.<\/p>\n<p>As orienta\u00e7\u00f5es para a grava\u00e7\u00e3o do v\u00eddeo e a elabora\u00e7\u00e3o do resumo expandido est\u00e3o dispon\u00edveis nos itens 8 e 9, respectivamente, do edital do Semict 2021 e tamb\u00e9m no hotsite do evento.<\/p>\n<p>Os\u00a0\u00a0projetos de pesquisa que tenham mais de um plano de trabalho dever\u00e3o apresentar resumos expandidos e v\u00eddeos distintos para cada um.<\/p>\n<p>Os estudantes bolsistas e volunt\u00e1rios selecionados no edital n\u00b0 019\/2020 que n\u00e3o puderem participar do evento dever\u00e3o enviar a justificativa, por\u00a0<em>e-mail<\/em>, ao orientador, que dever\u00e1 encaminhar a mensagem para\u00a0<a href=\"mailto:dirpe@ifms.edu.br\" rel=\"noreferrer\">dirpe@ifms.edu.br<\/a>,\u00a0com c\u00f3pia para a\u00a0Coordena\u00e7\u00e3o de A\u00e7\u00f5es Pr\u00f3-Pesquisa e Fomento (<a href=\"mailto:copef@ifms.edu.br\" rel=\"noreferrer\">copef@ifms.edu.br<\/a>).<\/p>\n<p><strong>Semict 2021<\/strong>\u00a0\u2013 A cerim\u00f4nia de abertura ser\u00e1 realizada de forma virtual, no dia 4 de outubro.<\/p>\n<p>Al\u00e9m da exposi\u00e7\u00e3o de trabalhos cient\u00edficos, est\u00e3o previstas na edi\u00e7\u00e3o 2021 do Semict mesas-redondas, palestras, espa\u00e7os tem\u00e1ticos, encontro dos Grupos de Pesquisa do IFMS e a salas virtuais.<\/p>\n<p>\u201cDurante o evento, teremos v\u00e1rias salas tem\u00e1ticas, mesa redonda com atividades s\u00edncronas e ass\u00edncronas que proporcionar\u00e3o o encontro dos jovens pesquisadores para troca de experi\u00eancias com as comunidades interna e externa sobre as novidades que est\u00e3o ocorrendo no mundo da pesquisa\u201d, detalha a diretora.<\/p>\n<p>De acordo com o\u00a0<a title=\"resultado do edital de fomento \u00e0 Semana de Ci\u00eancia e Tecnologia 2021\" href=\"http:\/\/www.ifms.edu.br:9000\/lists\/lt.php?tid=KxkHAgMMVwNVVktSUlFTTlAGV1ZOAVxaUhsNUFcAAAIGXFQDBgwfB1pTBAABBQdOAVxWBk4NCggOG1kCBwVPBFJXAFZdDAFRB1cDH1ICAwYCUlcDTghaXAYbDFZQBk8JVlZUH1AKVgBWAgNWVAIABw\" target=\"_blank\" rel=\"noopener noreferrer\">resultado do edital de fomento \u00e0 Semana de Ci\u00eancia e Tecnologia 2021<\/a>, esta edi\u00e7\u00e3o do Semict \u00e9 coordenada pelo Campus Ponta Por\u00e3. Uma comiss\u00e3o multicampi ser\u00e1 designada para apoio na organiza\u00e7\u00e3o do semin\u00e1rio.<\/p>\n","protected":false},"excerpt":{"rendered":"<p>Estudantes dos cursos de gradua\u00e7\u00e3o do Instituto Federal de Mato Grosso do Sul (IFMS) e&#8230;<\/p>\n","protected":false},"author":9,"featured_media":0,"comment_status":"closed","ping_status":"closed","sticky":false,"template":"","format":"standard","meta":{"footnotes":""},"categories":[10],"tags":[],"class_list":["post-11717402","post","type-post","status-publish","format-standard","hentry","category-educacao"],"_links":{"self":[{"href":"https:\/\/www.corumbaonline.com.br\/news\/wp-json\/wp\/v2\/posts\/11717402","targetHints":{"allow":["GET"]}}],"collection":[{"href":"https:\/\/www.corumbaonline.com.br\/news\/wp-json\/wp\/v2\/posts"}],"about":[{"href":"https:\/\/www.corumbaonline.com.br\/news\/wp-json\/wp\/v2\/types\/post"}],"author":[{"embeddable":true,"href":"https:\/\/www.corumbaonline.com.br\/news\/wp-json\/wp\/v2\/users\/9"}],"replies":[{"embeddable":true,"href":"https:\/\/www.corumbaonline.com.br\/news\/wp-json\/wp\/v2\/comments?post=11717402"}],"version-history":[{"count":1,"href":"https:\/\/www.corumbaonline.com.br\/news\/wp-json\/wp\/v2\/posts\/11717402\/revisions"}],"predecessor-version":[{"id":11717403,"href":"https:\/\/www.corumbaonline.com.br\/news\/wp-json\/wp\/v2\/posts\/11717402\/revisions\/11717403"}],"wp:attachment":[{"href":"https:\/\/www.corumbaonline.com.br\/news\/wp-json\/wp\/v2\/media?parent=11717402"}],"wp:term":[{"taxonomy":"category","embeddable":true,"href":"https:\/\/www.corumbaonline.com.br\/news\/wp-json\/wp\/v2\/categories?post=11717402"},{"taxonomy":"post_tag","embeddable":true,"href":"https:\/\/www.corumbaonline.com.br\/news\/wp-json\/wp\/v2\/tags?post=11717402"}],"curies":[{"name":"wp","href":"https:\/\/api.w.org\/{rel}","templated":true}]}}