{"id":11717404,"date":"2021-08-13T10:37:00","date_gmt":"2021-08-13T14:37:00","guid":{"rendered":"http:\/\/www.corumbaonline.com.br\/news\/?p=11717404"},"modified":"2021-08-13T15:53:28","modified_gmt":"2021-08-13T19:53:28","slug":"tite-convoca-selecao-brasileira-para-tres-jogos-das-eliminatorias-com-seis-campeoes-olimpicos","status":"publish","type":"post","link":"https:\/\/www.corumbaonline.com.br\/news\/tite-convoca-selecao-brasileira-para-tres-jogos-das-eliminatorias-com-seis-campeoes-olimpicos\/","title":{"rendered":"Tite convoca sele\u00e7\u00e3o brasileira para tr\u00eas jogos das Eliminat\u00f3rias com seis campe\u00f5es ol\u00edmpicos"},"content":{"rendered":"<div class=\"mc-column content-text active-extra-styles \" data-block-type=\"unstyled\" data-block-weight=\"30\" data-block-id=\"2\">\n<p class=\"content-text__container \" data-track-category=\"Link no Texto\" data-track-links=\"\">O t\u00e9cnico Tite convocou, na manh\u00e3 desta sexta-feira, os 25 jogadores que defender\u00e3o a\u00a0<a href=\"https:\/\/ge.globo.com\/futebol\/selecao-brasileira\/\">sele\u00e7\u00e3o brasileira<\/a>\u00a0nos pr\u00f3ximos tr\u00eas jogos das<a href=\"https:\/\/ge.globo.com\/futebol\/copa-do-mundo\/eliminatorias-america-do-sul\/\">\u00a0Eliminat\u00f3rias da Copa do Mundo de 2022<\/a>, em setembro.<\/p>\n<\/div>\n<div class=\"wall protected-content\">\n<div class=\"mc-column content-text active-extra-styles \" data-block-type=\"unstyled\" data-block-weight=\"37\" data-block-id=\"3\">\n<p class=\"content-text__container \" data-track-category=\"Link no Texto\" data-track-links=\"\">No dia 2, o Brasil enfrenta o\u00a0<strong>Chile<\/strong>, em Santiago. No dia 5, faz cl\u00e1ssico a\u00a0<strong>Argentina<\/strong>, na Neo Qu\u00edmica Arena, em S\u00e3o Paulo. Por \u00faltimo, no dia 9, enfrenta o\u00a0<strong>Peru<\/strong>, na Arena Pernambuco, no Recife.<\/p>\n<\/div>\n<div class=\"mc-column content-text active-extra-styles \" data-block-type=\"unstyled\" data-block-weight=\"41\" data-block-id=\"5\">\n<p class=\"content-text__container \" data-track-category=\"Link no Texto\" data-track-links=\"\">Uma das novidades da lista \u00e9 a presen\u00e7a do lateral-direito\u00a0<strong>Daniel Alves<\/strong>, de 38 anos, que n\u00e3o defende a Sele\u00e7\u00e3o desde outubro de 2019. Al\u00e9m dele, outros cinco campe\u00f5es ol\u00edmpicos foram convocados:\u00a0<strong>Guilherme Arana, Bruno Guimar\u00e3es, Claudinho, Matheus Cunha e Richarlison<\/strong>.<\/p>\n<\/div>\n<div class=\"mc-column content-text active-extra-styles \" data-block-type=\"unstyled\" data-block-weight=\"27\" data-block-id=\"6\">\n<p class=\"content-text__container \" data-track-category=\"Link no Texto\" data-track-links=\"\">Outra cara nova chamada por Tite \u00e9\u00a0<strong>Raphinha<\/strong>, atacante do Leeds (veja abaixo lances do jogador pelo clube ingl\u00eas), convocado pela primeira vez, assim como Claudinho.<\/p>\n<\/div>\n<div class=\"bs-video-block content-media content-video mc-column\" data-block-type=\"partners-embed\" data-block-id=\"8\">\n<div class=\"\">\n<div class=\"dugout-video dugout-embed-eyJrZXkiOiJMRW1uY0xxRiIsInAiOiJnbG9iby1lc3BvcnRlIiwicGwiOiIifQ==\">\n<div class=\"dugout-inner\">\n<div id=\"player-1\" class=\"jwplayer jw-reset jw-state-paused jw-stretch-uniform jw-flag-aspect-mode jw-breakpoint-4 jw-floating-dismissible jw-flag-user-inactive\" tabindex=\"0\" role=\"application\" aria-label=\"Reprodutor de V\u00eddeo\" aria-describedby=\"jw-shortcuts-tooltip-explanation\">\n<div class=\"jw-aspect jw-reset\"><strong style=\"color: initial; font-size: revert;\">Veja a rela\u00e7\u00e3o de jogadores convocados:<\/strong><\/div>\n<\/div>\n<\/div>\n<\/div>\n<\/div>\n<\/div>\n<div class=\"mc-column content-text active-extra-styles\" data-block-type=\"raw\" data-block-weight=\"77\" data-block-id=\"11\">\n<ul class=\"content-unordered-list\">\n<li><strong>Goleiros:<\/strong>\u00a0Alisson (Liverpool), Ederson (Manchester City) e Weverton (Palmeiras);<\/li>\n<li><strong>Zagueiros:\u00a0<\/strong>Thiago Silva (Chelsea), Marquinhos (PSG), \u00c9der Milit\u00e3o (Real Madrid), Lucas Ver\u00edssimo (Benfica);<\/li>\n<li><strong>Laterais:\u00a0<\/strong>Danilo (Juventus), Alex Sandro (Juventus), Guilherme Arana (Atl\u00e9tico-MG), e Daniel Alves (S\u00e3o Paulo);<\/li>\n<li><strong>Meio-campistas:<\/strong>\u00a0Bruno Guimar\u00e3es (Lyon), Casemiro (Real Madrid), Fabinho (Liverpool), Fred (Manchester United), Claudinho (Zenit), \u00c9verton Ribeiro (Flamengo), Lucas Paquet\u00e1 (Lyon);<\/li>\n<li><strong>Atacantes:<\/strong>\u00a0Neymar (PSG), Firmino (Liverpool), Matheus Cunha (Hertha Berlin), Raphinha (Leeds), Gabriel Jesus (Manchester City), Richarlison (Everton), Gabigol (Flamengo).<\/li>\n<\/ul>\n<\/div>\n<div class=\"row medium-uncollapsed content-media content-photo\" data-block-type=\"backstage-photo\" data-block-id=\"12\">\n<div class=\"column medium-22 large-20 medium-centered content-media__container\">\n<div class=\"content-media-container glb-skeleton-box\">\n<figure class=\"content-media-figure\">\n<p><figure style=\"width: 1008px\" class=\"wp-caption alignnone\"><img loading=\"lazy\" decoding=\"async\" class=\"i-amphtml-fill-content i-amphtml-replaced-content\" src=\"https:\/\/s2.glbimg.com\/qxyDdccFA-zTQaQMAUsrYAoycfs=\/0x0:2047x1365\/1008x0\/smart\/filters:strip_icc()\/i.s3.glbimg.com\/v1\/AUTH_bc8228b6673f488aa253bbcb03c80ec5\/internal_photos\/bs\/2021\/z\/C\/3sDvPdTnCnpFNjqA9ayA\/51374839342-fddffb4929-k.jpg\" srcset=\"\" alt=\"Tite anunciou lista de convocados da sele\u00e7\u00e3o brasileira para jogos das Eliminat\u00f3rias \u2014 Foto: Lucas Figueiredo \/ CBF\" width=\"1008\" height=\"672\" \/><figcaption class=\"wp-caption-text\">Tite anunciou lista de convocados da sele\u00e7\u00e3o brasileira para jogos das Eliminat\u00f3rias (Foto: Lucas Figueiredo \/ CBF)<\/figcaption><\/figure><\/figure>\n<\/div>\n<\/div>\n<\/div>\n<div class=\"mc-column content-text active-extra-styles \" data-block-type=\"unstyled\" data-block-weight=\"46\" data-block-id=\"13\">\n<p class=\"content-text__container \" data-track-category=\"Link no Texto\" data-track-links=\"\">Em rela\u00e7\u00e3o ao grupo que ficou com o vice-campeonato da Copa Am\u00e9rica, Tite deixou fora o zagueiro Felipe (assim como L\u00e9o Ortiz, convocado para o lugar dele), os laterais Emerson e Renan Lodi, o volante Douglas Luiz e os atacantes Everton Cebolinha e Vini J\u00fanior.<\/p>\n<\/div>\n<div class=\"mc-column content-text active-extra-styles \" data-block-type=\"unstyled\" data-block-weight=\"76\" data-block-id=\"14\">\n<p class=\"content-text__container \" data-track-category=\"Link no Texto\" data-track-links=\"\">\u2013 Quando a gente fala competi\u00e7\u00e3o em alto n\u00edvel \u00e9 isso, v\u00e3o continuar sendo acompanhados. \u00c9 o Douglas retomar o seu melhor n\u00edvel, jogar muito no seu clube e voltar. O Renan Lodi n\u00e3o vem participando dos jogos, mas de treinamentos. E fundamentalmente eu conversei com ele porque n\u00e3o \u00e9 por conta de um erro individual que n\u00e3o volta, aqui n\u00e3o tem isso. \u00c9 um grande jogador. Merece meu respeito \u2013 explicou Tite, em entrevista coletiva.<\/p>\n<\/div>\n<div class=\"bs-video-block row medium-uncollapsed  content-media content-video\" data-block-type=\"backstage-video\" data-block-id=\"16\">\n<div class=\"content-media__container column medium-22 large-20 medium-centered\">\n<div class=\"content-video__bigger-player-description-fixer\">\n<article class=\"content-video\">\n<section class=\"content-video__video-container\">\n<div class=\"content-video__video\">\n<div class=\"content-video__placeholder\" data-video-id=\"9766371\"><img decoding=\"async\" class=\"content-video__placeholder__thumb\" title=\"Tite explica aus\u00eancia de Douglas Luiz e diz que ligou para Renan Lodi\" src=\"https:\/\/s04.video.glbimg.com\/x720\/9766371.jpg\" alt=\"Tite explica aus\u00eancia de Douglas Luiz e diz que ligou para Renan Lodi\" \/><\/div>\n<div id=\"wp3-player-3\" class=\"clappr-player\" tabindex=\"9999\" data-player=\"\">\n<div class=\"dfp-ad-overlay dfp-ad-overlay--poster-mode\">\n<div><\/div>\n<\/div>\n<div class=\"container master-container pointer-enabled\" data-container=\"\" data-pip=\"\">\n<div class=\"poster\"><\/div>\n<\/div>\n<div class=\"media-control media-control-hide\">\n<div class=\"media-control-panel\">\n<div class=\"media-control-panel__modal\"><\/div>\n<\/div>\n<\/div>\n<\/div>\n<\/div>\n<\/section>\n<\/article>\n<\/div>\n<p class=\"content-media__description\">Tite explica aus\u00eancia de Douglas Luiz e diz que ligou para Renan Lodi<\/p>\n<\/div>\n<\/div>\n<div class=\"mc-column content-text active-extra-styles \" data-block-type=\"unstyled\" data-block-weight=\"56\" data-block-id=\"17\">\n<p class=\"content-text__container \" data-track-category=\"Link no Texto\" data-track-links=\"\">Os convocados se apresentar\u00e3o a partir de 29 de agosto em S\u00e3o Paulo, viajam para Santiago dia 1\u00ba de setembro e far\u00e3o tr\u00eas jogos em oito dias. Esta data Fifa foi ampliada para a realiza\u00e7\u00e3o de partidas da 6\u00aa rodada, que estavam previstas para mar\u00e7o deste ano, mas foram adiadas por conta da pandemia de coronav\u00edrus.<\/p>\n<\/div>\n<div class=\"mc-column content-text active-extra-styles \" data-block-type=\"unstyled\" data-block-weight=\"54\" data-block-id=\"18\">\n<p class=\"content-text__container \" data-track-category=\"Link no Texto\" data-track-links=\"\">Os jogadores chamados por Tite desfalcar\u00e3o seus clubes na 19\u00aa rodada do Brasileir\u00e3o, na partida de volta das quartas de final da Copa do Brasil, possivelmente, tamb\u00e9m no duelo de ida das semifinais. Por\u00e9m, o coordenador da Sele\u00e7\u00e3o, Juninho Paulista, afirmou que a CBF readequar\u00e1 o calend\u00e1rio para que as equipes n\u00e3o sejam prejudicadas.<\/p>\n<\/div>\n<div class=\"bs-video-block row medium-uncollapsed  content-media content-video\" data-block-type=\"backstage-video\" data-block-id=\"19\">\n<div class=\"content-media__container column medium-22 large-20 medium-centered\">\n<div class=\"content-video__bigger-player-description-fixer\">\n<article class=\"content-video\">\n<section class=\"content-video__video-container\">\n<div class=\"content-video__video\">\n<div class=\"content-video__placeholder\" data-video-id=\"9766359\"><img decoding=\"async\" class=\"content-video__placeholder__thumb\" title=\"Tite fala como se deu integra\u00e7\u00e3o dos atletas da sele\u00e7\u00e3o ol\u00edmpica na convoca\u00e7\u00e3o para Eliminat\u00f3rias\" src=\"https:\/\/s04.video.glbimg.com\/x720\/9766359.jpg\" alt=\"Tite fala como se deu integra\u00e7\u00e3o dos atletas da sele\u00e7\u00e3o ol\u00edmpica na convoca\u00e7\u00e3o para Eliminat\u00f3rias\" \/><\/div>\n<div id=\"wp3-player-4\" class=\"clappr-player\" tabindex=\"9999\" data-player=\"\">\n<div class=\"dfp-ad-overlay dfp-ad-overlay--poster-mode\">\n<div><\/div>\n<\/div>\n<div class=\"drawer-header drawer-header--hidden\"><span style=\"color: initial; font-size: revert;\">O chefe da delega\u00e7\u00e3o brasileira nestas rodadas ser\u00e1 Ant\u00f4nio Am\u00e9rico, presidente da Federa\u00e7\u00e3o Maranhense de Futebol.<\/span><\/div>\n<\/div>\n<\/div>\n<\/section>\n<\/article>\n<\/div>\n<\/div>\n<\/div>\n<div data-track-category=\"multicontent\" data-track-action=\"ultimo chunk conteudo\" data-track-noninteraction=\"false\" data-track-scroll=\"view\">\n<div class=\"mc-column content-text active-extra-styles \" data-block-type=\"unstyled\" data-block-weight=\"15\" data-block-id=\"22\">\n<p class=\"content-text__container \" data-track-category=\"Link no Texto\" data-track-links=\"\">O Brasil \u00e9 l\u00edder das Eliminat\u00f3rias, com 100% de aproveitamento: seis vit\u00f3rias em seis jogos.<\/p>\n<\/div>\n<\/div>\n<\/div>\n","protected":false},"excerpt":{"rendered":"<p>O t\u00e9cnico Tite convocou, na manh\u00e3 desta sexta-feira, os 25 jogadores que defender\u00e3o a\u00a0sele\u00e7\u00e3o brasileira\u00a0nos&#8230;<\/p>\n","protected":false},"author":3,"featured_media":0,"comment_status":"closed","ping_status":"closed","sticky":false,"template":"","format":"standard","meta":{"footnotes":""},"categories":[14],"tags":[],"class_list":["post-11717404","post","type-post","status-publish","format-standard","hentry","category-geral"],"_links":{"self":[{"href":"https:\/\/www.corumbaonline.com.br\/news\/wp-json\/wp\/v2\/posts\/11717404","targetHints":{"allow":["GET"]}}],"collection":[{"href":"https:\/\/www.corumbaonline.com.br\/news\/wp-json\/wp\/v2\/posts"}],"about":[{"href":"https:\/\/www.corumbaonline.com.br\/news\/wp-json\/wp\/v2\/types\/post"}],"author":[{"embeddable":true,"href":"https:\/\/www.corumbaonline.com.br\/news\/wp-json\/wp\/v2\/users\/3"}],"replies":[{"embeddable":true,"href":"https:\/\/www.corumbaonline.com.br\/news\/wp-json\/wp\/v2\/comments?post=11717404"}],"version-history":[{"count":1,"href":"https:\/\/www.corumbaonline.com.br\/news\/wp-json\/wp\/v2\/posts\/11717404\/revisions"}],"predecessor-version":[{"id":11717405,"href":"https:\/\/www.corumbaonline.com.br\/news\/wp-json\/wp\/v2\/posts\/11717404\/revisions\/11717405"}],"wp:attachment":[{"href":"https:\/\/www.corumbaonline.com.br\/news\/wp-json\/wp\/v2\/media?parent=11717404"}],"wp:term":[{"taxonomy":"category","embeddable":true,"href":"https:\/\/www.corumbaonline.com.br\/news\/wp-json\/wp\/v2\/categories?post=11717404"},{"taxonomy":"post_tag","embeddable":true,"href":"https:\/\/www.corumbaonline.com.br\/news\/wp-json\/wp\/v2\/tags?post=11717404"}],"curies":[{"name":"wp","href":"https:\/\/api.w.org\/{rel}","templated":true}]}}