{"id":11717433,"date":"2021-08-14T11:00:00","date_gmt":"2021-08-14T15:00:00","guid":{"rendered":"http:\/\/www.corumbaonline.com.br\/news\/?p=11717433"},"modified":"2021-08-14T13:20:07","modified_gmt":"2021-08-14T17:20:07","slug":"estudo-da-secretaria-de-saude-indica-reforco-da-terceira-dose-em-idosos-de-ms","status":"publish","type":"post","link":"https:\/\/www.corumbaonline.com.br\/news\/estudo-da-secretaria-de-saude-indica-reforco-da-terceira-dose-em-idosos-de-ms\/","title":{"rendered":"Estudo da Secretaria de Sa\u00fade indica refor\u00e7o da terceira dose em idosos de MS"},"content":{"rendered":"<p data-uw-styling-context=\"true\">A Secretaria de Estado de Sa\u00fade (SES) realizou levantamento em que indica a necessidade de uma terceira dose de vacina contra a Covid-19 em idosos a partir de 60 anos. O estudo revelou que de fevereiro a maio deste ano, o grupo adquiriu imunidade contra o coronav\u00edrus, por\u00e9m, ap\u00f3s esse per\u00edodo houve aumento quanto ao n\u00famero de casos e de \u00f3bitos\u00a0para este grupo espec\u00edfico.<\/p>\n<p data-uw-styling-context=\"true\">Segundo o levantamento, a idade \u00e9 um fator de risco independente para o agravamento da Covid-19, onde o sistema imunol\u00f3gico responde menos \u00e0 produ\u00e7\u00e3o de anticorpos. Ou seja, um indiv\u00edduo a partir de 60 anos de idade corre duas vezes mais risco de hospitaliza\u00e7\u00e3o ou \u00f3bito por Covid-19 em rela\u00e7\u00e3o a um indiv\u00edduo mais jovem. E a situa\u00e7\u00e3o progride conforme o aumento da faixa et\u00e1ria.<\/p>\n<p data-uw-styling-context=\"true\">Para o secret\u00e1rio de Sa\u00fade, Geraldo Resende, o fato do Estado atingir \u00edndices consider\u00e1veis na vacina\u00e7\u00e3o e criar um cintur\u00e3o sanit\u00e1rio na fronteira propicia que se tenha subs\u00eddios suficientes para colher dados consolidados relativo \u00e0 imunidade dos idosos.<\/p>\n<p data-uw-styling-context=\"true\">\u201cA partir do nosso levantamento, vamos encaminhar essas informa\u00e7\u00f5es para o Minist\u00e9rio da Sa\u00fade e outras Institui\u00e7\u00f5es como o Conselho Nacional de Secret\u00e1rios de Sa\u00fade (CONASS) e o Conselho Nacional de Secret\u00e1rios Municipais de Sa\u00fade (CONASEMS), solicitando o refor\u00e7o de vacinas para o Estado para este processo de terceira dose. N\u00e3o tenho d\u00favidas que Mato Grosso do Sul tem sido refer\u00eancia para o pa\u00eds e se mostrando um Estado avan\u00e7ando neste enfrentamento \u00e0 Covid-19 e far\u00e1 mais uma vez hist\u00f3ria no pa\u00eds\u201d, pontua o secret\u00e1rio.<\/p>\n<p><strong data-uw-styling-context=\"true\">O Estudo<\/strong><\/p>\n<p data-uw-styling-context=\"true\">Em Mato Grosso do Sul, a campanha de vacina\u00e7\u00e3o contra a Covid-19 teve in\u00edcio no dia 19 de janeiro de 2021, come\u00e7ando pelos grupos pr\u00e9-determinados, seguindo as recomenda\u00e7\u00f5es do Minist\u00e9rio da Sa\u00fade.\u00a0 J\u00e1 na primeira etapa foram contemplandos os idosos em institui\u00e7\u00f5es de longa perman\u00eancia.<\/p>\n<p data-uw-styling-context=\"true\">Devido ao recebimento das doses que ocorreu de forma escalonada, as vacinas foram administradas na popula\u00e7\u00e3o idosa seguindo a ordem decrescente de idade, 80 ou mais, 70-79 anos, 60-69 anos. Os imunizantes utilizados foram a Coronavac Sinovac\/Instituto Butantan e a AstraZeneca\/Fiocruz.<\/p>\n<p data-uw-styling-context=\"true\">O per\u00edodo vacinal de janeiro a maio de 2021 foi voltado a esse grupo priorit\u00e1rio, finalizando com esquema completo. Os idosos, os de idade mais avan\u00e7ada, passaram por etapas completas de vacina\u00e7\u00e3o contra a Covid-19, apresentando excelentes coberturas vacinais chegando a 100%.<\/p>\n<p data-uw-styling-context=\"true\">Assim, o Estudo constatou que desde o in\u00edcio da pandemia at\u00e9 julho de 2021 foram registrados 5.626 \u00f3bitos de idosos v\u00edtimas da Covid-19, sendo 1.801 em 2020 e 3.825 em 2021. Isto representa 112% de \u00f3bitos a mais desde mar\u00e7o de 2020. E o risco de nova contamina\u00e7\u00e3o aumenta a partir dos 60 anos de forma progressiva nas faixas et\u00e1rias. O risco \u00e9 maior para os idosos de 90 anos ou mais, em que a possibilidade de hospitaliza\u00e7\u00e3o \u00e9 de 8,5% e de \u00f3bito de 18,3%.<\/p>\n<p><strong data-uw-styling-context=\"true\">Veja o Estudo por faixa et\u00e1ria:<\/strong><\/p>\n<p><a href=\"https:\/\/www.saude.ms.gov.br\/wp-content\/uploads\/2022\/08\/casosnovos.jpg\"><img loading=\"lazy\" decoding=\"async\" class=\"alignnone wp-image-20186 size-full\" src=\"https:\/\/www.saude.ms.gov.br\/wp-content\/uploads\/2022\/08\/casosnovos.jpg\" alt=\"\" width=\"695\" height=\"447\" \/><\/a><\/p>\n<p data-uw-styling-context=\"true\">Na faixa et\u00e1ria de 60 a 69 anos a m\u00e9dia de casos confirmados foi de 7,97% e mortes 27,79%. Observa-se queda nas mortes desde o m\u00eas de junho.\u00a0J\u00e1 na idade de 70 a 79 anos a m\u00e9dia de casos confirmados foi de 3,56% e mortes 23,06%. Houve queda de mortes nos meses de maio e junho, com eleva\u00e7\u00e3o no m\u00eas subsequente.<\/p>\n<p><a href=\"https:\/\/www.saude.ms.gov.br\/wp-content\/uploads\/2022\/08\/mortes.jpg\"><img loading=\"lazy\" decoding=\"async\" class=\"alignnone wp-image-20187 size-full\" src=\"https:\/\/www.saude.ms.gov.br\/wp-content\/uploads\/2022\/08\/mortes.jpg\" alt=\"\" width=\"767\" height=\"433\" \/><\/a><\/p>\n<p data-uw-styling-context=\"true\">Na popula\u00e7\u00e3o acima de 80 anos, a m\u00e9dia de 1,76% dos casos confirmados e 19,61% nos \u00f3bitos. Observa-se queda de mortes nos meses de abril e maio, voltando a se elevar nos meses subsequentes. A preocupa\u00e7\u00e3o maior \u00e9 com popula\u00e7\u00e3o acima de 80 anos, onde temos a maior taxa de letalidade. Observa-se a manuten\u00e7\u00e3o de altas taxas de letalidade, dada pela propor\u00e7\u00e3o de casos que resultaram em \u00f3bitos por Covid-19, nos idosos.<\/p>\n<div class=\"col-12 col-lg-8\">\n<div id=\"post-20179\" class=\"post-20179 post type-post status-publish format-standard has-post-thumbnail hentry category-coronavirus category-geral tag-destaque\">\n<div class=\"entry\">\n<div class=\"post-conteudo\">\n<p><a href=\"https:\/\/www.saude.ms.gov.br\/wp-content\/uploads\/2022\/08\/letalidade.jpg\"><img loading=\"lazy\" decoding=\"async\" class=\"alignnone wp-image-20188 \" src=\"https:\/\/www.saude.ms.gov.br\/wp-content\/uploads\/2022\/08\/letalidade.jpg\" alt=\"\" width=\"754\" height=\"400\" \/><\/a><\/p>\n<p data-uw-styling-context=\"true\">O levantamento ainda leva em considera\u00e7\u00e3o que h\u00e1 fatores agravantes para este p\u00fablico como: a circula\u00e7\u00e3o de novas variantes, alta transmissibilidade, efeito da imunidade por conta da idade. Os idosos s\u00e3o os mais vulner\u00e1veis frente a doen\u00e7a causada pelo novo coronav\u00edrus e com rela\u00e7\u00e3o aos dados sobre a efetividade reduzida nos idosos e pelo surgimento de novas variantes, desta forma avalia-se a possibilidade de dose de refor\u00e7o a esse grupo, pois mesmo imunizados ainda est\u00e3o sendo os mais acometidos pela Covid-19.<\/p>\n<\/div>\n<\/div>\n<\/div>\n<\/div>\n","protected":false},"excerpt":{"rendered":"<p>A Secretaria de Estado de Sa\u00fade (SES) realizou levantamento em que indica a necessidade de&#8230;<\/p>\n","protected":false},"author":13,"featured_media":11717434,"comment_status":"closed","ping_status":"closed","sticky":false,"template":"","format":"standard","meta":{"footnotes":""},"categories":[116,8,21],"tags":[],"class_list":["post-11717433","post","type-post","status-publish","format-standard","has-post-thumbnail","hentry","category-coronavirus","category-destaque","category-saude"],"_links":{"self":[{"href":"https:\/\/www.corumbaonline.com.br\/news\/wp-json\/wp\/v2\/posts\/11717433","targetHints":{"allow":["GET"]}}],"collection":[{"href":"https:\/\/www.corumbaonline.com.br\/news\/wp-json\/wp\/v2\/posts"}],"about":[{"href":"https:\/\/www.corumbaonline.com.br\/news\/wp-json\/wp\/v2\/types\/post"}],"author":[{"embeddable":true,"href":"https:\/\/www.corumbaonline.com.br\/news\/wp-json\/wp\/v2\/users\/13"}],"replies":[{"embeddable":true,"href":"https:\/\/www.corumbaonline.com.br\/news\/wp-json\/wp\/v2\/comments?post=11717433"}],"version-history":[{"count":1,"href":"https:\/\/www.corumbaonline.com.br\/news\/wp-json\/wp\/v2\/posts\/11717433\/revisions"}],"predecessor-version":[{"id":11717435,"href":"https:\/\/www.corumbaonline.com.br\/news\/wp-json\/wp\/v2\/posts\/11717433\/revisions\/11717435"}],"wp:featuredmedia":[{"embeddable":true,"href":"https:\/\/www.corumbaonline.com.br\/news\/wp-json\/wp\/v2\/media\/11717434"}],"wp:attachment":[{"href":"https:\/\/www.corumbaonline.com.br\/news\/wp-json\/wp\/v2\/media?parent=11717433"}],"wp:term":[{"taxonomy":"category","embeddable":true,"href":"https:\/\/www.corumbaonline.com.br\/news\/wp-json\/wp\/v2\/categories?post=11717433"},{"taxonomy":"post_tag","embeddable":true,"href":"https:\/\/www.corumbaonline.com.br\/news\/wp-json\/wp\/v2\/tags?post=11717433"}],"curies":[{"name":"wp","href":"https:\/\/api.w.org\/{rel}","templated":true}]}}