{"id":11717439,"date":"2021-08-15T08:20:00","date_gmt":"2021-08-15T12:20:00","guid":{"rendered":"http:\/\/www.corumbaonline.com.br\/news\/?p=11717439"},"modified":"2021-08-15T10:17:21","modified_gmt":"2021-08-15T14:17:21","slug":"no-duelo-dos-lideres-atletico-mineiro-vence-o-palmeiras-no-mineirao","status":"publish","type":"post","link":"https:\/\/www.corumbaonline.com.br\/news\/no-duelo-dos-lideres-atletico-mineiro-vence-o-palmeiras-no-mineirao\/","title":{"rendered":"No duelo dos l\u00edderes, Atl\u00e9tico Mineiro vence o Palmeiras no Mineir\u00e3o"},"content":{"rendered":"<p>O Atl\u00e9tico Mineiro venceu o Palmeiras por 2 a 0 na noite deste\u00a0s\u00e1bado\u00a0(14) no duelo dos l\u00edderes do Campeonato Brasileiro pela 16\u00aa rodada do torneio no est\u00e1dio Mineir\u00e3o.<img decoding=\"async\" src=\"https:\/\/agenciabrasil.ebc.com.br\/ebc.png?id=1418532&amp;o=node\" \/><img decoding=\"async\" src=\"https:\/\/agenciabrasil.ebc.com.br\/ebc.gif?id=1418532&amp;o=node\" \/><\/p>\n<div class=\"twitter-tweet twitter-tweet-rendered\"><iframe id=\"twitter-widget-0\" class=\"\" title=\"Twitter Tweet\" src=\"https:\/\/platform.twitter.com\/embed\/Tweet.html?creatorScreenName=agenciabrasil&amp;dnt=false&amp;embedId=twitter-widget-0&amp;features=eyJ0ZndfZXhwZXJpbWVudHNfY29va2llX2V4cGlyYXRpb24iOnsiYnVja2V0IjoxMjA5NjAwLCJ2ZXJzaW9uIjpudWxsfSwidGZ3X2hvcml6b25fdHdlZXRfZW1iZWRfOTU1NSI6eyJidWNrZXQiOiJodGUiLCJ2ZXJzaW9uIjpudWxsfSwidGZ3X3NwYWNlX2NhcmQiOnsiYnVja2V0Ijoib2ZmIiwidmVyc2lvbiI6bnVsbH19&amp;frame=false&amp;hideCard=false&amp;hideThread=false&amp;id=1426694405986078720&amp;lang=pt&amp;origin=https%3A%2F%2Fagenciabrasil.ebc.com.br%2Fesportes%2Fnoticia%2F2021-08%2Fno-duelo-dos-lideres-atletico-mineiro-vence-o-palmeiras-no-mineirao&amp;sessionId=d67379f9930b64c408b228eb78a66a17d09648ca&amp;siteScreenName=agenciabrasil&amp;theme=light&amp;widgetsVersion=1890d59c%3A1627936082797&amp;width=550px\" frameborder=\"0\" scrolling=\"no\" allowfullscreen=\"allowfullscreen\" data-tweet-id=\"1426694405986078720\" data-mce-fragment=\"1\"><\/iframe><\/div>\n<p>Depois da expuls\u00e3o do volante Patrick de Paula, do Palmeiras, aos 35 minutos da etapa inicial, o Galo tomou conta do jogo e marcou os dois gols com o atacante venezuelano Savarino. Aos 47 minutos da etapa inicial, ele abriu o placar depois de bom cruzamento do lateral Guilherme Arana. Aos 16 do segundo tempo, o outro gol veio depois de mais um cruzamento da esquerda e da dividida do artilheiro da noite com o goleiro palmeirense Weverton.<\/p>\n<div class=\"twitter-tweet twitter-tweet-rendered\"><iframe id=\"twitter-widget-1\" class=\"\" title=\"Twitter Tweet\" src=\"https:\/\/platform.twitter.com\/embed\/Tweet.html?creatorScreenName=agenciabrasil&amp;dnt=false&amp;embedId=twitter-widget-1&amp;features=eyJ0ZndfZXhwZXJpbWVudHNfY29va2llX2V4cGlyYXRpb24iOnsiYnVja2V0IjoxMjA5NjAwLCJ2ZXJzaW9uIjpudWxsfSwidGZ3X2hvcml6b25fdHdlZXRfZW1iZWRfOTU1NSI6eyJidWNrZXQiOiJodGUiLCJ2ZXJzaW9uIjpudWxsfSwidGZ3X3NwYWNlX2NhcmQiOnsiYnVja2V0Ijoib2ZmIiwidmVyc2lvbiI6bnVsbH19&amp;frame=false&amp;hideCard=false&amp;hideThread=false&amp;id=1426694320699097092&amp;lang=pt&amp;origin=https%3A%2F%2Fagenciabrasil.ebc.com.br%2Fesportes%2Fnoticia%2F2021-08%2Fno-duelo-dos-lideres-atletico-mineiro-vence-o-palmeiras-no-mineirao&amp;sessionId=d67379f9930b64c408b228eb78a66a17d09648ca&amp;siteScreenName=agenciabrasil&amp;theme=light&amp;widgetsVersion=1890d59c%3A1627936082797&amp;width=550px\" frameborder=\"0\" scrolling=\"no\" allowfullscreen=\"allowfullscreen\" data-tweet-id=\"1426694320699097092\" data-mce-fragment=\"1\"><\/iframe><\/div>\n<p>Com mais tr\u00eas pontos, o time mineiro chega aos 37 e se manteve na ponta da tabela. J\u00e1 o Palmeiras est\u00e1 na 2\u00aa posi\u00e7\u00e3o com 32 pontos. Mas pode ser ultrapassado pelo Fortaleza se a equipe cearense bater o Santos neste\u00a0domingo\u00a0no est\u00e1dio Castel\u00e3o. Na pr\u00f3xima rodada do Brasileiro, o Atl\u00e9tico enfrentar\u00e1 o Fluminense na\u00a0segunda-feira (23) no Rio\u00a0de Janeiro. O Palmeiras receber\u00e1 o Cuiab\u00e1 no\u00a0domingo\u00a0(22) em S\u00e3o Paulo.<\/p>\n<h2>Juventude vira para cima do Bragantino<\/h2>\n<p>O Juventude fez 2 a 1 no Bragantino no est\u00e1dio Nabi Abi Chedid, em Bragan\u00e7a Paulista, na tarde deste\u00a0s\u00e1bado\u00a0(14) na abertura da 16\u00aa rodada do Campeonato Brasileiro e conseguiu a primeira vit\u00f3ria jogando como visitante nessa edi\u00e7\u00e3o do torneio.<\/p>\n<div class=\"twitter-tweet twitter-tweet-rendered\"><iframe id=\"twitter-widget-2\" class=\"\" title=\"Twitter Tweet\" src=\"https:\/\/platform.twitter.com\/embed\/Tweet.html?creatorScreenName=agenciabrasil&amp;dnt=false&amp;embedId=twitter-widget-2&amp;features=eyJ0ZndfZXhwZXJpbWVudHNfY29va2llX2V4cGlyYXRpb24iOnsiYnVja2V0IjoxMjA5NjAwLCJ2ZXJzaW9uIjpudWxsfSwidGZ3X2hvcml6b25fdHdlZXRfZW1iZWRfOTU1NSI6eyJidWNrZXQiOiJodGUiLCJ2ZXJzaW9uIjpudWxsfSwidGZ3X3NwYWNlX2NhcmQiOnsiYnVja2V0Ijoib2ZmIiwidmVyc2lvbiI6bnVsbH19&amp;frame=false&amp;hideCard=false&amp;hideThread=false&amp;id=1426664628407390216&amp;lang=pt&amp;origin=https%3A%2F%2Fagenciabrasil.ebc.com.br%2Fesportes%2Fnoticia%2F2021-08%2Fno-duelo-dos-lideres-atletico-mineiro-vence-o-palmeiras-no-mineirao&amp;sessionId=d67379f9930b64c408b228eb78a66a17d09648ca&amp;siteScreenName=agenciabrasil&amp;theme=light&amp;widgetsVersion=1890d59c%3A1627936082797&amp;width=550px\" frameborder=\"0\" scrolling=\"no\" allowfullscreen=\"allowfullscreen\" data-tweet-id=\"1426664628407390216\" data-mce-fragment=\"1\"><\/iframe><\/div>\n<p>Os dois gols dos ga\u00fachos foram marcados pelo experiente meia Wagner. O primeiro saiu aos 28 minutos e o segundo aos 33 da etapa final. O gol do Massa Bruta foi do Helinho aos oito do primeiro tempo. Com os tr\u00eas pontos, o Alviverde Ga\u00facho subiu quatro posi\u00e7\u00f5es e alcan\u00e7ou o 10\u00ba lugar com 19 pontos.<\/p>\n<div class=\"twitter-tweet twitter-tweet-rendered\"><iframe id=\"twitter-widget-3\" class=\"\" title=\"Twitter Tweet\" src=\"https:\/\/platform.twitter.com\/embed\/Tweet.html?creatorScreenName=agenciabrasil&amp;dnt=false&amp;embedId=twitter-widget-3&amp;features=eyJ0ZndfZXhwZXJpbWVudHNfY29va2llX2V4cGlyYXRpb24iOnsiYnVja2V0IjoxMjA5NjAwLCJ2ZXJzaW9uIjpudWxsfSwidGZ3X2hvcml6b25fdHdlZXRfZW1iZWRfOTU1NSI6eyJidWNrZXQiOiJodGUiLCJ2ZXJzaW9uIjpudWxsfSwidGZ3X3NwYWNlX2NhcmQiOnsiYnVja2V0Ijoib2ZmIiwidmVyc2lvbiI6bnVsbH19&amp;frame=false&amp;hideCard=false&amp;hideThread=false&amp;id=1426664612200583175&amp;lang=pt&amp;origin=https%3A%2F%2Fagenciabrasil.ebc.com.br%2Fesportes%2Fnoticia%2F2021-08%2Fno-duelo-dos-lideres-atletico-mineiro-vence-o-palmeiras-no-mineirao&amp;sessionId=d67379f9930b64c408b228eb78a66a17d09648ca&amp;siteScreenName=agenciabrasil&amp;theme=light&amp;widgetsVersion=1890d59c%3A1627936082797&amp;width=550px\" frameborder=\"0\" scrolling=\"no\" allowfullscreen=\"allowfullscreen\" data-tweet-id=\"1426664612200583175\" data-mce-fragment=\"1\"><\/iframe><\/div>\n<p>O Bragantino se manteve no G4. O time do interior paulista \u00e9 o 4\u00ba com 28 pontos. Na pr\u00f3xima rodada, o Massa Bruta visitar\u00e1 o Am\u00e9rica Mineiro na\u00a0segunda-feira (23) e o Juventude receber\u00e1 o Fortaleza no\u00a0s\u00e1bado\u00a0(21).<\/p>\n<p><strong>Confira\u00a0<a href=\"https:\/\/agenciabrasil.ebc.com.br\/esportes\/tabelas\/brasileiro-serie-a-2021.html\">aqui\u00a0<\/a>a\u00a0classifica\u00e7\u00e3o do Brasileir\u00e3o.<\/strong><\/p>\n","protected":false},"excerpt":{"rendered":"<p>O Atl\u00e9tico Mineiro venceu o Palmeiras por 2 a 0 na noite deste\u00a0s\u00e1bado\u00a0(14) no duelo&#8230;<\/p>\n","protected":false},"author":4,"featured_media":0,"comment_status":"closed","ping_status":"closed","sticky":false,"template":"","format":"standard","meta":{"footnotes":""},"categories":[11],"tags":[],"class_list":["post-11717439","post","type-post","status-publish","format-standard","hentry","category-esporte"],"_links":{"self":[{"href":"https:\/\/www.corumbaonline.com.br\/news\/wp-json\/wp\/v2\/posts\/11717439","targetHints":{"allow":["GET"]}}],"collection":[{"href":"https:\/\/www.corumbaonline.com.br\/news\/wp-json\/wp\/v2\/posts"}],"about":[{"href":"https:\/\/www.corumbaonline.com.br\/news\/wp-json\/wp\/v2\/types\/post"}],"author":[{"embeddable":true,"href":"https:\/\/www.corumbaonline.com.br\/news\/wp-json\/wp\/v2\/users\/4"}],"replies":[{"embeddable":true,"href":"https:\/\/www.corumbaonline.com.br\/news\/wp-json\/wp\/v2\/comments?post=11717439"}],"version-history":[{"count":1,"href":"https:\/\/www.corumbaonline.com.br\/news\/wp-json\/wp\/v2\/posts\/11717439\/revisions"}],"predecessor-version":[{"id":11717440,"href":"https:\/\/www.corumbaonline.com.br\/news\/wp-json\/wp\/v2\/posts\/11717439\/revisions\/11717440"}],"wp:attachment":[{"href":"https:\/\/www.corumbaonline.com.br\/news\/wp-json\/wp\/v2\/media?parent=11717439"}],"wp:term":[{"taxonomy":"category","embeddable":true,"href":"https:\/\/www.corumbaonline.com.br\/news\/wp-json\/wp\/v2\/categories?post=11717439"},{"taxonomy":"post_tag","embeddable":true,"href":"https:\/\/www.corumbaonline.com.br\/news\/wp-json\/wp\/v2\/tags?post=11717439"}],"curies":[{"name":"wp","href":"https:\/\/api.w.org\/{rel}","templated":true}]}}