{"id":11717468,"date":"2021-08-16T10:01:00","date_gmt":"2021-08-16T14:01:00","guid":{"rendered":"http:\/\/www.corumbaonline.com.br\/news\/?p=11717468"},"modified":"2021-08-16T13:09:56","modified_gmt":"2021-08-16T17:09:56","slug":"prazo-para-alistamento-militar-esta-aberto-ate-31-de-agosto","status":"publish","type":"post","link":"https:\/\/www.corumbaonline.com.br\/news\/prazo-para-alistamento-militar-esta-aberto-ate-31-de-agosto\/","title":{"rendered":"Prazo para alistamento militar est\u00e1 aberto at\u00e9 31 de agosto"},"content":{"rendered":"<p>Por conta da pandemia do novo coronav\u00edrus, o per\u00edodo para alistamento militar foi prorrogado novamente este ano. O novo prazo vai at\u00e9 o final deste m\u00eas \u2013 mais precisamente, dia 31. As inscri\u00e7\u00f5es podem ser feitas no site alistamento.eb.mil.br (link:\u00a0<a href=\"https:\/\/alistamento.eb.mil.br\/\" target=\"_blank\" rel=\"noopener\">https:\/\/alistamento.eb.mil.br\/<\/a>).<img decoding=\"async\" src=\"https:\/\/agenciabrasil.ebc.com.br\/ebc.png?id=1418564&amp;o=node\" \/><img decoding=\"async\" src=\"https:\/\/agenciabrasil.ebc.com.br\/ebc.gif?id=1418564&amp;o=node\" \/><\/p>\n<p>O diretor de Servi\u00e7o Militar, general de Divis\u00e3o Vinicius Ferreira Martinelli, entrevistado do\u00a0<em>Brasil em Pauta<\/em>\u00a0deste\u00a0domingo\u00a0(13), adiantou que, para o alistamento, basta\u00a0ter\u00a0o CPF em m\u00e3os.\u00a0Segundo Martinelli, os candidatos devem se alistar no ano em que completam 18 anos. \u201cSe alistando, ele j\u00e1 vai estar aquele ano em dia com o servi\u00e7o militar\u201d, disse.<\/p>\n<p>Segundo o diretor, o primeiro semestre do servi\u00e7o militar \u00e9 dedicado \u00e0 forma\u00e7\u00e3o como soldado, quando o aluno aprende conceitos como marchar e prestar contin\u00eancia. Numa\u00a0segunda\u00a0etapa, ele vai\u00a0ter\u00a0no\u00e7\u00f5es mais espec\u00edficas do servi\u00e7o militar, como paraquedismo, artilharia e comunica\u00e7\u00f5es, a depender da \u00e1rea para onde ir\u00e1 trabalhar.<\/p>\n<p>De acordo com o militar, o treinamento coletivo possibilita que, em caso de necessidade, quem prestou servi\u00e7o militar seja convocado para desempenhar essas fun\u00e7\u00f5es. Segundo Martinelli, a estrat\u00e9gia \u00e9 usada por muitos pa\u00edses para que n\u00e3o seja necess\u00e1rio\u00a0ter\u00a0um efetivo permanente muito grande e oneroso. \u201cEsse \u00e9 um sistema mais barato, j\u00e1 que voc\u00ea n\u00e3o precisa\u00a0ter\u00a0um ex\u00e9rcito grande\u201d, disse.<\/p>\n","protected":false},"excerpt":{"rendered":"<p>Por conta da pandemia do novo coronav\u00edrus, o per\u00edodo para alistamento militar foi prorrogado novamente&#8230;<\/p>\n","protected":false},"author":4,"featured_media":0,"comment_status":"closed","ping_status":"closed","sticky":false,"template":"","format":"standard","meta":{"footnotes":""},"categories":[14],"tags":[],"class_list":["post-11717468","post","type-post","status-publish","format-standard","hentry","category-geral"],"_links":{"self":[{"href":"https:\/\/www.corumbaonline.com.br\/news\/wp-json\/wp\/v2\/posts\/11717468","targetHints":{"allow":["GET"]}}],"collection":[{"href":"https:\/\/www.corumbaonline.com.br\/news\/wp-json\/wp\/v2\/posts"}],"about":[{"href":"https:\/\/www.corumbaonline.com.br\/news\/wp-json\/wp\/v2\/types\/post"}],"author":[{"embeddable":true,"href":"https:\/\/www.corumbaonline.com.br\/news\/wp-json\/wp\/v2\/users\/4"}],"replies":[{"embeddable":true,"href":"https:\/\/www.corumbaonline.com.br\/news\/wp-json\/wp\/v2\/comments?post=11717468"}],"version-history":[{"count":1,"href":"https:\/\/www.corumbaonline.com.br\/news\/wp-json\/wp\/v2\/posts\/11717468\/revisions"}],"predecessor-version":[{"id":11717469,"href":"https:\/\/www.corumbaonline.com.br\/news\/wp-json\/wp\/v2\/posts\/11717468\/revisions\/11717469"}],"wp:attachment":[{"href":"https:\/\/www.corumbaonline.com.br\/news\/wp-json\/wp\/v2\/media?parent=11717468"}],"wp:term":[{"taxonomy":"category","embeddable":true,"href":"https:\/\/www.corumbaonline.com.br\/news\/wp-json\/wp\/v2\/categories?post=11717468"},{"taxonomy":"post_tag","embeddable":true,"href":"https:\/\/www.corumbaonline.com.br\/news\/wp-json\/wp\/v2\/tags?post=11717468"}],"curies":[{"name":"wp","href":"https:\/\/api.w.org\/{rel}","templated":true}]}}