{"id":11717473,"date":"2021-08-16T10:20:00","date_gmt":"2021-08-16T14:20:00","guid":{"rendered":"http:\/\/www.corumbaonline.com.br\/news\/?p=11717473"},"modified":"2021-08-16T15:41:39","modified_gmt":"2021-08-16T19:41:39","slug":"governadores-mandam-apoio-ao-stf-apos-ataques-de-bolsonaro","status":"publish","type":"post","link":"https:\/\/www.corumbaonline.com.br\/news\/governadores-mandam-apoio-ao-stf-apos-ataques-de-bolsonaro\/","title":{"rendered":"Governadores mandam apoio ao STF ap\u00f3s ataques de Bolsonaro"},"content":{"rendered":"<p>Os governadores de 13 Estados e do Distrito Federal divulgaram nesta segunda-feira uma nota conjunta em que manifestam solidariedade ao Supremo Tribunal Federal (STF) em meio ao que chamam de &#8220;constantes amea\u00e7as e agress\u00f5es&#8221;, sem citar nominalmente o presidente Jair Bolsonaro, que tem atacado frequentemente a corte, especialmente os ministros Alexandre de Moraes e Lu\u00eds Roberto Barroso.<\/p>\n<p>No s\u00e1bado, em publica\u00e7\u00e3o em suas redes sociais, Bolsonaro acusou Moraes e Barroso de atuarem fora dos limites da Constitui\u00e7\u00e3o e, ao mesmo tempo que amea\u00e7ou uma &#8220;ruptura institucional&#8221;, anunciou que entrar\u00e1 com processo contra os dois ministros no Senado.<\/p>\n<p>&#8220;Os governadores, que assinam ao final, manifestam a sua solidariedade ao Supremo Tribunal Federal, aos seus ministros e \u00e0s suas fam\u00edlias, em face de constantes amea\u00e7as e agress\u00f5es. O Estado Democr\u00e1tico de Direito s\u00f3 existe com Judici\u00e1rio independente, livre para decidir de acordo com a Constitui\u00e7\u00e3o e com as leis&#8221;, afirma a nota.<\/p>\n<p>&#8220;No \u00e2mbito dos nossos Estados, tudo faremos para ajudar a preservar a dignidade e a integridade do Poder Judici\u00e1rio. Renovamos o chamamento \u00e0 serenidade e \u00e0 paz que a nossa na\u00e7\u00e3o tanto necessita&#8221;, finaliza o documento.<\/p>\n<p>A nota foi assinada pelos governadores de Bahia, Rui Costa (PT); Maranh\u00e3o, Flavio Dino (PSB); Pernambuco, Paulo C\u00e2mara (PSB); S\u00e3o Paulo, Jo\u00e3o Doria (PSDB); Rio Grande do Sul, Eduardo Leite (PSDB); Cear\u00e1, Camilo Santana (PT); Para\u00edba, Jo\u00e3o Azev\u00eado (Cidadania); Esp\u00edrito Santo, Renato Casagrande (PSB); Piau\u00ed, Wellington Dias (PT); Rio Grande do Norte, F\u00e1tima Bezerra (PT); Alagoas, Renan Filho (MDB); Sergipe, Belivaldo Chagas (PSD); Distrito Federal, Ibaneis Rocha (MDB), e Amap\u00e1, Waldez G\u00f3es (PDT).<\/p>\n<p>Do grupo que assina a nota, Doria e Leite s\u00e3o pr\u00e9-candidatos \u00e0 Presid\u00eancia da Rep\u00fablica na elei\u00e7\u00e3o do ano que vem e disputar\u00e3o em novembro as pr\u00e9vias que definir\u00e3o o candidato do PSDB no pleito.<\/p>\n","protected":false},"excerpt":{"rendered":"<p>Os governadores de 13 Estados e do Distrito Federal divulgaram nesta segunda-feira uma nota conjunta&#8230;<\/p>\n","protected":false},"author":11,"featured_media":0,"comment_status":"closed","ping_status":"closed","sticky":false,"template":"","format":"standard","meta":{"footnotes":""},"categories":[19],"tags":[],"class_list":["post-11717473","post","type-post","status-publish","format-standard","hentry","category-politica"],"_links":{"self":[{"href":"https:\/\/www.corumbaonline.com.br\/news\/wp-json\/wp\/v2\/posts\/11717473","targetHints":{"allow":["GET"]}}],"collection":[{"href":"https:\/\/www.corumbaonline.com.br\/news\/wp-json\/wp\/v2\/posts"}],"about":[{"href":"https:\/\/www.corumbaonline.com.br\/news\/wp-json\/wp\/v2\/types\/post"}],"author":[{"embeddable":true,"href":"https:\/\/www.corumbaonline.com.br\/news\/wp-json\/wp\/v2\/users\/11"}],"replies":[{"embeddable":true,"href":"https:\/\/www.corumbaonline.com.br\/news\/wp-json\/wp\/v2\/comments?post=11717473"}],"version-history":[{"count":1,"href":"https:\/\/www.corumbaonline.com.br\/news\/wp-json\/wp\/v2\/posts\/11717473\/revisions"}],"predecessor-version":[{"id":11717474,"href":"https:\/\/www.corumbaonline.com.br\/news\/wp-json\/wp\/v2\/posts\/11717473\/revisions\/11717474"}],"wp:attachment":[{"href":"https:\/\/www.corumbaonline.com.br\/news\/wp-json\/wp\/v2\/media?parent=11717473"}],"wp:term":[{"taxonomy":"category","embeddable":true,"href":"https:\/\/www.corumbaonline.com.br\/news\/wp-json\/wp\/v2\/categories?post=11717473"},{"taxonomy":"post_tag","embeddable":true,"href":"https:\/\/www.corumbaonline.com.br\/news\/wp-json\/wp\/v2\/tags?post=11717473"}],"curies":[{"name":"wp","href":"https:\/\/api.w.org\/{rel}","templated":true}]}}