{"id":11717477,"date":"2021-08-16T11:23:00","date_gmt":"2021-08-16T15:23:00","guid":{"rendered":"http:\/\/www.corumbaonline.com.br\/news\/?p=11717477"},"modified":"2021-08-16T16:28:06","modified_gmt":"2021-08-16T20:28:06","slug":"corumba-realiza-diversas-acoes-durante-o-mes-do-patrimonio-historico","status":"publish","type":"post","link":"https:\/\/www.corumbaonline.com.br\/news\/corumba-realiza-diversas-acoes-durante-o-mes-do-patrimonio-historico\/","title":{"rendered":"Corumb\u00e1 realiza diversas a\u00e7\u00f5es durante o M\u00eas do Patrim\u00f4nio Hist\u00f3rico"},"content":{"rendered":"<p>No m\u00eas do patrim\u00f4nio hist\u00f3rico e j\u00e1 compondo a\u00e7\u00f5es comemorativas aos 243 anos de Corumb\u00e1, a Prefeitura, por meio da Funda\u00e7\u00e3o da Cultura e do Patrim\u00f4nio Hist\u00f3rico, realizar\u00e1 quatro eventos visando valorizar a nossa mem\u00f3ria cultura e hist\u00f3ria.<\/p>\n<p>Em parceria com a Funda\u00e7\u00e3o de Cultura de Mato Grosso do Sul e apoio da Secretaria Municipal de Cultura e Turismo de Campo Grande, acontecer\u00e1 o XI Simp\u00f3sio Estadual de Educa\u00e7\u00e3o Patrimonial, o I Semin\u00e1rio Municipal do Patrim\u00f4nio Cultural de Corumb\u00e1, o III Festival da Viola-de-Cocho e a primeira Cozinha Show com o tema \u201cGastronomia tamb\u00e9m \u00e9 Patrim\u00f4nio\u201d.<\/p>\n<p><img loading=\"lazy\" decoding=\"async\" class=\" wp-image-116176 alignleft\" src=\"https:\/\/www.corumba.ms.gov.br\/wp-content\/uploads\/2021\/08\/folder_cultura2.jpg\" alt=\"\" width=\"453\" height=\"768\" \/>Segundo o diretor-presidente da Funda\u00e7\u00e3o da Cultura e Patrim\u00f4nio Hist\u00f3rico de Corumb\u00e1, Jo\u00edlson Silva da Cruz, esses eventos acontecem em momento oportuno, tendo em vista que depois de 10 anos de tramites processuais, o Banho de S\u00e3o Jo\u00e3o de Corumb\u00e1 tornou-se recentemente Patrim\u00f4nio Imaterial da Cultura Brasileira e est\u00e1 registrado no livro das celebra\u00e7\u00f5es.<\/p>\n<p>Entre 23 e 26 de agosto, est\u00e3o previstas uma s\u00e9rie de atividades que v\u00e3o desde palestras, que tratar\u00e3o do registro do Banho de S\u00e3o Jo\u00e3o, da import\u00e2ncia hist\u00f3rica do Forte de Coimbra, lan\u00e7amento do Folder Institucional do Forte Coimbra, viv\u00eancia na Pra\u00e7a da Rep\u00fablica e terminando no MUHPAN, com entrega de certificados para os setenta participantes presenciais que fizerem a inscri\u00e7\u00e3o no link abaixo. Para os que n\u00e3o conseguirem uma vaga presencial, o evento ser\u00e1 transmitido em uma plataforma a ser divulgada.<\/p>\n<p><a role=\"link\" href=\"https:\/\/forms.gle\/wV3JLdj4yUwTMkNJ6\">https:\/\/forms.gle\/wV3JLdj4yUwTMkNJ6<\/a><\/p>\n<p>Durante o III Festival da Viola -de- Cocho, em parceria com a Secretaria Municipal de Educa\u00e7\u00e3o de Corumb\u00e1, ser\u00e1 oferecida a oficina de confec\u00e7\u00e3o de mini viola para vinte professores selecionados da Rede Municipal de Ensino (REME). Tamb\u00e9m ser\u00e3o abertas ao p\u00fablico oficinas de Siriri. Para Jo\u00edlson Silva \u00e9 uma forma de formarmos agentes multiplicadores desse saber, visando perpetuar a essa grande manifesta\u00e7\u00e3o que faz parte da nossa ess\u00eancia cultural e hist\u00f3rica.<\/p>\n<p>Al\u00e9m dos eventos de salvaguarda e educa\u00e7\u00e3o patrimonial, ser\u00e1 montada na Ferradura do Porto uma \u201cCozinha Show\u201d, onde acontecer\u00e1 viv\u00eancia gastron\u00f4mica do Sob\u00e1, reconhecido como Patrim\u00f4nio Imaterial de Campo Grande, como tamb\u00e9m dos pratos t\u00edpicos da nossa cidade. Seguindo todas as orienta\u00e7\u00f5es de biosseguran\u00e7a, as inscri\u00e7\u00f5es ser\u00e3o limitadas em cinquenta participantes e poder\u00e3o ser feitas na sede da Funda\u00e7\u00e3o da Cultura e Patrim\u00f4nio Hist\u00f3rico, na Ladeira Jos\u00e9 Bonif\u00e1cio, S\/N, das 07h30 \u00e0s 13h30, at\u00e9 o dia 20 de agosto.<\/p>\n<p><img loading=\"lazy\" decoding=\"async\" class=\" wp-image-116177 alignleft\" src=\"https:\/\/www.corumba.ms.gov.br\/wp-content\/uploads\/2021\/08\/folder_cultura.jpg\" alt=\"\" width=\"454\" height=\"856\" \/>O ponto alto de todos os eventos ser\u00e1 a chegada da imagem de Nossa Senhora do Carmo, que vir\u00e1 do Forte Coimbra para aben\u00e7oar o evento e a popula\u00e7\u00e3o de Corumb\u00e1 e Lad\u00e1rio. A imagem de Nossa Senhora do Carmo ficar\u00e1 sob guarda do Ex\u00e9rcito Brasileiro e dispon\u00edvel para visita\u00e7\u00e3o no dia 23 de agosto no Centro de Conven\u00e7\u00f5es, j\u00e1 no dia 24 no MUHPAN ( Museu da Hist\u00f3ria do Pantanal) das 08h \u00e0s 17h.<\/p>\n<p>\u201cLevando em considera\u00e7\u00e3o sua import\u00e2ncia hist\u00f3rica no contexto da Guerra do Paraguai e do Forte Coimbra, como tamb\u00e9m conforme o acordo de coopera\u00e7\u00e3o t\u00e9cnica firmado entre o Instituto do Patrim\u00f4nio Hist\u00f3rico e Art\u00edstico Nacional (Iphan) e a Confer\u00eancia Nacional dos Bispos do Brasil (CNBB), que prev\u00ea realiza\u00e7\u00e3o a\u00e7\u00f5es conjuntas de preserva\u00e7\u00e3o e valoriza\u00e7\u00e3o do Patrim\u00f4nio Cultural sob gest\u00e3o da Igreja Cat\u00f3lica no Brasil, nada mais justo que provoquemos a preserva\u00e7\u00e3o dessa rel\u00edquia\u201d, concluiu o diretor-presidente da Funda\u00e7\u00e3o da Cultura e do Patrim\u00f4nio Hist\u00f3rico de Corumb\u00e1.<\/p>\n<div class=\"sfsi_responsive_icons\" data-icon-width-type=\"Fully responsive\" data-icon-width-size=\"240\" data-edge-type=\"Round\" data-edge-radius=\"5\">\n<div class=\"sfsi_icons_container sfsi_responsive_without_counter_icons sfsi_medium_button_container sfsi_icons_container_box_fully_container \">\n<div class=\"sfsi_responsive_icon_item_container sfsi_responsive_icon_facebook_container sfsi_medium_button sfsi_responsive_icon_gradient sfsi_centered_icon\"><img decoding=\"async\" class=\"sfsi_wicon\" src=\"https:\/\/www.corumba.ms.gov.br\/wp-content\/plugins\/ultimate-social-media-icons\/images\/responsive-icon\/facebook.svg\" alt=\"facebook\" \/>\u00a0Compartilhar no Facebook<\/div>\n<\/div>\n<\/div>\n","protected":false},"excerpt":{"rendered":"<p>No m\u00eas do patrim\u00f4nio hist\u00f3rico e j\u00e1 compondo a\u00e7\u00f5es comemorativas aos 243 anos de Corumb\u00e1,&#8230;<\/p>\n","protected":false},"author":70,"featured_media":11717478,"comment_status":"closed","ping_status":"closed","sticky":false,"template":"","format":"standard","meta":{"footnotes":""},"categories":[7,8],"tags":[],"class_list":["post-11717477","post","type-post","status-publish","format-standard","has-post-thumbnail","hentry","category-cultura","category-destaque"],"_links":{"self":[{"href":"https:\/\/www.corumbaonline.com.br\/news\/wp-json\/wp\/v2\/posts\/11717477","targetHints":{"allow":["GET"]}}],"collection":[{"href":"https:\/\/www.corumbaonline.com.br\/news\/wp-json\/wp\/v2\/posts"}],"about":[{"href":"https:\/\/www.corumbaonline.com.br\/news\/wp-json\/wp\/v2\/types\/post"}],"author":[{"embeddable":true,"href":"https:\/\/www.corumbaonline.com.br\/news\/wp-json\/wp\/v2\/users\/70"}],"replies":[{"embeddable":true,"href":"https:\/\/www.corumbaonline.com.br\/news\/wp-json\/wp\/v2\/comments?post=11717477"}],"version-history":[{"count":1,"href":"https:\/\/www.corumbaonline.com.br\/news\/wp-json\/wp\/v2\/posts\/11717477\/revisions"}],"predecessor-version":[{"id":11717479,"href":"https:\/\/www.corumbaonline.com.br\/news\/wp-json\/wp\/v2\/posts\/11717477\/revisions\/11717479"}],"wp:featuredmedia":[{"embeddable":true,"href":"https:\/\/www.corumbaonline.com.br\/news\/wp-json\/wp\/v2\/media\/11717478"}],"wp:attachment":[{"href":"https:\/\/www.corumbaonline.com.br\/news\/wp-json\/wp\/v2\/media?parent=11717477"}],"wp:term":[{"taxonomy":"category","embeddable":true,"href":"https:\/\/www.corumbaonline.com.br\/news\/wp-json\/wp\/v2\/categories?post=11717477"},{"taxonomy":"post_tag","embeddable":true,"href":"https:\/\/www.corumbaonline.com.br\/news\/wp-json\/wp\/v2\/tags?post=11717477"}],"curies":[{"name":"wp","href":"https:\/\/api.w.org\/{rel}","templated":true}]}}