{"id":11717480,"date":"2021-08-16T12:00:00","date_gmt":"2021-08-16T16:00:00","guid":{"rendered":"http:\/\/www.corumbaonline.com.br\/news\/?p=11717480"},"modified":"2021-08-16T17:01:54","modified_gmt":"2021-08-16T21:01:54","slug":"boletim-covid-dados-apontam-queda-de-internacoes-e-casos-em-ms","status":"publish","type":"post","link":"https:\/\/www.corumbaonline.com.br\/news\/boletim-covid-dados-apontam-queda-de-internacoes-e-casos-em-ms\/","title":{"rendered":"Boletim Covid: dados apontam queda de interna\u00e7\u00f5es e casos em MS"},"content":{"rendered":"<p><span data-uw-styling-context=\"true\">Durante transmiss\u00e3o ao vivo do Boletim Coronav\u00edrus transmitida \u00e0s segundas, quartas e sextas-feiras, no Faceboook do Governo de Mato Grosso do Sul, o secret\u00e1rio de Sa\u00fade, Geraldo Resende destacou o cen\u00e1rio de melhoria de alguns indicadores Covid no Estado, a exemplo de novos casos, interna\u00e7\u00f5es e exames em an\u00e1lise.\u00a0<\/span><\/p>\n<p><span data-uw-styling-context=\"true\">\u201cTivemos uma melhoria sens\u00edvel de queda da doen\u00e7a no Estado. Fruto do trabalho incans\u00e1vel das equipes do Estado e dos munic\u00edpios, numa unidade que conseguimos construir aqui no Estado\u201d, pontuou o secret\u00e1rio de Sa\u00fade, Geraldo Resende.\u00a0<\/span><\/p>\n<p><span data-uw-styling-context=\"true\">Na atualiza\u00e7\u00e3o dos dados desta segunda-feira (16) foram confirmados 237 novos casos, e 12 \u00f3bitos por complica\u00e7\u00f5es da doen\u00e7a. Na an\u00e1lise da evolu\u00e7\u00e3o das m\u00e9dias m\u00f3veis, os novos casos apresentaram queda de 464 para 397, enquanto o de \u00f3bitos foi de 13,7 para 14,3. No aspecto dos \u00faltimos 21 dias (<em data-uw-styling-context=\"true\">imagem anexa<\/em>) \u00e9 vis\u00edvel a melhora dos indicadores.\u00a0<\/span><\/p>\n<p><img loading=\"lazy\" decoding=\"async\" class=\"alignnone wp-image-364921 size-full\" src=\"http:\/\/www.ms.gov.br\/wp-content\/uploads\/sites\/150\/2021\/08\/media-movel.jpg\" sizes=\"auto, (max-width: 767px) 100vw, 767px\" srcset=\"http:\/\/www.ms.gov.br\/wp-content\/uploads\/sites\/150\/2021\/08\/media-movel.jpg 767w, http:\/\/www.ms.gov.br\/wp-content\/uploads\/sites\/150\/2021\/08\/media-movel-300x235.jpg 300w, http:\/\/www.ms.gov.br\/wp-content\/uploads\/sites\/150\/2021\/08\/media-movel-307x240.jpg 307w\" alt=\"\" width=\"767\" height=\"600\" \/><\/p>\n<p><span data-uw-styling-context=\"true\">\u201cUma queda interessante que nos anima. Chegamos na centena do 300. \u00c9 a primeira vez nesses \u00faltimos 21 dias que nossa m\u00e9dia m\u00f3vel fica abaixo dos 400. Em rela\u00e7\u00e3o aos \u00f3bitos, a m\u00e9dia m\u00f3vel de ontem foi 13,7 e a de hoje 14,3\u201d, analisou a secret\u00e1ria adjunta da SES, Crhistinne Maymone.\u00a0<\/span><\/p>\n<p><span data-uw-styling-context=\"true\">Dos casos ativos no Estado, 368 s\u00e3o pacientes internados, sendo 144 em leitos cl\u00ednicos e 224\u00a0 em leitos de Unidade de Terapia Intensiva. No comparativo com o n\u00famero de interna\u00e7\u00f5es dos \u00faltimos 14 dias, os dados atuais mostram 139 pacientes internados a menos.\u00a0\u00a0<\/span><\/p>\n<div id=\"gallery-1\" class=\"gallery galleryid-364911 gallery-columns-2 gallery-size-medium\">\n<figure class=\"gallery-item\">\n<div class=\"gallery-icon landscape\"><a href=\"http:\/\/www.ms.gov.br\/wp-content\/uploads\/sites\/150\/2021\/08\/covid-cenario.png\"><img loading=\"lazy\" decoding=\"async\" class=\"attachment-medium size-medium\" src=\"http:\/\/www.ms.gov.br\/wp-content\/uploads\/sites\/150\/2021\/08\/covid-cenario-300x235.png\" sizes=\"auto, (max-width: 300px) 100vw, 300px\" srcset=\"http:\/\/www.ms.gov.br\/wp-content\/uploads\/sites\/150\/2021\/08\/covid-cenario-300x235.png 300w, http:\/\/www.ms.gov.br\/wp-content\/uploads\/sites\/150\/2021\/08\/covid-cenario-307x240.png 307w, http:\/\/www.ms.gov.br\/wp-content\/uploads\/sites\/150\/2021\/08\/covid-cenario.png 767w\" alt=\"\" width=\"300\" height=\"235\" \/><\/a><\/div>\n<\/figure>\n<figure class=\"gallery-item\">\n<div class=\"gallery-icon landscape\"><a href=\"http:\/\/www.ms.gov.br\/wp-content\/uploads\/sites\/150\/2021\/08\/vacina%C3%A7%C3%A3o.png\"><img loading=\"lazy\" decoding=\"async\" class=\"attachment-medium size-medium\" src=\"http:\/\/www.ms.gov.br\/wp-content\/uploads\/sites\/150\/2021\/08\/vacina%C3%A7%C3%A3o-300x235.png\" sizes=\"auto, (max-width: 300px) 100vw, 300px\" srcset=\"http:\/\/www.ms.gov.br\/wp-content\/uploads\/sites\/150\/2021\/08\/vacina\u00e7\u00e3o-300x235.png 300w, http:\/\/www.ms.gov.br\/wp-content\/uploads\/sites\/150\/2021\/08\/vacina\u00e7\u00e3o-307x240.png 307w, http:\/\/www.ms.gov.br\/wp-content\/uploads\/sites\/150\/2021\/08\/vacina\u00e7\u00e3o.png 767w\" alt=\"\" width=\"300\" height=\"235\" \/><\/a><\/div>\n<\/figure>\n<figure class=\"gallery-item\">\n<div class=\"gallery-icon landscape\"><a href=\"http:\/\/www.ms.gov.br\/wp-content\/uploads\/sites\/150\/2021\/08\/ocupa%C3%A7%C3%A3o-leitos-1.png\"><img loading=\"lazy\" decoding=\"async\" class=\"attachment-medium size-medium\" src=\"http:\/\/www.ms.gov.br\/wp-content\/uploads\/sites\/150\/2021\/08\/ocupa%C3%A7%C3%A3o-leitos-1-300x235.png\" sizes=\"auto, (max-width: 300px) 100vw, 300px\" srcset=\"http:\/\/www.ms.gov.br\/wp-content\/uploads\/sites\/150\/2021\/08\/ocupa\u00e7\u00e3o-leitos-1-300x235.png 300w, http:\/\/www.ms.gov.br\/wp-content\/uploads\/sites\/150\/2021\/08\/ocupa\u00e7\u00e3o-leitos-1-307x240.png 307w, http:\/\/www.ms.gov.br\/wp-content\/uploads\/sites\/150\/2021\/08\/ocupa\u00e7\u00e3o-leitos-1.png 767w\" alt=\"\" width=\"300\" height=\"235\" \/><\/a><\/div>\n<\/figure>\n<figure class=\"gallery-item\">\n<div class=\"gallery-icon landscape\"><a href=\"http:\/\/www.ms.gov.br\/wp-content\/uploads\/sites\/150\/2021\/08\/internados.png\"><img loading=\"lazy\" decoding=\"async\" class=\"attachment-medium size-medium\" src=\"http:\/\/www.ms.gov.br\/wp-content\/uploads\/sites\/150\/2021\/08\/internados-300x235.png\" sizes=\"auto, (max-width: 300px) 100vw, 300px\" srcset=\"http:\/\/www.ms.gov.br\/wp-content\/uploads\/sites\/150\/2021\/08\/internados-300x235.png 300w, http:\/\/www.ms.gov.br\/wp-content\/uploads\/sites\/150\/2021\/08\/internados-307x240.png 307w, http:\/\/www.ms.gov.br\/wp-content\/uploads\/sites\/150\/2021\/08\/internados.png 767w\" alt=\"\" width=\"300\" height=\"235\" \/><\/a><\/div>\n<\/figure>\n<\/div>\n<p><span data-uw-styling-context=\"true\">A taxa de ocupa\u00e7\u00e3o de leitos SUS\/UTI est\u00e1 abaixo de 70% em todas as macrorregi\u00f5es: Campo Grande (68%), Dourados (54%), Tr\u00eas Lagoas (51%) e Corumb\u00e1 (45%).<\/span><\/p>\n<p><span data-uw-styling-context=\"true\">A taxa de cont\u00e1gio que nos \u00faltimos tr\u00eas dias se manteve em 0.89, voltou a 0.88 neste in\u00edcio de semana.\u00a0 Mato Grosso do Sul conta com 368 amostras em an\u00e1lise no Lacen e outros 3220 casos aguardam encerramento pelos munic\u00edpios.\u00a0<\/span><\/p>\n<p><span data-uw-styling-context=\"true\">Mato Grosso do Sul conta com 88,01% da popula\u00e7\u00e3o vacin\u00e1vel com a primeira dose, e 50,79% com as duas doses ou dose \u00fanica. Com rela\u00e7\u00e3o a popula\u00e7\u00e3o total esse indicador \u00e9 de 65,68% vacinada com a D1, e 37,64% j\u00e1 imunizada com o ciclo vacinal completo.\u00a0<\/span><\/p>\n<p><span data-uw-styling-context=\"true\">No fechamento da semana epidemiol\u00f3gica 32 referente ao per\u00edodo de 8 a 14 de agosto, foram 3.336 novos casos, apresentando leve decl\u00ednio com rela\u00e7\u00e3o \u00e0 semana anterior que teve 3.434. O mesmo ocorreu com os \u00f3bitos que ca\u00edram de 124 da semana anterior, para 98 registros.\u00a0<\/span><\/p>\n<p><span data-uw-styling-context=\"true\">Confira\u00a0<strong><a href=\"http:\/\/www.ms.gov.br\/wp-content\/uploads\/sites\/150\/2021\/08\/Boletim-Epidemiol%C3%B3gico-COVID-19-2021.08.16.pdf\" data-uw-styling-context=\"true\">aqui<\/a><\/strong>\u00a0o detalhamento do boletim epidemiol\u00f3gico Covid desta segunda-feira, 16 de agosto de 2021.\u00a0<\/span><\/p>\n<p><strong data-uw-styling-context=\"true\">Pergunta do cidad\u00e3o<\/strong><\/p>\n<p><span data-uw-styling-context=\"true\">Uma novidade anunciada pelos gestores da SES \u00e9 que a popula\u00e7\u00e3o poder\u00e1 enviar perguntas que ser\u00e3o respondidas a partir da pr\u00f3xima live na quarta-feira (18).\u00a0<\/span><\/p>\n<p><span data-uw-styling-context=\"true\">Os questionamentos relacionados ao enfrentamento da pandemia no Estado e avan\u00e7o do processo de imuniza\u00e7\u00e3o poder\u00e3o ser enviados para as redes sociais oficiais (Instagram e Facebook) do Governo de Mato Grosso do Sul.\u00a0<\/span><\/p>\n","protected":false},"excerpt":{"rendered":"<p>Durante transmiss\u00e3o ao vivo do Boletim Coronav\u00edrus transmitida \u00e0s segundas, quartas e sextas-feiras, no Faceboook&#8230;<\/p>\n","protected":false},"author":13,"featured_media":11717481,"comment_status":"closed","ping_status":"closed","sticky":false,"template":"","format":"standard","meta":{"footnotes":""},"categories":[116,8,21],"tags":[],"class_list":["post-11717480","post","type-post","status-publish","format-standard","has-post-thumbnail","hentry","category-coronavirus","category-destaque","category-saude"],"_links":{"self":[{"href":"https:\/\/www.corumbaonline.com.br\/news\/wp-json\/wp\/v2\/posts\/11717480","targetHints":{"allow":["GET"]}}],"collection":[{"href":"https:\/\/www.corumbaonline.com.br\/news\/wp-json\/wp\/v2\/posts"}],"about":[{"href":"https:\/\/www.corumbaonline.com.br\/news\/wp-json\/wp\/v2\/types\/post"}],"author":[{"embeddable":true,"href":"https:\/\/www.corumbaonline.com.br\/news\/wp-json\/wp\/v2\/users\/13"}],"replies":[{"embeddable":true,"href":"https:\/\/www.corumbaonline.com.br\/news\/wp-json\/wp\/v2\/comments?post=11717480"}],"version-history":[{"count":1,"href":"https:\/\/www.corumbaonline.com.br\/news\/wp-json\/wp\/v2\/posts\/11717480\/revisions"}],"predecessor-version":[{"id":11717482,"href":"https:\/\/www.corumbaonline.com.br\/news\/wp-json\/wp\/v2\/posts\/11717480\/revisions\/11717482"}],"wp:featuredmedia":[{"embeddable":true,"href":"https:\/\/www.corumbaonline.com.br\/news\/wp-json\/wp\/v2\/media\/11717481"}],"wp:attachment":[{"href":"https:\/\/www.corumbaonline.com.br\/news\/wp-json\/wp\/v2\/media?parent=11717480"}],"wp:term":[{"taxonomy":"category","embeddable":true,"href":"https:\/\/www.corumbaonline.com.br\/news\/wp-json\/wp\/v2\/categories?post=11717480"},{"taxonomy":"post_tag","embeddable":true,"href":"https:\/\/www.corumbaonline.com.br\/news\/wp-json\/wp\/v2\/tags?post=11717480"}],"curies":[{"name":"wp","href":"https:\/\/api.w.org\/{rel}","templated":true}]}}