{"id":11717485,"date":"2021-08-17T08:07:11","date_gmt":"2021-08-17T12:07:11","guid":{"rendered":"http:\/\/www.corumbaonline.com.br\/news\/?p=11717485"},"modified":"2021-08-17T08:07:14","modified_gmt":"2021-08-17T12:07:14","slug":"alms-pautadas-cinco-materias-para-apreciacao-na-ordem-do-dia-desta-terca-feira","status":"publish","type":"post","link":"https:\/\/www.corumbaonline.com.br\/news\/alms-pautadas-cinco-materias-para-apreciacao-na-ordem-do-dia-desta-terca-feira\/","title":{"rendered":"ALMS: pautadas cinco mat\u00e9rias para aprecia\u00e7\u00e3o na Ordem do Dia desta ter\u00e7a-feira"},"content":{"rendered":"<p>Na primeira sess\u00e3o plen\u00e1ria mista da semana, que ser\u00e1 realizada nesta ter\u00e7a-feira (17), os deputados estaduais da Assembleia Legislativa de Mato Grosso do Sul (ALEMS) devem analisar cinco mat\u00e9rias, sendo tr\u00eas em primeira discuss\u00e3o, e duas em discuss\u00e3o \u00fanica. Todas receberam pareceres favor\u00e1veis \u00e0\u00a0tramita\u00e7\u00e3o emitidos pela\u00a0Comiss\u00e3o de Constitui\u00e7\u00e3o, Justi\u00e7a e Reda\u00e7\u00e3o (CCJR). A reuni\u00e3o plen\u00e1ria\u00a0come\u00e7a a partir das 9h, e\u00a0\u00e9 transmitida ao vivo pelo canal 9 da Claro\u00a0Net TV,\u00a0<a href=\"https:\/\/al.ms.gov.br\/TvAssembleia\" target=\"_blank\" rel=\"noopener\">TV ALEMS<\/a>,\u00a0<a href=\"https:\/\/www.youtube.com\/c\/assembleialegislativadems\" target=\"_blank\" rel=\"noopener\">Youtube<\/a>,\u00a0<a href=\"https:\/\/www.facebook.com\/assembleiams\" target=\"_blank\" rel=\"noopener\">Facebook<\/a>,\u00a0<a href=\"https:\/\/al.ms.gov.br\/RadioAssembleia\/Audios?idMenu=601\" target=\"_blank\" rel=\"noopener\">R\u00e1dio ALEMS<\/a>\u00a0e aplicativo Assembleia MS (<a href=\"https:\/\/play.google.com\/store\/apps\/details?id=br.com.app.gpu1553513.gpu40f07c507865e03ef66422c7404ba120&amp;hl=pt_BR\" target=\"_blank\" rel=\"noopener\">Android<\/a>\/<a href=\"https:\/\/apps.apple.com\/br\/app\/assembleia-legislativa-do-ms\/id1185708415\" target=\"_blank\" rel=\"noopener\">iOS<\/a>).<\/p>\n<p><strong>Primeira discuss\u00e3o<\/strong><\/p>\n<p>De autoria do deputado Capit\u00e3o Contar (PSL),\u00a0est\u00e1 prevista a vota\u00e7\u00e3o em primeira discuss\u00e3o do\u00a0<a href=\"https:\/\/sgpl.consulta.al.ms.gov.br\/sgpl-publico\/#\/linha-tempo?idProposicao=135753\" target=\"_blank\" rel=\"noopener\"><ins>Projeto de Lei 202\/2021<\/ins><\/a>, que inclui no Calend\u00e1rio Oficial de Eventos do Estado de Mato Grosso do Sul, institu\u00eddo pela\u00a0<a href=\"http:\/\/aacpdappls.net.ms.gov.br\/appls\/legislacao\/secoge\/govato.nsf\/448b683bce4ca84704256c0b00651e9d\/a19103f1de3f6af904257776005e9eea?OpenDocument\" target=\"_blank\" rel=\"noopener\"><ins>Lei 3.945, de 04 de agosto de 2010,<\/ins><\/a>\u00a0a Festa de Nossa Senhora do Carmo, realizada no Distrito de Forte Coimbra (MS),\u00a0a ser comemorado, anualmente, no dia 16 de julho.<\/p>\n<p>Tamb\u00e9m de autoria do deputado Capit\u00e3o Contar, est\u00e1 na pautado em primeira discuss\u00e3o o\u00a0<a href=\"https:\/\/sgpl.consulta.al.ms.gov.br\/sgpl-publico\/#\/linha-tempo?idProposicao=90974\" target=\"_blank\" rel=\"noopener\"><ins>Projeto de Lei 212\/2020,<\/ins><\/a>\u00a0que altera e acrescenta dispositivos \u00e0\u00a0<a href=\"http:\/\/aacpdappls.net.ms.gov.br\/appls\/legislacao\/secoge\/govato.nsf\/448b683bce4ca84704256c0b00651e9d\/4191b6556aa3302a04257c07006a930f?OpenDocument\" target=\"_blank\" rel=\"noopener\"><ins>Lei 4.416 de 16 de outubro de 2013,<\/ins><\/a>\u00a0que disp\u00f5e sobre o acesso \u00e0 informa\u00e7\u00e3o, no \u00e2mbito do Estado de Mato Grosso do Sul, nos termos que especifica, e d\u00e1 outras provid\u00eancias. A mat\u00e9ria recebeu parecer favor\u00e1vel por unanimidade da CCJR, com a emenda substitutiva integral, e tem a finalidade\u00a0de incluir procedimentos mais objetivos para tornar mais acess\u00edvel \u00e0 sociedade o alcance \u00e0 informa\u00e7\u00e3o.<\/p>\n<p>Por fim, deve ser analisado em primeira discuss\u00e3o o\u00a0<a href=\"https:\/\/sgpl.consulta.al.ms.gov.br\/sgpl-publico\/#\/linha-tempo?idProposicao=135980\" target=\"_blank\" rel=\"noopener\"><ins>Projeto de Lei 210\/2021<\/ins><\/a>, de autoria do Poder Executivo, que altera a reda\u00e7\u00e3o e acrescenta dispositivos \u00e0\u00a0<a href=\"http:\/\/aacpdappls.net.ms.gov.br\/appls\/legislacao\/secoge\/govato.nsf\/448b683bce4ca84704256c0b00651e9d\/d5cfc722c5b2d1dc04256e5c006540bd?OpenDocument\" target=\"_blank\" rel=\"noopener\"><ins>Lei 1.102, de 10 de outubro de 1990,<\/ins><\/a>\u00a0nos termos que especifica. Entre as altera\u00e7\u00f5es est\u00e1 a mudan\u00e7a da ementa, que passar\u00e1 a ser redigida desta forma: \u201cdisp\u00f5e sobre o regime jur\u00eddico dos servidores p\u00fablicos civis do Poder Executivo, das Autarquias e das Funda\u00e7\u00f5es P\u00fablicas do Estado de Mato Grosso do Sul, e d\u00e1 outras provid\u00eancias&#8221;. A adequa\u00e7\u00e3o no termo, mudando de funcion\u00e1rios p\u00fablicos para servidores p\u00fablicos acompanha adequa\u00e7\u00e3o implementada com a\u00a0<a href=\"http:\/\/www.planalto.gov.br\/ccivil_03\/leis\/l8112cons.htm\" target=\"_blank\" rel=\"noopener\"><ins>\u00a0Lei Federal 8.112, de 11 de dezembro de 1990.<\/ins><\/a><\/p>\n<p><strong>Discuss\u00e3o \u00fanica<\/strong><\/p>\n<p>Dois projetos est\u00e3o previstos em discuss\u00e3o \u00fanica. Um deles \u00e9 o\u00a0<a href=\"https:\/\/sgpl.consulta.al.ms.gov.br\/sgpl-publico\/#\/linha-tempo?idProposicao=135933\" target=\"_blank\" rel=\"noopener\"><ins>Projeto de Lei 207\/2021<\/ins><\/a>, de autoria do deputado Marcio Fernandes (MDB), que confere ao munic\u00edpio de Porto Murtinho o cognome de Portal da Rota Bioce\u00e2nica. Segundo o autor da mat\u00e9ria, a denomina\u00e7\u00e3o\u00a0\u00e9 um reconhecimento \u00e0 hist\u00f3ria e\u00a0contribui\u00e7\u00e3o do munic\u00edpio para a economia sul-mato-grossense. J\u00e1\u00a0o\u00a0Projeto de Resolu\u00e7\u00e3o 22\/2021, de autoria do deputado Barbosinha (DEM), concede Comenda de M\u00e9rito Legislativo.<\/p>\n","protected":false},"excerpt":{"rendered":"<p>Na primeira sess\u00e3o plen\u00e1ria mista da semana, que ser\u00e1 realizada nesta ter\u00e7a-feira (17), os deputados&#8230;<\/p>\n","protected":false},"author":12,"featured_media":0,"comment_status":"closed","ping_status":"closed","sticky":false,"template":"","format":"standard","meta":{"footnotes":""},"categories":[19],"tags":[],"class_list":["post-11717485","post","type-post","status-publish","format-standard","hentry","category-politica"],"_links":{"self":[{"href":"https:\/\/www.corumbaonline.com.br\/news\/wp-json\/wp\/v2\/posts\/11717485","targetHints":{"allow":["GET"]}}],"collection":[{"href":"https:\/\/www.corumbaonline.com.br\/news\/wp-json\/wp\/v2\/posts"}],"about":[{"href":"https:\/\/www.corumbaonline.com.br\/news\/wp-json\/wp\/v2\/types\/post"}],"author":[{"embeddable":true,"href":"https:\/\/www.corumbaonline.com.br\/news\/wp-json\/wp\/v2\/users\/12"}],"replies":[{"embeddable":true,"href":"https:\/\/www.corumbaonline.com.br\/news\/wp-json\/wp\/v2\/comments?post=11717485"}],"version-history":[{"count":1,"href":"https:\/\/www.corumbaonline.com.br\/news\/wp-json\/wp\/v2\/posts\/11717485\/revisions"}],"predecessor-version":[{"id":11717486,"href":"https:\/\/www.corumbaonline.com.br\/news\/wp-json\/wp\/v2\/posts\/11717485\/revisions\/11717486"}],"wp:attachment":[{"href":"https:\/\/www.corumbaonline.com.br\/news\/wp-json\/wp\/v2\/media?parent=11717485"}],"wp:term":[{"taxonomy":"category","embeddable":true,"href":"https:\/\/www.corumbaonline.com.br\/news\/wp-json\/wp\/v2\/categories?post=11717485"},{"taxonomy":"post_tag","embeddable":true,"href":"https:\/\/www.corumbaonline.com.br\/news\/wp-json\/wp\/v2\/tags?post=11717485"}],"curies":[{"name":"wp","href":"https:\/\/api.w.org\/{rel}","templated":true}]}}