{"id":11717500,"date":"2021-08-17T09:11:00","date_gmt":"2021-08-17T13:11:00","guid":{"rendered":"http:\/\/www.corumbaonline.com.br\/news\/?p=11717500"},"modified":"2021-08-17T10:49:03","modified_gmt":"2021-08-17T14:49:03","slug":"vereadora-cobra-melhorias-para-maior-seguranca-do-transito-na-cidade","status":"publish","type":"post","link":"https:\/\/www.corumbaonline.com.br\/news\/vereadora-cobra-melhorias-para-maior-seguranca-do-transito-na-cidade\/","title":{"rendered":"Vereadora cobra melhorias para maior seguran\u00e7a do tr\u00e2nsito na cidade"},"content":{"rendered":"<p>A vereadora Raquel Bryk est\u00e1 cobrando melhorias no tr\u00e2nsito de Corumb\u00e1 para assegurar condi\u00e7\u00f5es de trafegabilidade n\u00e3o s\u00f3 dos ve\u00edculos que transitam na cidade, mas tamb\u00e9m de pedestres.<\/p>\n<p>Durante sess\u00e3o da C\u00e2mara, a vereadora apresentou um requerimento dirigido ao diretor da Ag\u00eancia Municipal de Tr\u00e2nsito e Transporte (Agetrat), Paulo Andr\u00e9 de Ara\u00fajo Junior, pedindo melhorias na sinaliza\u00e7\u00e3o do cruzamento das ruas Edu Rocha com a Duque de Caxias.<\/p>\n<p>Ao fazer uso da palavra, ela citou que \u00e9 preciso uma tomada de provid\u00eancia em rela\u00e7\u00e3o ao tr\u00e2nsito como um todo, visando melhor orientando os motoristas, os pedestres, evitando acidentes que acabam causando v\u00edtimas fatais, inclusive.<\/p>\n<p>Disse que \u00e9 preciso realizar um trabalho em toda a cidade, melhorar a sinaliza\u00e7\u00e3o vertical e horizontal, al\u00e9m de a\u00e7\u00f5es de conscientiza\u00e7\u00e3o dos condutores de ve\u00edculos.<\/p>\n<p>Cobrou uma posi\u00e7\u00e3o da equipe que gerencia as obras do Fonplata na cidade, para que, t\u00e3o logo as obras sejam finalizadas, a via receba todos os equipamentos de seguran\u00e7a de tr\u00e2nsito necess\u00e1rio, visando orientar a popula\u00e7\u00e3o.<\/p>\n<p>\u201cTemos cobrado melhorias no tr\u00e2nsito. \u00c9 preciso que a cidade tenha uma boa sinaliza\u00e7\u00e3o para evitar transtornos, n\u00e3o s\u00f3 sinaliza\u00e7\u00e3o vertical, mas tamb\u00e9m horizontal\u201d, cobrou, lembrando que existem locais que recebem sinaliza\u00e7\u00e3o horizontal, mas que a pintura logo desaparece, \u201co que n\u00e3o deve acontecer\u201d.<\/p>\n<p>HOMENAGEM<\/p>\n<p>Ao mesmo tempo, Raquel apresentou um requerimento visando homenagear com uma Mo\u00e7\u00e3o de Congratula\u00e7\u00e3o o presidente da Primeira Subsec\u00e7\u00e3o da OAB-MS (Ordem dos Advogados do Brasil), de Corumb\u00e1, Roberto Ajala Lins, Presidente da Primeira Subsec\u00e7\u00e3o da OAB MS (Ordem dos Advogados do Brasil), em respeito aos valorosos servi\u00e7os prestados \u00e0 popula\u00e7\u00e3o da regi\u00e3o pantaneira e do estado, bem como, pela passagem do Dia do Advogado, comemorado no dia 11 de Agosto.<\/p>\n<p>\u201cA presente distin\u00e7\u00e3o justifica-se em reconhecer a compet\u00eancia do homenageado, seu profissionalismo, a dedica\u00e7\u00e3o com que sempre exerceu e exerce ao Curso de Direito do Campus do Pantanal\/UFMS e, finalmente, pela excepcional condu\u00e7\u00e3o da principal institui\u00e7\u00e3o que representa as advogadas e os advogados, enquanto classe profissional no munic\u00edpio de Corumb\u00e1 e regi\u00e3o\u201d, justificou.<\/p>\n<p>Ao homenagear Roberto Ajala Lins pela honradez, brilhantismo e \u00e9tica que conduz a sua carreira acad\u00eamica e profissional, a vereador parabenizou tamb\u00e9m todas as advogadas e advogados do munic\u00edpio de Corumb\u00e1 e regi\u00e3o, \u201cque exercem a advocacia com dignidade, baseados nos princ\u00edpios jur\u00eddicos e constitucionais, sejam aut\u00f4nomos ou empregados, seja no \u00e2mbito p\u00fablico ou privado, promovendo o equil\u00edbrio e assegurando a preserva\u00e7\u00e3o dos direitos das cidad\u00e3s e dos cidad\u00e3os do nosso pa\u00eds\u201d, concluiu.<\/p>\n","protected":false},"excerpt":{"rendered":"<p>A vereadora Raquel Bryk est\u00e1 cobrando melhorias no tr\u00e2nsito de Corumb\u00e1 para assegurar condi\u00e7\u00f5es de&#8230;<\/p>\n","protected":false},"author":63,"featured_media":0,"comment_status":"closed","ping_status":"closed","sticky":false,"template":"","format":"standard","meta":{"footnotes":""},"categories":[19],"tags":[],"class_list":["post-11717500","post","type-post","status-publish","format-standard","hentry","category-politica"],"_links":{"self":[{"href":"https:\/\/www.corumbaonline.com.br\/news\/wp-json\/wp\/v2\/posts\/11717500","targetHints":{"allow":["GET"]}}],"collection":[{"href":"https:\/\/www.corumbaonline.com.br\/news\/wp-json\/wp\/v2\/posts"}],"about":[{"href":"https:\/\/www.corumbaonline.com.br\/news\/wp-json\/wp\/v2\/types\/post"}],"author":[{"embeddable":true,"href":"https:\/\/www.corumbaonline.com.br\/news\/wp-json\/wp\/v2\/users\/63"}],"replies":[{"embeddable":true,"href":"https:\/\/www.corumbaonline.com.br\/news\/wp-json\/wp\/v2\/comments?post=11717500"}],"version-history":[{"count":1,"href":"https:\/\/www.corumbaonline.com.br\/news\/wp-json\/wp\/v2\/posts\/11717500\/revisions"}],"predecessor-version":[{"id":11717501,"href":"https:\/\/www.corumbaonline.com.br\/news\/wp-json\/wp\/v2\/posts\/11717500\/revisions\/11717501"}],"wp:attachment":[{"href":"https:\/\/www.corumbaonline.com.br\/news\/wp-json\/wp\/v2\/media?parent=11717500"}],"wp:term":[{"taxonomy":"category","embeddable":true,"href":"https:\/\/www.corumbaonline.com.br\/news\/wp-json\/wp\/v2\/categories?post=11717500"},{"taxonomy":"post_tag","embeddable":true,"href":"https:\/\/www.corumbaonline.com.br\/news\/wp-json\/wp\/v2\/tags?post=11717500"}],"curies":[{"name":"wp","href":"https:\/\/api.w.org\/{rel}","templated":true}]}}