{"id":11717502,"date":"2021-08-17T09:23:00","date_gmt":"2021-08-17T13:23:00","guid":{"rendered":"http:\/\/www.corumbaonline.com.br\/news\/?p=11717502"},"modified":"2021-08-17T10:51:21","modified_gmt":"2021-08-17T14:51:21","slug":"vereadores-homenageiam-fundacao-de-turismo-pela-revitalizacao-do-cristo-rei-do-pantanal","status":"publish","type":"post","link":"https:\/\/www.corumbaonline.com.br\/news\/vereadores-homenageiam-fundacao-de-turismo-pela-revitalizacao-do-cristo-rei-do-pantanal\/","title":{"rendered":"Vereadores homenageiam Funda\u00e7\u00e3o de Turismo pela revitaliza\u00e7\u00e3o do Cristo Rei do Pantanal"},"content":{"rendered":"<p>Os vereadores Roberto Gomes Fa\u00e7anha e Elinho Junior, presidente e primeiro secret\u00e1rio da Casa Municipal de Corumb\u00e1, respectivamente, prestaram ontem, segunda-feira, 16 de agosto, uma homenagem \u00e0 Funda\u00e7\u00e3o de Turismo do Pantanal de Corumb\u00e1, por meio da sua diretora-presidente Elis\u00e2ngela Sienna Costa Oliva, pelas obras de revitaliza\u00e7\u00e3o do Cristo Rei do Pantanal.<\/p>\n<p>Foi por meio de requerimento aprovado por unanimidade pelos vereadores do Poder Legislativo corumbaense, que reconheceram o trabalho desenvolvido pela diretora e sua equipe, durante as obras de recupera\u00e7\u00e3o e revitaliza\u00e7\u00e3o das imagens que integram a Via Sacra, bem como a est\u00e1tua de Cristo, no alto do Morro do Cruzeiro, de bra\u00e7os abertos para a cidade e o Pantanal.<\/p>\n<p>As obras de restaura\u00e7\u00e3o foram entregues \u00e0 popula\u00e7\u00e3o e aos turistas que visitam a cidade, na \u00faltima sexta-feira, 13 de agosto, pelo prefeito Marcelo Iunes.<\/p>\n<p>O projeto de restaura\u00e7\u00e3o contemplou, al\u00e9m de servi\u00e7os preliminares, a pintura interna e externa das depend\u00eancias do CAT (Centro de Atendimento ao Turista), reparos diversos (vidros, corrim\u00e3o, fechaduras, espelhos), recupera\u00e7\u00e3o da Via Sacra (restauro e pintura), restauro e pintura do Cristo Rei, instala\u00e7\u00e3o hidrossanit\u00e1ria, e impermeabiliza\u00e7\u00e3o das lajes do CAT.<\/p>\n<p>Tamb\u00e9m foram recuperados os corredores, banheiros e a lanchonete, reparo de instala\u00e7\u00f5es el\u00e9tricas, substitui\u00e7\u00e3o de refletores de l\u00e2mpadas por led, troca de tomadas e interruptores, aterramento de cabos, recupera\u00e7\u00e3o do port\u00e3o de acesso, instala\u00e7\u00e3o de alambrado na subida da Via Sacra e coloca\u00e7\u00e3o de guarda-corpo.<\/p>\n","protected":false},"excerpt":{"rendered":"<p>Os vereadores Roberto Gomes Fa\u00e7anha e Elinho Junior, presidente e primeiro secret\u00e1rio da Casa Municipal&#8230;<\/p>\n","protected":false},"author":63,"featured_media":11717503,"comment_status":"closed","ping_status":"closed","sticky":false,"template":"","format":"standard","meta":{"footnotes":""},"categories":[19],"tags":[],"class_list":["post-11717502","post","type-post","status-publish","format-standard","has-post-thumbnail","hentry","category-politica"],"_links":{"self":[{"href":"https:\/\/www.corumbaonline.com.br\/news\/wp-json\/wp\/v2\/posts\/11717502","targetHints":{"allow":["GET"]}}],"collection":[{"href":"https:\/\/www.corumbaonline.com.br\/news\/wp-json\/wp\/v2\/posts"}],"about":[{"href":"https:\/\/www.corumbaonline.com.br\/news\/wp-json\/wp\/v2\/types\/post"}],"author":[{"embeddable":true,"href":"https:\/\/www.corumbaonline.com.br\/news\/wp-json\/wp\/v2\/users\/63"}],"replies":[{"embeddable":true,"href":"https:\/\/www.corumbaonline.com.br\/news\/wp-json\/wp\/v2\/comments?post=11717502"}],"version-history":[{"count":1,"href":"https:\/\/www.corumbaonline.com.br\/news\/wp-json\/wp\/v2\/posts\/11717502\/revisions"}],"predecessor-version":[{"id":11717504,"href":"https:\/\/www.corumbaonline.com.br\/news\/wp-json\/wp\/v2\/posts\/11717502\/revisions\/11717504"}],"wp:featuredmedia":[{"embeddable":true,"href":"https:\/\/www.corumbaonline.com.br\/news\/wp-json\/wp\/v2\/media\/11717503"}],"wp:attachment":[{"href":"https:\/\/www.corumbaonline.com.br\/news\/wp-json\/wp\/v2\/media?parent=11717502"}],"wp:term":[{"taxonomy":"category","embeddable":true,"href":"https:\/\/www.corumbaonline.com.br\/news\/wp-json\/wp\/v2\/categories?post=11717502"},{"taxonomy":"post_tag","embeddable":true,"href":"https:\/\/www.corumbaonline.com.br\/news\/wp-json\/wp\/v2\/tags?post=11717502"}],"curies":[{"name":"wp","href":"https:\/\/api.w.org\/{rel}","templated":true}]}}