{"id":11717505,"date":"2021-08-17T09:37:00","date_gmt":"2021-08-17T13:37:00","guid":{"rendered":"http:\/\/www.corumbaonline.com.br\/news\/?p=11717505"},"modified":"2021-08-17T10:53:02","modified_gmt":"2021-08-17T14:53:02","slug":"vereador-sugere-instalacao-de-unidade-de-saude-no-bairro-centro-america","status":"publish","type":"post","link":"https:\/\/www.corumbaonline.com.br\/news\/vereador-sugere-instalacao-de-unidade-de-saude-no-bairro-centro-america\/","title":{"rendered":"Vereador sugere instala\u00e7\u00e3o de Unidade de Sa\u00fade no Bairro Centro Am\u00e9rica"},"content":{"rendered":"<p>A instala\u00e7\u00e3o de uma Unidade de Sa\u00fade na regi\u00e3o do Bairro Centro Am\u00e9rica, foi sugerida pelo vereador Nelsinho Dib, durante sess\u00e3o ordin\u00e1ria do Poder Legislativo corumbaense, para atender a comunidade n\u00e3o s\u00f3 daquela localidade, mas tamb\u00e9m das regi\u00f5es de entorno.<\/p>\n<p>O requerimento foi direcionado ao secret\u00e1rio de Sa\u00fade, Rog\u00e9rio dos Santos Leite, com c\u00f3pia ao prefeito Marcelo Iunes. No documento, o vereador pediu para que as autoridades realizem estudos e an\u00e1lises t\u00e9cnicas e financeiras em rela\u00e7\u00e3o \u00e0 cria\u00e7\u00e3o da unidade, que \u00e9 um pedido da comunidade local.<\/p>\n<p>Sugeriu ainda que o posto de sa\u00fade seja implantado na Rua C\u00e1ceres, entre as ruas Fernando de Barros e Totico de Medeiros, ao lado do CRAS, ou em outra \u00e1rea de dom\u00ednio do Munic\u00edpio. Hoje, os moradores s\u00e3o atendidos pelas unidades Gast\u00e3o de Oliveira e Popular Velha, mas reclamam que encontram dificuldades para conseguir fichas para atendimento nos dois locais.<\/p>\n<p>CRONOGRAMA<\/p>\n<p>Por outro lado, Nelsinho est\u00e1 solicitando \u00e0 Prefeitura, a disponibiliza\u00e7\u00e3o dos cronogramas f\u00edsico e financeiro das obras do novo Pronto Socorro Municipal, importante para an\u00e1lise e considera\u00e7\u00f5es dos vereadores corumbaenses, principalmente pelos Membros da Comiss\u00e3o de Obras da C\u00e2mara.<\/p>\n<p>Ele solicitou ainda a rela\u00e7\u00e3o dos equipamentos que ser\u00e3o adquiridos e instalados na unidade, bem como o prazo previsto para conclus\u00e3o e, principalmente, a efetiva inaugura\u00e7\u00e3o e entrega \u00e0 popula\u00e7\u00e3o.<\/p>\n<p>AGOSTO DOURADO<\/p>\n<p>Um outro requerimento apresentado pelo vereador Nelsinho Dib se refere \u00e0 cria\u00e7\u00e3o do \u201cAgosto Dourado\u201d, uma refer\u00eancia ao m\u00eas de dedica\u00e7\u00e3o \u00e0 promo\u00e7\u00e3o ao aleitamento materno em Corumb\u00e1. A sugest\u00e3o foi direcionada ao secret\u00e1rio de Sa\u00fade, Rog\u00e9rio dos Santos Leite, com c\u00f3pias ao prefeito Marcelo Iunes, e \u00e0 secret\u00e1ria de Assist\u00eancia Social e Cidadania, Amanda Cristiane Balancieri Iunes.<\/p>\n<p>A ideia apresentada por Nelsinho, com a cria\u00e7\u00e3o do \u201cAgosto Dourado\u201d, \u00e9 implantar e oferecer todas as condi\u00e7\u00f5es e suportes \u201cque levem ao real funcionamento de um Banco de Leite Humano em nossa cidade, uma necessidade urgente. Estamos 420 quil\u00f4metros de dist\u00e2ncia de Campo Grande, e o Banco de Leite vai tornar Corumb\u00e1 uma cidade polo, resolvendo um grande problema de nossa regi\u00e3o\u201d.<\/p>\n<p>TR\u00c2NSITO<\/p>\n<p>Ao diretor da Ag\u00eancia Municipal de Tr\u00e2nsito e Transporte (Agetrat), Paulo Andr\u00e9 de Ara\u00fajo Junior, Nelsinho reivindicou a implanta\u00e7\u00e3o de redutores de velocidade e toda sinaliza\u00e7\u00e3o vi\u00e1ria necess\u00e1ria na Rua Treze de Junho, no trecho da Gabriel Vandoni de Barros at\u00e9 a Alan Kardec, no Bairro Dom Bosco.<\/p>\n<p>Explicou que o pedido partiu dos moradores que est\u00e3o preocupados com a ocorr\u00eancia de acidentes, devido ao excesso de velocidade praticado por motoristas que trafegam pela via. Disse que h\u00e1 uma preocupa\u00e7\u00e3o maior ainda pelo fato de que sempre h\u00e1 crian\u00e7as brincado na regi\u00e3o, o que aumenta o risco de atropelamentos. A 13 de Junho \u00e9 um dos principais acessos ao Pa\u00e7o Municipal.<\/p>\n","protected":false},"excerpt":{"rendered":"<p>A instala\u00e7\u00e3o de uma Unidade de Sa\u00fade na regi\u00e3o do Bairro Centro Am\u00e9rica, foi sugerida&#8230;<\/p>\n","protected":false},"author":63,"featured_media":0,"comment_status":"closed","ping_status":"closed","sticky":false,"template":"","format":"standard","meta":{"footnotes":""},"categories":[19],"tags":[],"class_list":["post-11717505","post","type-post","status-publish","format-standard","hentry","category-politica"],"_links":{"self":[{"href":"https:\/\/www.corumbaonline.com.br\/news\/wp-json\/wp\/v2\/posts\/11717505","targetHints":{"allow":["GET"]}}],"collection":[{"href":"https:\/\/www.corumbaonline.com.br\/news\/wp-json\/wp\/v2\/posts"}],"about":[{"href":"https:\/\/www.corumbaonline.com.br\/news\/wp-json\/wp\/v2\/types\/post"}],"author":[{"embeddable":true,"href":"https:\/\/www.corumbaonline.com.br\/news\/wp-json\/wp\/v2\/users\/63"}],"replies":[{"embeddable":true,"href":"https:\/\/www.corumbaonline.com.br\/news\/wp-json\/wp\/v2\/comments?post=11717505"}],"version-history":[{"count":1,"href":"https:\/\/www.corumbaonline.com.br\/news\/wp-json\/wp\/v2\/posts\/11717505\/revisions"}],"predecessor-version":[{"id":11717506,"href":"https:\/\/www.corumbaonline.com.br\/news\/wp-json\/wp\/v2\/posts\/11717505\/revisions\/11717506"}],"wp:attachment":[{"href":"https:\/\/www.corumbaonline.com.br\/news\/wp-json\/wp\/v2\/media?parent=11717505"}],"wp:term":[{"taxonomy":"category","embeddable":true,"href":"https:\/\/www.corumbaonline.com.br\/news\/wp-json\/wp\/v2\/categories?post=11717505"},{"taxonomy":"post_tag","embeddable":true,"href":"https:\/\/www.corumbaonline.com.br\/news\/wp-json\/wp\/v2\/tags?post=11717505"}],"curies":[{"name":"wp","href":"https:\/\/api.w.org\/{rel}","templated":true}]}}