{"id":11717509,"date":"2021-08-17T10:02:00","date_gmt":"2021-08-17T14:02:00","guid":{"rendered":"http:\/\/www.corumbaonline.com.br\/news\/?p=11717509"},"modified":"2021-08-17T12:24:24","modified_gmt":"2021-08-17T16:24:24","slug":"em-reacao-a-bolsonaro-senado-segura-indicacao-de-andre-mendonca-para-o-stf","status":"publish","type":"post","link":"https:\/\/www.corumbaonline.com.br\/news\/em-reacao-a-bolsonaro-senado-segura-indicacao-de-andre-mendonca-para-o-stf\/","title":{"rendered":"Em rea\u00e7\u00e3o a Bolsonaro, Senado segura indica\u00e7\u00e3o de Andr\u00e9 Mendon\u00e7a para o STF"},"content":{"rendered":"<div data-block-type=\"unstyled\" data-block-weight=\"25\" data-block-id=\"1\">\n<p data-track-category=\"Link no Texto\" data-track-links=\"\">Diante dos\u00a0ataques\u00a0do presidente\u00a0Jair Bolsonaro\u00a0ao Judici\u00e1rio, o Senado decidiu segurar a\u00a0indica\u00e7\u00e3o de Andr\u00e9 Mendon\u00e7a\u00a0para o Supremo Tribunal Federal (STF).<\/p>\n<\/div>\n<div>\n<div data-block-type=\"unstyled\" data-block-weight=\"22\" data-block-id=\"2\">\n<p data-track-category=\"Link no Texto\" data-track-links=\"\">Senadores disseram ao\u00a0blog\u00a0que a sabatina do ex-ministro de Bolsonaro pode ficar para outubro ou novembro, atrasando os planos do governo.<\/p>\n<\/div>\n<div data-block-type=\"unstyled\" data-block-weight=\"20\" data-block-id=\"3\">\n<p data-track-category=\"Link no Texto\" data-track-links=\"\">A indica\u00e7\u00e3o oficial de Andr\u00e9 Mendon\u00e7a\u00a0foi enviada ao Senado no dia 13 de julho, antes do recesso parlamentar.<\/p>\n<\/div>\n<div data-block-type=\"unstyled\" data-block-weight=\"38\" data-block-id=\"4\">\n<p data-track-category=\"Link no Texto\" data-track-links=\"\">At\u00e9 o momento, por\u00e9m, n\u00e3o foi lida pelo presidente do Senado, Rodrigo Pacheco (DEM-MG). E n\u00e3o est\u00e1 nos planos do presidente da Comiss\u00e3o de Constitui\u00e7\u00e3o e Justi\u00e7a, Davi Alcolumbre (DEM-AP), pautar a sabatina para os pr\u00f3ximos meses .<\/p>\n<div data-block-type=\"unstyled\" data-block-weight=\"19\" data-block-id=\"6\">\n<p data-track-category=\"Link no Texto\" data-track-links=\"\">Interlocutores de Alcolumbre disseram ao\u00a0blog\u00a0que ele pode agendar a sabatina apenas para o m\u00eas de novembro.<\/p>\n<\/div>\n<div data-block-type=\"unstyled\" data-block-weight=\"28\" data-block-id=\"7\">\n<p data-track-category=\"Link no Texto\" data-track-links=\"\">Segundo eles, Alcolumbre avalia que n\u00e3o h\u00e1 clima para a sabatina, diante dos ataques que Bolsonaro tem feito a ministros da Suprema Corte, para onde Mendon\u00e7a foi indicado.<\/p>\n<div data-block-type=\"raw\" data-block-weight=\"1\" data-block-id=\"12\">\n<div>\n<h2>Aras<\/h2>\n<\/div>\n<\/div>\n<div data-block-type=\"unstyled\" data-block-weight=\"35\" data-block-id=\"13\">\n<p data-track-category=\"Link no Texto\" data-track-links=\"\">J\u00e1 em rela\u00e7\u00e3o \u00e0 sabatina para analisar a recondu\u00e7\u00e3o do procurador-geral da Rep\u00fablica, Augusto Aras, Alcolumbre tem dito a interlocutores que pode paut\u00e1-la em breve, mesmo tendo sido enviada depois da indica\u00e7\u00e3o de Mendon\u00e7a.<\/p>\n<\/div>\n<div data-block-type=\"unstyled\" data-block-weight=\"23\" data-block-id=\"14\">\n<p data-track-category=\"Link no Texto\" data-track-links=\"\">A recondu\u00e7\u00e3o de Aras \u00e9 vista como garantida. J\u00e1 a indica\u00e7\u00e3o de Mendon\u00e7a sofria resist\u00eancias no Senado, mas ele conseguiu reverter o clima.<\/p>\n<\/div>\n<div data-block-type=\"unstyled\" data-block-weight=\"37\" data-block-id=\"15\">\n<p data-track-category=\"Link no Texto\" data-track-links=\"\">S\u00f3 que, agora, com os ataques de Bolsonaro ao STF, o ambiente voltou a piorar, e o presidente da Rep\u00fablica corre o risco de ver a indica\u00e7\u00e3o rejeitada, diante da atmosfera de conflitos entre Executivo e Judici\u00e1rio.<\/p>\n<\/div>\n<\/div>\n<\/div>\n<\/div>\n","protected":false},"excerpt":{"rendered":"<p>Diante dos\u00a0ataques\u00a0do presidente\u00a0Jair Bolsonaro\u00a0ao Judici\u00e1rio, o Senado decidiu segurar a\u00a0indica\u00e7\u00e3o de Andr\u00e9 Mendon\u00e7a\u00a0para o Supremo&#8230;<\/p>\n","protected":false},"author":3,"featured_media":0,"comment_status":"closed","ping_status":"closed","sticky":false,"template":"","format":"standard","meta":{"footnotes":""},"categories":[19],"tags":[],"class_list":["post-11717509","post","type-post","status-publish","format-standard","hentry","category-politica"],"_links":{"self":[{"href":"https:\/\/www.corumbaonline.com.br\/news\/wp-json\/wp\/v2\/posts\/11717509","targetHints":{"allow":["GET"]}}],"collection":[{"href":"https:\/\/www.corumbaonline.com.br\/news\/wp-json\/wp\/v2\/posts"}],"about":[{"href":"https:\/\/www.corumbaonline.com.br\/news\/wp-json\/wp\/v2\/types\/post"}],"author":[{"embeddable":true,"href":"https:\/\/www.corumbaonline.com.br\/news\/wp-json\/wp\/v2\/users\/3"}],"replies":[{"embeddable":true,"href":"https:\/\/www.corumbaonline.com.br\/news\/wp-json\/wp\/v2\/comments?post=11717509"}],"version-history":[{"count":1,"href":"https:\/\/www.corumbaonline.com.br\/news\/wp-json\/wp\/v2\/posts\/11717509\/revisions"}],"predecessor-version":[{"id":11717510,"href":"https:\/\/www.corumbaonline.com.br\/news\/wp-json\/wp\/v2\/posts\/11717509\/revisions\/11717510"}],"wp:attachment":[{"href":"https:\/\/www.corumbaonline.com.br\/news\/wp-json\/wp\/v2\/media?parent=11717509"}],"wp:term":[{"taxonomy":"category","embeddable":true,"href":"https:\/\/www.corumbaonline.com.br\/news\/wp-json\/wp\/v2\/categories?post=11717509"},{"taxonomy":"post_tag","embeddable":true,"href":"https:\/\/www.corumbaonline.com.br\/news\/wp-json\/wp\/v2\/tags?post=11717509"}],"curies":[{"name":"wp","href":"https:\/\/api.w.org\/{rel}","templated":true}]}}