{"id":11717517,"date":"2021-08-17T10:48:00","date_gmt":"2021-08-17T14:48:00","guid":{"rendered":"http:\/\/www.corumbaonline.com.br\/news\/?p=11717517"},"modified":"2021-08-17T12:55:02","modified_gmt":"2021-08-17T16:55:02","slug":"inscricoes-para-cozinha-show-gastronomia-tambem-e-patrimonio-comecam-nesta-quarta-feira","status":"publish","type":"post","link":"https:\/\/www.corumbaonline.com.br\/news\/inscricoes-para-cozinha-show-gastronomia-tambem-e-patrimonio-comecam-nesta-quarta-feira\/","title":{"rendered":"Inscri\u00e7\u00f5es para \u201cCozinha Show \u2013 Gastronomia tamb\u00e9m \u00e9 Patrim\u00f4nio\u201d come\u00e7am nesta quarta-feira"},"content":{"rendered":"<p>Dando continuidade \u00e0s comemora\u00e7\u00f5es ao M\u00eas do Patrim\u00f4nio Hist\u00f3rico e j\u00e1 compondo as a\u00e7\u00f5es comemorativas aos 243 anos de Corumb\u00e1, a Prefeitura, por meio da Funda\u00e7\u00e3o da Cultura e do Patrim\u00f4nio Hist\u00f3rico, abre nesta quarta-feira, 17 de agosto, as inscri\u00e7\u00f5es para a primeira edi\u00e7\u00e3o do \u201cCozinha Show com o tema Gastronomia tamb\u00e9m \u00e9 Patrim\u00f4nio\u201d.<\/p>\n<p>As oficinas acontecer\u00e3o na Ferradura do Porto, onde ser\u00e1 montada uma estrutura para atender os inscritos. Os cursos tamb\u00e9m ser\u00e3o transmitidos pela p\u00e1gina da Funda\u00e7\u00e3o da Cultura no Facebook e no canal oficial da Prefeitura no Youtube.<\/p>\n<p><img loading=\"lazy\" decoding=\"async\" class=\" wp-image-116709 alignleft\" src=\"https:\/\/www.corumba.ms.gov.br\/wp-content\/uploads\/2021\/08\/220dff61-986c-4596-a8ad-61b70b7e514b.jpg\" alt=\"\" width=\"454\" height=\"407\" \/>A abertura das oficinas acontece no dia 24, \u00e0s 14 horas, com o Sob\u00e1, que foi reconhecido como Patrim\u00f4nio Imaterial de Campo Grande. A partir do dia 25, as oficinas ganham o sabor pantaneiro e os pratos ser\u00e3o t\u00edpicos de Corumb\u00e1. \u00c0s 08h a receita ser\u00e1 de Pastel de Torresmo de Piranha e Rondelli com castanha de Bocai\u00fava, feito pelo Buffet Humait\u00e1.<\/p>\n<p>No per\u00edodo da tarde, \u00e0s 14 horas, ser\u00e1 a vez o famoso Peixe \u00e0 Urucum e Panna Cotta de Bocai\u00fava, do restaurante Migu\u00e9is. No dia 26, \u00e0s 08h, a atra\u00e7\u00e3o ser\u00e1 o Macarr\u00e3o de Comitiva \u2013 Comida de Comitiva, feita pelo Jo\u00e3o Arruda. \u00c0s 14 horas, encerrando o evento, haver\u00e1 saltenha e o refrigerante Mate Chimarr\u00e3o, da Padaria P\u00e3o de Mel e do Mate Pantaneiro Artesanal.<\/p>\n<p>As inscri\u00e7\u00f5es devem ser feitas na sede da Funda\u00e7\u00e3o da Cultura e Patrim\u00f4nio Hist\u00f3rico, localizada na Ladeira Jos\u00e9 Bonif\u00e1cio, S\/N, das 07h30 \u00e0s 13h30, e ser\u00e3o disponibilizadas 50 vagas para cada oficina, seguindo todas as orienta\u00e7\u00f5es de biosseguran\u00e7a contra a Covid-19.<\/p>\n<p><img loading=\"lazy\" decoding=\"async\" class=\"size-full wp-image-116711 aligncenter\" src=\"https:\/\/www.corumba.ms.gov.br\/wp-content\/uploads\/2021\/08\/756367eb-5c09-40f0-9474-0fd1b72fe8d3.jpg\" sizes=\"auto, (max-width: 904px) 100vw, 904px\" srcset=\"https:\/\/www.corumba.ms.gov.br\/wp-content\/uploads\/2021\/08\/756367eb-5c09-40f0-9474-0fd1b72fe8d3.jpg 904w, https:\/\/www.corumba.ms.gov.br\/wp-content\/uploads\/2021\/08\/756367eb-5c09-40f0-9474-0fd1b72fe8d3-300x204.jpg 300w, https:\/\/www.corumba.ms.gov.br\/wp-content\/uploads\/2021\/08\/756367eb-5c09-40f0-9474-0fd1b72fe8d3-768x523.jpg 768w\" alt=\"\" width=\"904\" height=\"616\" \/><\/p>\n","protected":false},"excerpt":{"rendered":"<p>Dando continuidade \u00e0s comemora\u00e7\u00f5es ao M\u00eas do Patrim\u00f4nio Hist\u00f3rico e j\u00e1 compondo as a\u00e7\u00f5es comemorativas&#8230;<\/p>\n","protected":false},"author":70,"featured_media":11717518,"comment_status":"closed","ping_status":"closed","sticky":false,"template":"","format":"standard","meta":{"footnotes":""},"categories":[7],"tags":[],"class_list":["post-11717517","post","type-post","status-publish","format-standard","has-post-thumbnail","hentry","category-cultura"],"_links":{"self":[{"href":"https:\/\/www.corumbaonline.com.br\/news\/wp-json\/wp\/v2\/posts\/11717517","targetHints":{"allow":["GET"]}}],"collection":[{"href":"https:\/\/www.corumbaonline.com.br\/news\/wp-json\/wp\/v2\/posts"}],"about":[{"href":"https:\/\/www.corumbaonline.com.br\/news\/wp-json\/wp\/v2\/types\/post"}],"author":[{"embeddable":true,"href":"https:\/\/www.corumbaonline.com.br\/news\/wp-json\/wp\/v2\/users\/70"}],"replies":[{"embeddable":true,"href":"https:\/\/www.corumbaonline.com.br\/news\/wp-json\/wp\/v2\/comments?post=11717517"}],"version-history":[{"count":1,"href":"https:\/\/www.corumbaonline.com.br\/news\/wp-json\/wp\/v2\/posts\/11717517\/revisions"}],"predecessor-version":[{"id":11717519,"href":"https:\/\/www.corumbaonline.com.br\/news\/wp-json\/wp\/v2\/posts\/11717517\/revisions\/11717519"}],"wp:featuredmedia":[{"embeddable":true,"href":"https:\/\/www.corumbaonline.com.br\/news\/wp-json\/wp\/v2\/media\/11717518"}],"wp:attachment":[{"href":"https:\/\/www.corumbaonline.com.br\/news\/wp-json\/wp\/v2\/media?parent=11717517"}],"wp:term":[{"taxonomy":"category","embeddable":true,"href":"https:\/\/www.corumbaonline.com.br\/news\/wp-json\/wp\/v2\/categories?post=11717517"},{"taxonomy":"post_tag","embeddable":true,"href":"https:\/\/www.corumbaonline.com.br\/news\/wp-json\/wp\/v2\/tags?post=11717517"}],"curies":[{"name":"wp","href":"https:\/\/api.w.org\/{rel}","templated":true}]}}