{"id":11717520,"date":"2021-08-17T11:03:00","date_gmt":"2021-08-17T15:03:00","guid":{"rendered":"http:\/\/www.corumbaonline.com.br\/news\/?p=11717520"},"modified":"2021-08-17T13:04:36","modified_gmt":"2021-08-17T17:04:36","slug":"vereador-pede-restabelecimento-da-ordem-na-avenida-general-rondon","status":"publish","type":"post","link":"https:\/\/www.corumbaonline.com.br\/news\/vereador-pede-restabelecimento-da-ordem-na-avenida-general-rondon\/","title":{"rendered":"Vereador pede restabelecimento da ordem na Avenida General Rondon"},"content":{"rendered":"<p>Ap\u00f3s mais um final de semana agitado, com muita briga, confus\u00e3o, aglomera\u00e7\u00e3o e perturba\u00e7\u00e3o da paz e da ordem, o vereador Samyr Sadeq Ramunieh (Qualhada) refor\u00e7ou na C\u00e2mara Municipal de Corumb\u00e1, a necessidade de se restabelecer a paz e a ordem na Avenida General Rondon, trecho entre as ruas Frei Mariano e Firmo de Matos.<\/p>\n<p>O pedido do vereador foi direcionado ao comandante do 6\u00b0 Batalh\u00e3o da Pol\u00edcia Militar de Corumb\u00e1, Tenente-Coronel \u00c9lcio Almeida, no sentido de adotar medidas urgentes e efetivas para \u201cmanuten\u00e7\u00e3o da ordem na regi\u00e3o, principalmente aos s\u00e1bados e domingos\u201d.<\/p>\n<p>Qualhada ressaltou que \u201ca avenida, um local de lazer, ponto de encontro das pessoas, vira um local de in\u00fameras brigas, como percebemos em v\u00e1rios v\u00eddeos que circulam na internet, ocasionando transtorno e indigna\u00e7\u00e3o aos moradores da regi\u00e3o, como para todos que frequentam o local para se descontrair\u201d, enfatizou.<\/p>\n<p>TR\u00c2NSITO SEGURO<\/p>\n<p>Outra solicita\u00e7\u00e3o do vereador feita ontem, segunda-feira, 16, na C\u00e2mara, foi por mais seguran\u00e7a no tr\u00e2nsito da cidade. Dessa vez, Qualhada pediu ao diretor da Ag\u00eancia Municipal de Tr\u00e2nsito e Transporte (Agetrat), Paulo Andr\u00e9 de Ara\u00fajo Junior, a implanta\u00e7\u00e3o de um redutor de velocidade no Rua 21 e Setembro, entre as ruas Rio Grande do Sul e Nair Figueiredo Dobes, no Bairro Popular Nova.<\/p>\n<p>Ele ressaltou que, na regi\u00e3o, acidentes ocorrem com frequ\u00eancia, e que \u00e9 preciso uma provid\u00eancia por parte do \u00f3rg\u00e3o respons\u00e1vel, para frear o excesso de velocidade na via, que tem causado muita preocupa\u00e7\u00e3o dos moradores e pessoas que transitam pelo local.<\/p>\n","protected":false},"excerpt":{"rendered":"<p>Ap\u00f3s mais um final de semana agitado, com muita briga, confus\u00e3o, aglomera\u00e7\u00e3o e perturba\u00e7\u00e3o da&#8230;<\/p>\n","protected":false},"author":63,"featured_media":0,"comment_status":"closed","ping_status":"closed","sticky":false,"template":"","format":"standard","meta":{"footnotes":""},"categories":[19],"tags":[],"class_list":["post-11717520","post","type-post","status-publish","format-standard","hentry","category-politica"],"_links":{"self":[{"href":"https:\/\/www.corumbaonline.com.br\/news\/wp-json\/wp\/v2\/posts\/11717520","targetHints":{"allow":["GET"]}}],"collection":[{"href":"https:\/\/www.corumbaonline.com.br\/news\/wp-json\/wp\/v2\/posts"}],"about":[{"href":"https:\/\/www.corumbaonline.com.br\/news\/wp-json\/wp\/v2\/types\/post"}],"author":[{"embeddable":true,"href":"https:\/\/www.corumbaonline.com.br\/news\/wp-json\/wp\/v2\/users\/63"}],"replies":[{"embeddable":true,"href":"https:\/\/www.corumbaonline.com.br\/news\/wp-json\/wp\/v2\/comments?post=11717520"}],"version-history":[{"count":1,"href":"https:\/\/www.corumbaonline.com.br\/news\/wp-json\/wp\/v2\/posts\/11717520\/revisions"}],"predecessor-version":[{"id":11717521,"href":"https:\/\/www.corumbaonline.com.br\/news\/wp-json\/wp\/v2\/posts\/11717520\/revisions\/11717521"}],"wp:attachment":[{"href":"https:\/\/www.corumbaonline.com.br\/news\/wp-json\/wp\/v2\/media?parent=11717520"}],"wp:term":[{"taxonomy":"category","embeddable":true,"href":"https:\/\/www.corumbaonline.com.br\/news\/wp-json\/wp\/v2\/categories?post=11717520"},{"taxonomy":"post_tag","embeddable":true,"href":"https:\/\/www.corumbaonline.com.br\/news\/wp-json\/wp\/v2\/tags?post=11717520"}],"curies":[{"name":"wp","href":"https:\/\/api.w.org\/{rel}","templated":true}]}}