{"id":11717522,"date":"2021-08-17T11:15:00","date_gmt":"2021-08-17T15:15:00","guid":{"rendered":"http:\/\/www.corumbaonline.com.br\/news\/?p=11717522"},"modified":"2021-08-17T13:05:21","modified_gmt":"2021-08-17T17:05:21","slug":"vereador-solicita-area-exclusiva-para-atender-transporte-escolar-no-centro-da-cidade","status":"publish","type":"post","link":"https:\/\/www.corumbaonline.com.br\/news\/vereador-solicita-area-exclusiva-para-atender-transporte-escolar-no-centro-da-cidade\/","title":{"rendered":"Vereador solicita \u00e1rea exclusiva para atender transporte escolar no centro da cidade"},"content":{"rendered":"<p>A defini\u00e7\u00e3o de um espa\u00e7o reservado para transporte escolar em atendimento a escolas localizadas na regi\u00e3o central da cidade, \u00e9 o que est\u00e1 pleiteando o vereador Allex Dellas \u00e0 Prefeitura, para eliminar filas duplas e tumulto no tr\u00e2nsito.<\/p>\n<p>O pedido foi feito por meio requerimento em regime de urg\u00eancia especial endere\u00e7ado ao diretor da Ag\u00eancia Municipal de Tr\u00e2nsito e Transporte (Agetrat), Paulo Andr\u00e9 de Ara\u00fajo Junior.<\/p>\n<p>Segundo Allex, \u00e9 preciso que sejam tomadas provid\u00eancia para evitar tumultos em frente \u00e0s escolas CENIC e ENAN, na Frei Mariano, entre as ruas Dom Aquino e 13 de Junho.<\/p>\n<p>Lembrou que, na regi\u00e3o, para o embarque e desembarque dos estudantes, os ve\u00edculos acabam ficando em filas duplas, estacionados de forma irregular, causando transtornos no centro, e que a \u00e1rea exclusiva, \u00e9 a alternativa para acabar com o problema.<\/p>\n<p>LAJOTAMENTO<\/p>\n<p>Por meio de indica\u00e7\u00e3o, Allex solicitou ao secret\u00e1rio de Infraestrutura e Servi\u00e7os P\u00fablicos, Luiz Fernando Moreira, a execu\u00e7\u00e3o de pavimenta\u00e7\u00e3o (lajotamento) das alamedas Nabileque e Porto Esperan\u00e7a, no Bairro Loteamento Pantanal, em atendimento a pedidos dos moradores que reclamam do\u00a0 problemas que enfrentam tanto na seca, devido \u00e0 poeira, como tamb\u00e9m da lama, em per\u00edodos chuvosos.<\/p>\n<p>HOMENAGEM<\/p>\n<p>Ao mesmo tempo, Allex Dellas teve um requerimento aprovado, por unanimidade, em que homenageia com Mo\u00e7\u00e3o de Congratula\u00e7\u00e3o, a equipe de futsal do Bairro Popular Nova (a comiss\u00e3o t\u00e9cnica e jogadores), pela participa\u00e7\u00e3o na Copa Morena de Futsal de 2021, representando Corumb\u00e1.<\/p>\n","protected":false},"excerpt":{"rendered":"<p>A defini\u00e7\u00e3o de um espa\u00e7o reservado para transporte escolar em atendimento a escolas localizadas na&#8230;<\/p>\n","protected":false},"author":63,"featured_media":0,"comment_status":"closed","ping_status":"closed","sticky":false,"template":"","format":"standard","meta":{"footnotes":""},"categories":[10,19],"tags":[],"class_list":["post-11717522","post","type-post","status-publish","format-standard","hentry","category-educacao","category-politica"],"_links":{"self":[{"href":"https:\/\/www.corumbaonline.com.br\/news\/wp-json\/wp\/v2\/posts\/11717522","targetHints":{"allow":["GET"]}}],"collection":[{"href":"https:\/\/www.corumbaonline.com.br\/news\/wp-json\/wp\/v2\/posts"}],"about":[{"href":"https:\/\/www.corumbaonline.com.br\/news\/wp-json\/wp\/v2\/types\/post"}],"author":[{"embeddable":true,"href":"https:\/\/www.corumbaonline.com.br\/news\/wp-json\/wp\/v2\/users\/63"}],"replies":[{"embeddable":true,"href":"https:\/\/www.corumbaonline.com.br\/news\/wp-json\/wp\/v2\/comments?post=11717522"}],"version-history":[{"count":1,"href":"https:\/\/www.corumbaonline.com.br\/news\/wp-json\/wp\/v2\/posts\/11717522\/revisions"}],"predecessor-version":[{"id":11717523,"href":"https:\/\/www.corumbaonline.com.br\/news\/wp-json\/wp\/v2\/posts\/11717522\/revisions\/11717523"}],"wp:attachment":[{"href":"https:\/\/www.corumbaonline.com.br\/news\/wp-json\/wp\/v2\/media?parent=11717522"}],"wp:term":[{"taxonomy":"category","embeddable":true,"href":"https:\/\/www.corumbaonline.com.br\/news\/wp-json\/wp\/v2\/categories?post=11717522"},{"taxonomy":"post_tag","embeddable":true,"href":"https:\/\/www.corumbaonline.com.br\/news\/wp-json\/wp\/v2\/tags?post=11717522"}],"curies":[{"name":"wp","href":"https:\/\/api.w.org\/{rel}","templated":true}]}}