{"id":11717543,"date":"2021-08-18T08:53:00","date_gmt":"2021-08-18T12:53:00","guid":{"rendered":"http:\/\/www.corumbaonline.com.br\/news\/?p=11717543"},"modified":"2021-08-18T09:21:10","modified_gmt":"2021-08-18T13:21:10","slug":"com-reducao-de-casos-de-covid-vereador-pede-retorno-de-cirurgias-eletivas-na-cidade","status":"publish","type":"post","link":"https:\/\/www.corumbaonline.com.br\/news\/com-reducao-de-casos-de-covid-vereador-pede-retorno-de-cirurgias-eletivas-na-cidade\/","title":{"rendered":"Com redu\u00e7\u00e3o de casos de Covid, vereador pede retorno de cirurgias eletivas na cidade"},"content":{"rendered":"<p>Com o avan\u00e7o da campanha de vacina\u00e7\u00e3o, os casos de Covid reduziram de forma sens\u00edvel em Corumb\u00e1 e, consequentemente, o n\u00famero de interna\u00e7\u00f5es no Centro de Tratamento Intensivo (CTI) exclusivo para a doen\u00e7a, tamb\u00e9m teve uma queda significativa, estando hoje com uma taxa de ocupa\u00e7\u00e3o de 17,64%, apenas tr\u00eas leitos ocupados, conforme o \u00faltimo boletim da Secretaria Municipal de Sa\u00fade.<\/p>\n<p>Diante disso, o vereador Chic\u00e3o Vianna, na sess\u00e3o de ontem, ter\u00e7a-feira, 17, solicitou ao secret\u00e1rio de Sa\u00fade de Corumb\u00e1, Rog\u00e9rio dos Santos Leite, o retorno das cirurgias eletivas de m\u00e9dia e alta complexidade, que estavam suspensas desde o in\u00edcio da pandemia, em mar\u00e7o de 2020, para a garantia de leitos para pacientes com Covid-19.<\/p>\n<p>\u201cO resultado da vacina\u00e7\u00e3o contra a Covid \u00e9 claro em Corumb\u00e1. Os casos de cont\u00e1gio reduziram sensivelmente, assim como o n\u00famero de interna\u00e7\u00f5es e de \u00f3bitos, possibilitando assim, o retorno gradual das cirurgias eletivas, como vem ocorrendo em in\u00fameras cidades pelo Brasil\u201d, destacou.<\/p>\n<p>Chic\u00e3o lembrou que, durante a pandemia, muitas cirurgias eletivas (aquelas que n\u00e3o s\u00e3o consideradas de emerg\u00eancia) foram canceladas, \u201cmas com o avan\u00e7o da vacina\u00e7\u00e3o e a diminui\u00e7\u00e3o da demanda de pacientes da Covid-19 em leitos exclusivos para tratamento da doen\u00e7a, o Munic\u00edpio j\u00e1 pode retornar esse tipo de procedimento, j\u00e1 que a demanda \u00e9 enorme. A fila de espera \u00e9 grande em nossa cidade\u201d.<\/p>\n<p>SAL\u00c1RIO NA SANTA CASA<\/p>\n<p>Por outro lado, o vereador apresentou requerimento direcionado \u00e0 dire\u00e7\u00e3o do Hospital de Corumb\u00e1, pedindo informa\u00e7\u00f5es sobre o atraso no pagamento de m\u00e9dicos que est\u00e3o sem receber seus vencimentos desde o m\u00eas de maio. A solicita\u00e7\u00e3o foi ao presidente da Junta Interventora da Associa\u00e7\u00e3o Beneficente de Corumb\u00e1 (Santa Casa), diante de relatos de profissionais que est\u00e3o sem receber sal\u00e1rios h\u00e1 tr\u00eas meses, \u201co que n\u00e3o pode acontecer de forma alguma\u201d.<\/p>\n<p>SEGURAN\u00c7A<\/p>\n<p>Ao secret\u00e1rio de Estado de Justi\u00e7a e Seguran\u00e7a P\u00fablica de Mato Grosso do Sul, Ant\u00f4nio Carlos Videira, Chic\u00e3o Viann solicitou apoio no sentido de enviar ao 6\u00ba Batalh\u00e3o da Pol\u00edcia Militar do Mato Grosso do Sul, em Corumb\u00e1, equipamentos para auxiliar na dispers\u00e3o de multid\u00f5es e controle de tumultos, como g\u00e1s lacrimog\u00eaneo e spray de pimenta.<\/p>\n<p>Citou que isso \u00e9 necess\u00e1rio j\u00e1 que, \u201ccom o abrandamento gradual das medidas restritivas de combate \u00e0 Covid-19, est\u00e3o ocorrendo grandes concentra\u00e7\u00f5es de pessoas nas principais avenidas da cidade, onde s\u00e3o presenciadas constantes confus\u00f5es, brigas e engarrafamentos, havendo necessidade de interven\u00e7\u00f5es da Pol\u00edcia Militar\u201d.<\/p>\n<p>HOMENAGEM<\/p>\n<p>A designer industrial e artista pl\u00e1stica Raissa Fernanda Ohara ser\u00e1 homenageada pela C\u00e2mara Municipal, por representar Corumb\u00e1 no Casacor MS 2021, com uma Mo\u00e7\u00e3o de Congratula\u00e7\u00e3o indicada pelo vereador Chic\u00e3o Vianna. O evento \u00e9 o palco para exposi\u00e7\u00e3o dos trabalhos que servir\u00e3o de inspira\u00e7\u00e3o &#8220;sobre o novo morar&#8221;, e a indica\u00e7\u00e3o partiu do vereador Chic\u00e3o Vianna.<\/p>\n","protected":false},"excerpt":{"rendered":"<p>Com o avan\u00e7o da campanha de vacina\u00e7\u00e3o, os casos de Covid reduziram de forma sens\u00edvel&#8230;<\/p>\n","protected":false},"author":63,"featured_media":0,"comment_status":"closed","ping_status":"closed","sticky":false,"template":"","format":"standard","meta":{"footnotes":""},"categories":[19],"tags":[],"class_list":["post-11717543","post","type-post","status-publish","format-standard","hentry","category-politica"],"_links":{"self":[{"href":"https:\/\/www.corumbaonline.com.br\/news\/wp-json\/wp\/v2\/posts\/11717543","targetHints":{"allow":["GET"]}}],"collection":[{"href":"https:\/\/www.corumbaonline.com.br\/news\/wp-json\/wp\/v2\/posts"}],"about":[{"href":"https:\/\/www.corumbaonline.com.br\/news\/wp-json\/wp\/v2\/types\/post"}],"author":[{"embeddable":true,"href":"https:\/\/www.corumbaonline.com.br\/news\/wp-json\/wp\/v2\/users\/63"}],"replies":[{"embeddable":true,"href":"https:\/\/www.corumbaonline.com.br\/news\/wp-json\/wp\/v2\/comments?post=11717543"}],"version-history":[{"count":1,"href":"https:\/\/www.corumbaonline.com.br\/news\/wp-json\/wp\/v2\/posts\/11717543\/revisions"}],"predecessor-version":[{"id":11717544,"href":"https:\/\/www.corumbaonline.com.br\/news\/wp-json\/wp\/v2\/posts\/11717543\/revisions\/11717544"}],"wp:attachment":[{"href":"https:\/\/www.corumbaonline.com.br\/news\/wp-json\/wp\/v2\/media?parent=11717543"}],"wp:term":[{"taxonomy":"category","embeddable":true,"href":"https:\/\/www.corumbaonline.com.br\/news\/wp-json\/wp\/v2\/categories?post=11717543"},{"taxonomy":"post_tag","embeddable":true,"href":"https:\/\/www.corumbaonline.com.br\/news\/wp-json\/wp\/v2\/tags?post=11717543"}],"curies":[{"name":"wp","href":"https:\/\/api.w.org\/{rel}","templated":true}]}}