{"id":11717549,"date":"2021-08-18T09:38:00","date_gmt":"2021-08-18T13:38:00","guid":{"rendered":"http:\/\/www.corumbaonline.com.br\/news\/?p=11717549"},"modified":"2021-08-18T09:29:04","modified_gmt":"2021-08-18T13:29:04","slug":"vereador-pede-melhorias-na-sinalizacao-de-via-no-bairro-aeroporto","status":"publish","type":"post","link":"https:\/\/www.corumbaonline.com.br\/news\/vereador-pede-melhorias-na-sinalizacao-de-via-no-bairro-aeroporto\/","title":{"rendered":"Vereador pede melhorias na sinaliza\u00e7\u00e3o de via no Bairro Aeroporto"},"content":{"rendered":"<p>A realiza\u00e7\u00e3o de servi\u00e7os de recupera\u00e7\u00e3o de placas de sinaliza\u00e7\u00e3o de tr\u00e2nsito em via p\u00fablica no Bairro Aeroporto, \u00e9 o que est\u00e1 sendo reivindicada pelo vereador Ga\u00facho da Pr\u00f3-Art para garantir maior seguran\u00e7a no tr\u00e2nsito, e evitar ocorr\u00eancias de acidentes no local. O pedido foi feito ao diretor da Ag\u00eancia Municipal de Tr\u00e2nsito e Transporte (Agetrat), Paulo Andr\u00e9 de Ara\u00fajo Junior.<\/p>\n<p>Ga\u00facho explicou que no cruzamento das ruas Cyr\u00edaco F\u00e9lix de Toledo com a Monte Castelo, a sinaliza\u00e7\u00e3o n\u00e3o est\u00e1 adequada, faltando placar de \u2018PARE\u2019, o que tem causado confus\u00f5es por parte dos motoristas.<\/p>\n<p>Ele explicou que na regi\u00e3o, o fluxo de ve\u00edculos \u00e9 grande, principalmente de caminh\u00f5es de cargas de outras cidades que desconhecem qual \u00e9 a via preferencial no cruzamento, o que est\u00e1 acarretando acidentes naquele local.<\/p>\n<p>PAVIMENTA\u00c7\u00c3O<\/p>\n<p>Em outro requerimento, direcionado ao secret\u00e1rio de Infraestrutura e Servi\u00e7os P\u00fablicos, Luiz Fernando Moreira, Ga\u00facho est\u00e1 solicitando a realiza\u00e7\u00e3o de obras de pavimenta\u00e7\u00e3o da Rua Firmo de Matos, entre a Rua Maciel de Barros e Alameda Nabileque, no Bairro Loteamento Pantanal, pra melhorar as condi\u00e7\u00f5es de tr\u00e1fego e as condi\u00e7\u00f5es de vida dos moradores.<\/p>\n<p>LIMPEZA<\/p>\n<p>Por fim, o vereador solicitou \u00e0 pasta d Infraestrutura, a execu\u00e7\u00e3o de servi\u00e7os de capina\u00e7\u00e3o e limpeza em frente aos conjuntos residenciais Flamboyant I, II e III, no Bairro Guat\u00f3s, como forma de melhorar o visual do local e eliminar focos de doen\u00e7as, como prolifera\u00e7\u00e3o do mosquito Aedes aegypti, transmissor dengue, febre amarela, Zika v\u00edrus e Chikungunya.<\/p>\n","protected":false},"excerpt":{"rendered":"<p>A realiza\u00e7\u00e3o de servi\u00e7os de recupera\u00e7\u00e3o de placas de sinaliza\u00e7\u00e3o de tr\u00e2nsito em via p\u00fablica&#8230;<\/p>\n","protected":false},"author":63,"featured_media":0,"comment_status":"closed","ping_status":"closed","sticky":false,"template":"","format":"standard","meta":{"footnotes":""},"categories":[19],"tags":[],"class_list":["post-11717549","post","type-post","status-publish","format-standard","hentry","category-politica"],"_links":{"self":[{"href":"https:\/\/www.corumbaonline.com.br\/news\/wp-json\/wp\/v2\/posts\/11717549","targetHints":{"allow":["GET"]}}],"collection":[{"href":"https:\/\/www.corumbaonline.com.br\/news\/wp-json\/wp\/v2\/posts"}],"about":[{"href":"https:\/\/www.corumbaonline.com.br\/news\/wp-json\/wp\/v2\/types\/post"}],"author":[{"embeddable":true,"href":"https:\/\/www.corumbaonline.com.br\/news\/wp-json\/wp\/v2\/users\/63"}],"replies":[{"embeddable":true,"href":"https:\/\/www.corumbaonline.com.br\/news\/wp-json\/wp\/v2\/comments?post=11717549"}],"version-history":[{"count":1,"href":"https:\/\/www.corumbaonline.com.br\/news\/wp-json\/wp\/v2\/posts\/11717549\/revisions"}],"predecessor-version":[{"id":11717550,"href":"https:\/\/www.corumbaonline.com.br\/news\/wp-json\/wp\/v2\/posts\/11717549\/revisions\/11717550"}],"wp:attachment":[{"href":"https:\/\/www.corumbaonline.com.br\/news\/wp-json\/wp\/v2\/media?parent=11717549"}],"wp:term":[{"taxonomy":"category","embeddable":true,"href":"https:\/\/www.corumbaonline.com.br\/news\/wp-json\/wp\/v2\/categories?post=11717549"},{"taxonomy":"post_tag","embeddable":true,"href":"https:\/\/www.corumbaonline.com.br\/news\/wp-json\/wp\/v2\/tags?post=11717549"}],"curies":[{"name":"wp","href":"https:\/\/api.w.org\/{rel}","templated":true}]}}