{"id":11717551,"date":"2021-08-18T09:52:00","date_gmt":"2021-08-18T13:52:00","guid":{"rendered":"http:\/\/www.corumbaonline.com.br\/news\/?p=11717551"},"modified":"2021-08-18T09:30:37","modified_gmt":"2021-08-18T13:30:37","slug":"curso-para-formacao-de-condutores-de-observacao-de-aves-tem-inscricoes-abertas","status":"publish","type":"post","link":"https:\/\/www.corumbaonline.com.br\/news\/curso-para-formacao-de-condutores-de-observacao-de-aves-tem-inscricoes-abertas\/","title":{"rendered":"Curso para forma\u00e7\u00e3o de condutores de observa\u00e7\u00e3o de aves tem inscri\u00e7\u00f5es abertas"},"content":{"rendered":"<p>O Curso Introdut\u00f3rio de Forma\u00e7\u00e3o de Condutores de Observa\u00e7\u00e3o de Aves, realizado pela Funda\u00e7\u00e3o de Meio Ambiente do Pantanal acontecer\u00e1 de forma gratuita no per\u00edodo de 10 a 12 de setembro, \u00e9 destinado a guias de turismo e condutores, aos alunos e profissionais de diversas \u00e1reas acad\u00eamicas, naturalistas, educadores ambientais, amadores de aves e demais interessados que devem residir obrigatoriamente no munic\u00edpio de Corumb\u00e1 ou Lad\u00e1rio.<\/p>\n<p><img loading=\"lazy\" decoding=\"async\" class=\"alignleft wp-image-116733 size-medium\" src=\"https:\/\/www.corumba.ms.gov.br\/wp-content\/uploads\/2021\/08\/observa-passaros-300x278.jpg\" sizes=\"auto, (max-width: 300px) 100vw, 300px\" srcset=\"https:\/\/www.corumba.ms.gov.br\/wp-content\/uploads\/2021\/08\/observa-passaros-300x278.jpg 300w, https:\/\/www.corumba.ms.gov.br\/wp-content\/uploads\/2021\/08\/observa-passaros.jpg 766w\" alt=\"\" width=\"300\" height=\"278\" \/><\/p>\n<p>O conte\u00fado program\u00e1tico do curso \u00e9 o seguinte: A arte de observar aves; Origem das aves; Cerrado, Pantanal e Chaco, no Brasil e em Corumb\u00e1; Caracter\u00edsticas dos biomas presentes em Corumb\u00e1 e sua rela\u00e7\u00e3o com a diversidade de aves; Como identificar aves em campo?; Observa\u00e7\u00e3o de aves e o papel dos guias locais; O ecoturismo como fen\u00f4meno de transforma\u00e7\u00e3o socioambiental e econ\u00f4mica; Observa\u00e7\u00e3o de aves e o ecoturismo; C\u00f3digo de \u00e9tica do observador de aves e Pr\u00e1ticas de campo.<\/p>\n<p>Para participar do curso cada pessoa deve preencher o formul\u00e1rio e aguardar um e-mail do processo seletivo confirmando sua inscri\u00e7\u00e3o.O formul\u00e1rio pode ser acessado no link\u00a0<a role=\"link\" href=\"https:\/\/forms.gle\/ueb2iSbtgYJ281Sx9\"><strong><em>https:\/\/forms.gle\/ueb2iSbtgYJ281Sx9<\/em><\/strong><\/a>\u00a0.<\/p>\n<div id=\"gallery-1\" class=\"gallery galleryid-116690 gallery-columns-3 gallery-size-large\">\n<figure class=\"gallery-item\">\n<div class=\"gallery-icon landscape\"><a role=\"link\" href=\"https:\/\/www.corumba.ms.gov.br\/?attachment_id=116688\"><img loading=\"lazy\" decoding=\"async\" class=\"attachment-large size-large\" src=\"https:\/\/www.corumba.ms.gov.br\/wp-content\/uploads\/2021\/08\/Foto-Divulgacao-Aves-2-1024x684.jpg\" sizes=\"auto, (max-width: 1024px) 100vw, 1024px\" srcset=\"https:\/\/www.corumba.ms.gov.br\/wp-content\/uploads\/2021\/08\/Foto-Divulgacao-Aves-2-1024x684.jpg 1024w, https:\/\/www.corumba.ms.gov.br\/wp-content\/uploads\/2021\/08\/Foto-Divulgacao-Aves-2-300x200.jpg 300w, https:\/\/www.corumba.ms.gov.br\/wp-content\/uploads\/2021\/08\/Foto-Divulgacao-Aves-2-768x513.jpg 768w, https:\/\/www.corumba.ms.gov.br\/wp-content\/uploads\/2021\/08\/Foto-Divulgacao-Aves-2.jpg 1200w\" alt=\"\" width=\"1024\" height=\"684\" aria-describedby=\"gallery-1-116688\" \/><\/a><\/div><figcaption id=\"gallery-1-116688\" class=\"wp-caption-text gallery-caption\">Foto: Divulga\u00e7\u00e3o PMC<\/figcaption><\/figure>\n<figure class=\"gallery-item\">\n<div class=\"gallery-icon landscape\"><a role=\"link\" href=\"https:\/\/www.corumba.ms.gov.br\/?attachment_id=116687\"><img loading=\"lazy\" decoding=\"async\" class=\"attachment-large size-large\" src=\"https:\/\/www.corumba.ms.gov.br\/wp-content\/uploads\/2021\/08\/Foto-Divulgacao-Aves-1-1024x684.jpg\" sizes=\"auto, (max-width: 1024px) 100vw, 1024px\" srcset=\"https:\/\/www.corumba.ms.gov.br\/wp-content\/uploads\/2021\/08\/Foto-Divulgacao-Aves-1-1024x684.jpg 1024w, https:\/\/www.corumba.ms.gov.br\/wp-content\/uploads\/2021\/08\/Foto-Divulgacao-Aves-1-300x200.jpg 300w, https:\/\/www.corumba.ms.gov.br\/wp-content\/uploads\/2021\/08\/Foto-Divulgacao-Aves-1-768x513.jpg 768w, https:\/\/www.corumba.ms.gov.br\/wp-content\/uploads\/2021\/08\/Foto-Divulgacao-Aves-1.jpg 1200w\" alt=\"\" width=\"1024\" height=\"684\" aria-describedby=\"gallery-1-116687\" \/><\/a><\/div><figcaption id=\"gallery-1-116687\" class=\"wp-caption-text gallery-caption\">Foto: Divulga\u00e7\u00e3o PMC<\/figcaption><\/figure>\n<figure class=\"gallery-item\">\n<div class=\"gallery-icon landscape\"><a role=\"link\" href=\"https:\/\/www.corumba.ms.gov.br\/?attachment_id=116685\"><img loading=\"lazy\" decoding=\"async\" class=\"attachment-large size-large\" src=\"https:\/\/www.corumba.ms.gov.br\/wp-content\/uploads\/2021\/08\/RMC_6106-copia.jpg\" sizes=\"auto, (max-width: 1024px) 100vw, 1024px\" srcset=\"https:\/\/www.corumba.ms.gov.br\/wp-content\/uploads\/2021\/08\/RMC_6106-copia.jpg 1024w, https:\/\/www.corumba.ms.gov.br\/wp-content\/uploads\/2021\/08\/RMC_6106-copia-300x200.jpg 300w, https:\/\/www.corumba.ms.gov.br\/wp-content\/uploads\/2021\/08\/RMC_6106-copia-768x512.jpg 768w\" alt=\"\" width=\"1024\" height=\"683\" aria-describedby=\"gallery-1-116685\" \/><\/a><\/div><figcaption id=\"gallery-1-116685\" class=\"wp-caption-text gallery-caption\">Foto: Ren\u00ea Marcio Carneiro\/PMC<\/figcaption><\/figure>\n<\/div>\n","protected":false},"excerpt":{"rendered":"<p>O Curso Introdut\u00f3rio de Forma\u00e7\u00e3o de Condutores de Observa\u00e7\u00e3o de Aves, realizado pela Funda\u00e7\u00e3o de&#8230;<\/p>\n","protected":false},"author":70,"featured_media":11717552,"comment_status":"closed","ping_status":"closed","sticky":false,"template":"","format":"standard","meta":{"footnotes":""},"categories":[17],"tags":[],"class_list":["post-11717551","post","type-post","status-publish","format-standard","has-post-thumbnail","hentry","category-meio-ambiente"],"_links":{"self":[{"href":"https:\/\/www.corumbaonline.com.br\/news\/wp-json\/wp\/v2\/posts\/11717551","targetHints":{"allow":["GET"]}}],"collection":[{"href":"https:\/\/www.corumbaonline.com.br\/news\/wp-json\/wp\/v2\/posts"}],"about":[{"href":"https:\/\/www.corumbaonline.com.br\/news\/wp-json\/wp\/v2\/types\/post"}],"author":[{"embeddable":true,"href":"https:\/\/www.corumbaonline.com.br\/news\/wp-json\/wp\/v2\/users\/70"}],"replies":[{"embeddable":true,"href":"https:\/\/www.corumbaonline.com.br\/news\/wp-json\/wp\/v2\/comments?post=11717551"}],"version-history":[{"count":1,"href":"https:\/\/www.corumbaonline.com.br\/news\/wp-json\/wp\/v2\/posts\/11717551\/revisions"}],"predecessor-version":[{"id":11717553,"href":"https:\/\/www.corumbaonline.com.br\/news\/wp-json\/wp\/v2\/posts\/11717551\/revisions\/11717553"}],"wp:featuredmedia":[{"embeddable":true,"href":"https:\/\/www.corumbaonline.com.br\/news\/wp-json\/wp\/v2\/media\/11717552"}],"wp:attachment":[{"href":"https:\/\/www.corumbaonline.com.br\/news\/wp-json\/wp\/v2\/media?parent=11717551"}],"wp:term":[{"taxonomy":"category","embeddable":true,"href":"https:\/\/www.corumbaonline.com.br\/news\/wp-json\/wp\/v2\/categories?post=11717551"},{"taxonomy":"post_tag","embeddable":true,"href":"https:\/\/www.corumbaonline.com.br\/news\/wp-json\/wp\/v2\/tags?post=11717551"}],"curies":[{"name":"wp","href":"https:\/\/api.w.org\/{rel}","templated":true}]}}