{"id":11717574,"date":"2021-08-19T08:18:00","date_gmt":"2021-08-19T12:18:00","guid":{"rendered":"http:\/\/www.corumbaonline.com.br\/news\/?p=11717574"},"modified":"2021-08-19T10:39:43","modified_gmt":"2021-08-19T14:39:43","slug":"alms-prevista-votacao-de-cinco-propostas-na-ordem-do-dia-desta-quinta-feira","status":"publish","type":"post","link":"https:\/\/www.corumbaonline.com.br\/news\/alms-prevista-votacao-de-cinco-propostas-na-ordem-do-dia-desta-quinta-feira\/","title":{"rendered":"ALMS: prevista vota\u00e7\u00e3o de cinco propostas na Ordem do Dia desta quinta-feira"},"content":{"rendered":"<p>Devem ser votadas cinco mat\u00e9rias durante a Ordem do Dia desta quinta-feira (19). A aprecia\u00e7\u00e3o das mat\u00e9rias acontece a partir do Plen\u00e1rio Deputado J\u00falio Maia e pode ser acompanhada ao vivo nos canais oficiais de comunica\u00e7\u00e3o da Casa de Leis &#8211; canal 9 da Claro\u00a0Net TV,\u00a0<a href=\"https:\/\/al.ms.gov.br\/TvAssembleia\" target=\"_blank\" rel=\"noopener\">TV ALEMS<\/a>,\u00a0<a href=\"https:\/\/www.youtube.com\/c\/assembleialegislativadems\" target=\"_blank\" rel=\"noopener\">Youtube<\/a>,\u00a0<a href=\"https:\/\/www.facebook.com\/assembleiams\" target=\"_blank\" rel=\"noopener\">Facebook<\/a>,\u00a0<a href=\"https:\/\/al.ms.gov.br\/RadioAssembleia\/Audios?idMenu=601\" target=\"_blank\" rel=\"noopener\">R\u00e1dio ALEMS<\/a>\u00a0e aplicativo Assembleia MS &#8211; (<a href=\"https:\/\/play.google.com\/store\/apps\/details?id=br.com.app.gpu1553513.gpu40f07c507865e03ef66422c7404ba120&amp;hl=pt_BR\" target=\"_blank\" rel=\"noopener\">Android<\/a>\/<a href=\"https:\/\/apps.apple.com\/br\/app\/assembleia-legislativa-do-ms\/id1185708415\" target=\"_blank\" rel=\"noopener\">iOS<\/a>). A sess\u00e3o ordin\u00e1ria tem in\u00edcio a partir das 9h.<\/p>\n<p><strong>Reda\u00e7\u00e3o final<\/strong><\/p>\n<p>O\u00a0<a href=\"https:\/\/sgpl.consulta.al.ms.gov.br\/sgpl-publico\/#\/linha-tempo?idProposicao=135279\" target=\"_blank\" rel=\"noopener\">Projeto de Lei 170\/2021<\/a>, do deputado Capit\u00e3o Contar (PSL), reconhece o com\u00e9rcio de alimentos, realizados por restaurante em geral, como essencial para a popula\u00e7\u00e3o de Mato Grosso do Sul, em tempos de crises ocasionadas por mol\u00e9stias contagiosas.<\/p>\n<p><strong>Discuss\u00e3o \u00fanica<\/strong><\/p>\n<p>Dois projetos de decreto legislativo da Mesa Diretora da Casa de Leis est\u00e3o pautados para discuss\u00e3o \u00fanica e ambos contam com pareceres favor\u00e1veis da Comiss\u00e3o de Constitui\u00e7\u00e3o, Justi\u00e7a e Reda\u00e7\u00e3o (CCJR). O\u00a0<a href=\"https:\/\/sgpl.consulta.al.ms.gov.br\/sgpl-publico\/#\/linha-tempo?idProposicao=136356\" target=\"_blank\" rel=\"noopener\">Projeto 46\/2021<\/a>, aprova a indica\u00e7\u00e3o do nome das pessoas que especifica, para exercerem a fun\u00e7\u00e3o de membros efetivos e consultivos do F\u00f3rum Deliberativo do MS Ind\u00fastria, para mandato de dois anos, per\u00edodo 2021-2022, com efeitos a contar de 1\u00ba de janeiro de 2021.<\/p>\n<p>J\u00e1 o\u00a0<a href=\"http:\/\/sgpl.consulta.al.ms.gov.br\/sgpl-publico\/#\/linha-tempo?idProposicao=136351\" target=\"_blank\" rel=\"noopener\">Projeto 47\/2021<\/a>\u00a0prorroga, at\u00e9 31 de dezembro de 2021, os efeitos do Decreto Legislativo n\u00ba 635\/2020, que reconhece a ocorr\u00eancia do estado de calamidade p\u00fablico no munic\u00edpio de Navira\u00ed, para os fins do disposto no art. 65 da Lei Complementar Federal 101, de 04 de maio de 2000.<\/p>\n<p><strong>2\u00aa discuss\u00e3o<\/strong><\/p>\n<p>Proposto pelo deputado Neno Razuk (PTB), o\u00a0<a href=\"https:\/\/sgpl.consulta.al.ms.gov.br\/sgpl-publico\/#\/linha-tempo?idProposicao=87114\" target=\"_blank\" rel=\"noopener\">Projeto de Lei 315\/2019<\/a>\u00a0cria, no \u00e2mbito do Estado, o Cadastro Especial de Primeiro Emprego (Cepe) para os alunos da rede estadual de ensino. O parecer da Comiss\u00e3o de Educa\u00e7\u00e3o, Cultura, Desporto, Ci\u00eancia e Tecnologia foi favor\u00e1vel.<\/p>\n<p>O\u00a0<a href=\"https:\/\/sgpl.consulta.al.ms.gov.br\/sgpl-publico\/#\/linha-tempo?idProposicao=90927\" target=\"_blank\" rel=\"noopener\">Projeto de Lei 198\/2020<\/a>, de autoria do deputado Mar\u00e7al Filho (PDSB), institui, no \u00e2mbito do Estado, a Campanha Permanente de Sensibiliza\u00e7\u00e3o, Informa\u00e7\u00e3o e Incentivo \u00e0 Vacina\u00e7\u00e3o. A Comiss\u00e3o de Servi\u00e7o P\u00fablico, Obras, Transporte, Infraestrutura e Administra\u00e7\u00e3o emitiu parecer favor\u00e1vel \u00e0 proposta.<\/p>\n","protected":false},"excerpt":{"rendered":"<p>Devem ser votadas cinco mat\u00e9rias durante a Ordem do Dia desta quinta-feira (19). A aprecia\u00e7\u00e3o&#8230;<\/p>\n","protected":false},"author":12,"featured_media":0,"comment_status":"closed","ping_status":"closed","sticky":false,"template":"","format":"standard","meta":{"footnotes":""},"categories":[19],"tags":[],"class_list":["post-11717574","post","type-post","status-publish","format-standard","hentry","category-politica"],"_links":{"self":[{"href":"https:\/\/www.corumbaonline.com.br\/news\/wp-json\/wp\/v2\/posts\/11717574","targetHints":{"allow":["GET"]}}],"collection":[{"href":"https:\/\/www.corumbaonline.com.br\/news\/wp-json\/wp\/v2\/posts"}],"about":[{"href":"https:\/\/www.corumbaonline.com.br\/news\/wp-json\/wp\/v2\/types\/post"}],"author":[{"embeddable":true,"href":"https:\/\/www.corumbaonline.com.br\/news\/wp-json\/wp\/v2\/users\/12"}],"replies":[{"embeddable":true,"href":"https:\/\/www.corumbaonline.com.br\/news\/wp-json\/wp\/v2\/comments?post=11717574"}],"version-history":[{"count":1,"href":"https:\/\/www.corumbaonline.com.br\/news\/wp-json\/wp\/v2\/posts\/11717574\/revisions"}],"predecessor-version":[{"id":11717575,"href":"https:\/\/www.corumbaonline.com.br\/news\/wp-json\/wp\/v2\/posts\/11717574\/revisions\/11717575"}],"wp:attachment":[{"href":"https:\/\/www.corumbaonline.com.br\/news\/wp-json\/wp\/v2\/media?parent=11717574"}],"wp:term":[{"taxonomy":"category","embeddable":true,"href":"https:\/\/www.corumbaonline.com.br\/news\/wp-json\/wp\/v2\/categories?post=11717574"},{"taxonomy":"post_tag","embeddable":true,"href":"https:\/\/www.corumbaonline.com.br\/news\/wp-json\/wp\/v2\/tags?post=11717574"}],"curies":[{"name":"wp","href":"https:\/\/api.w.org\/{rel}","templated":true}]}}