{"id":11717576,"date":"2021-08-19T08:31:00","date_gmt":"2021-08-19T12:31:00","guid":{"rendered":"http:\/\/www.corumbaonline.com.br\/news\/?p=11717576"},"modified":"2021-08-19T10:42:11","modified_gmt":"2021-08-19T14:42:11","slug":"fundacao-de-cultura-abre-selecao-de-artesaos-e-entidades-para-participacao-no-salao-do-artesanato-em-brasilia","status":"publish","type":"post","link":"https:\/\/www.corumbaonline.com.br\/news\/fundacao-de-cultura-abre-selecao-de-artesaos-e-entidades-para-participacao-no-salao-do-artesanato-em-brasilia\/","title":{"rendered":"Funda\u00e7\u00e3o de Cultura abre sele\u00e7\u00e3o de artes\u00e3os e entidades para participa\u00e7\u00e3o no Sal\u00e3o do Artesanato em Bras\u00edlia"},"content":{"rendered":"<p data-uw-styling-context=\"true\">A Funda\u00e7\u00e3o de Cultura de Mato Grosso do Sul, torna p\u00fablico o processo de sele\u00e7\u00e3o de interessados em participar da 14\u00ba Sal\u00e3o de Artesanato &#8211; Ra\u00edzes Brasileiras em Bras\u00edlia\/DF. Ser\u00e1 ocupado um espa\u00e7o coletivo de 50m\u00b2, durante o evento, para divulga\u00e7\u00e3o e comercializa\u00e7\u00e3o de produtos artesanais de Mato Grosso do Sul.<\/p>\n<p data-uw-styling-context=\"true\">O 14\u00ba Sal\u00e3o de Artesanato &#8211; Ra\u00edzes Brasileiras acontecer\u00e1 no per\u00edodo de 27 a 31 de outubro de 2021, na Arena de Eventos do P\u00e1tio Brasil Shopping em Bras\u00edlia\/DF. Os selecionados dever\u00e3o arcar com as pr\u00f3prias despesas de passagens, traslados e alimenta\u00e7\u00e3o durante todo o evento.<\/p>\n<p data-uw-styling-context=\"true\">Ficar\u00e1 sob a responsabilidade da FCMS transportar as pe\u00e7as de artesanato de Campo Grande\/MS \u00e0 Bras\u00edlia\/ DF e de Bras\u00edlia\/DF \u00e0 Campo Grande\/MS, desde que devidamente acondicionadas.<\/p>\n<p data-uw-styling-context=\"true\">Ser\u00e3o disponibilizadas 06 (seis) vagas, sendo: a) 2 (duas) para artes\u00e3os individuais; b) 4 (quatro) para entidades representativas do artesanato (pessoa jur\u00eddica de direito privado sem fins lucrativos).<\/p>\n<p data-uw-styling-context=\"true\">Poder\u00e3o participar da sele\u00e7\u00e3o: I \u2013 Artes\u00e3os que: a) sejam maiores de 18 anos; b) estejam cadastrados no Sistema de Informa\u00e7\u00f5es Cadastrais do Artesanato Brasileiro no estado de MS (SICAB), com Carteira Nacional dentro do prazo de validade e; c) tenham disponibilidade e condi\u00e7\u00f5es f\u00edsicas para viajar e realizar a comercializa\u00e7\u00e3o dos seus produtos durante o evento. II \u2013 Entidades representativas (pessoa jur\u00eddica de direito privado sem fins lucrativos) de artesanato em MS que sejam legalmente constitu\u00eddas.<\/p>\n<p data-uw-styling-context=\"true\">Os Proponentes dever\u00e3o acessar a plataforma virtual de inscri\u00e7\u00e3o atrav\u00e9s do link: https:\/\/forms. gle\/23e3fSqcUj6FHobt8, e anexar os documentos requisitados, sob pena de desclassifica\u00e7\u00e3o. As inscri\u00e7\u00f5es ficar\u00e3o abertas pelo prazo de 45 dias a partir da publica\u00e7\u00e3o deste edital, ou seja, at\u00e9 o dia 1\u00ba de outubro.<\/p>\n<p data-uw-styling-context=\"true\">Ap\u00f3s o per\u00edodo de inscri\u00e7\u00f5es, ser\u00e1 dado in\u00edcio ao processo de sele\u00e7\u00e3o, a ser realizado por uma Comiss\u00e3o Especial de Sele\u00e7\u00e3o nomeada por ato do Diretor Presidente da FCMS, por delega\u00e7\u00e3o de compet\u00eancia do Secret\u00e1rio de Estado de Cidadania e Cultura, composta por, no m\u00ednimo, seis membros, sendo 3 (tr\u00eas) titulares e 3 (tr\u00eas) suplentes, servidores p\u00fablicos estaduais ou n\u00e3o, de reputa\u00e7\u00e3o ilibada e reconhecido conhecimento da mat\u00e9ria em exame, e que ficar\u00e1 encarregada de avaliar as fotos dos produtos artesanais, bem como os dados constantes no formul\u00e1rio de inscri\u00e7\u00e3o e documentos solicitados, de acordo com crit\u00e9rios que constam no edital.<\/p>\n<p data-uw-styling-context=\"true\">Confira abaixo o cronograma de atividades:<\/p>\n<p><a href=\"https:\/\/www.fundacaodecultura.ms.gov.br\/wp-content\/uploads\/2021\/08\/tabela.png\"><img loading=\"lazy\" decoding=\"async\" class=\"alignnone wp-image-38113 size-full\" src=\"https:\/\/www.fundacaodecultura.ms.gov.br\/wp-content\/uploads\/2021\/08\/tabela.png\" alt=\"\" width=\"689\" height=\"240\" \/><\/a><\/p>\n<p data-uw-styling-context=\"true\">Confira o edital na \u00edntegra com os documentos necess\u00e1rios para inscri\u00e7\u00e3o e os anexos como a ficha de inscri\u00e7\u00e3o na p\u00e1gina 50 do\u00a0<a href=\"https:\/\/www.spdo.ms.gov.br\/diariodoe\/Index\/Download\/DO10609_18_08_2021\" data-uw-styling-context=\"true\">Di\u00e1rio Oficial desta quarta-feira, 18 de agosto de 2021<\/a>.<\/p>\n","protected":false},"excerpt":{"rendered":"<p>A Funda\u00e7\u00e3o de Cultura de Mato Grosso do Sul, torna p\u00fablico o processo de sele\u00e7\u00e3o&#8230;<\/p>\n","protected":false},"author":13,"featured_media":0,"comment_status":"closed","ping_status":"closed","sticky":false,"template":"","format":"standard","meta":{"footnotes":""},"categories":[7],"tags":[],"class_list":["post-11717576","post","type-post","status-publish","format-standard","hentry","category-cultura"],"_links":{"self":[{"href":"https:\/\/www.corumbaonline.com.br\/news\/wp-json\/wp\/v2\/posts\/11717576","targetHints":{"allow":["GET"]}}],"collection":[{"href":"https:\/\/www.corumbaonline.com.br\/news\/wp-json\/wp\/v2\/posts"}],"about":[{"href":"https:\/\/www.corumbaonline.com.br\/news\/wp-json\/wp\/v2\/types\/post"}],"author":[{"embeddable":true,"href":"https:\/\/www.corumbaonline.com.br\/news\/wp-json\/wp\/v2\/users\/13"}],"replies":[{"embeddable":true,"href":"https:\/\/www.corumbaonline.com.br\/news\/wp-json\/wp\/v2\/comments?post=11717576"}],"version-history":[{"count":1,"href":"https:\/\/www.corumbaonline.com.br\/news\/wp-json\/wp\/v2\/posts\/11717576\/revisions"}],"predecessor-version":[{"id":11717577,"href":"https:\/\/www.corumbaonline.com.br\/news\/wp-json\/wp\/v2\/posts\/11717576\/revisions\/11717577"}],"wp:attachment":[{"href":"https:\/\/www.corumbaonline.com.br\/news\/wp-json\/wp\/v2\/media?parent=11717576"}],"wp:term":[{"taxonomy":"category","embeddable":true,"href":"https:\/\/www.corumbaonline.com.br\/news\/wp-json\/wp\/v2\/categories?post=11717576"},{"taxonomy":"post_tag","embeddable":true,"href":"https:\/\/www.corumbaonline.com.br\/news\/wp-json\/wp\/v2\/tags?post=11717576"}],"curies":[{"name":"wp","href":"https:\/\/api.w.org\/{rel}","templated":true}]}}