{"id":11717601,"date":"2021-08-19T10:54:00","date_gmt":"2021-08-19T14:54:00","guid":{"rendered":"http:\/\/www.corumbaonline.com.br\/news\/?p=11717601"},"modified":"2021-08-19T11:09:21","modified_gmt":"2021-08-19T15:09:21","slug":"vereador-solicita-disponibilizacao-de-dermatologistas-na-rede-publica-de-saude","status":"publish","type":"post","link":"https:\/\/www.corumbaonline.com.br\/news\/vereador-solicita-disponibilizacao-de-dermatologistas-na-rede-publica-de-saude\/","title":{"rendered":"Vereador solicita disponibiliza\u00e7\u00e3o de dermatologistas na Rede P\u00fablica de Sa\u00fade"},"content":{"rendered":"<p>O vereador Allex Dellas est\u00e1 reivindicando junto \u00e0 Prefeitura, a inclus\u00e3o de m\u00e9dicos dermatologistas na Rede P\u00fablica de Sa\u00fade de Corumb\u00e1, para melhorar e ampliar os servi\u00e7os disponibilizados \u00e0 popula\u00e7\u00e3o, por meio do Sistema \u00danico de Sa\u00fade (SUS).<\/p>\n<p>O pedido foi feito por meio de requerimento apresentado durante sess\u00e3o do Poder Legislativo corumbaense, direto ao secret\u00e1rio de Sa\u00fade Rog\u00e9rio dos Santos Leite.<\/p>\n<p>Explicou que a demanda \u00e9 grande, e que h\u00e1 muitas reclama\u00e7\u00f5es de usu\u00e1rios dos servi\u00e7os disponibilizados pela rede, que necessitam de atendimento com dermatologistas. \u201c\u00c9 uma especialidade m\u00e9dica importante para diagn\u00f3sticos e tratamento das patologias relacionadas \u00e0 pele, que precisa ser disponibilizada em nossa cidade, pelo SUS\u201d, completou.<\/p>\n<p>CAL\u00c7ADA<\/p>\n<p>Na mesma sess\u00e3o, Allex solicitou aos secret\u00e1rios de Infraestrutura e Servi\u00e7os P\u00fablicos, Luiz Fernando Moreira, e de Projetos e Planejamentos Estrat\u00e9gicos, Ricardo Campos Ametlla, a execu\u00e7\u00e3o de obras visando o cal\u00e7amento da frente e no entorno do Parque Municipal Zumbi dos Palmares, localizado na Rua Pedro de Medeiros, Bairro Popular Velha.<\/p>\n<p>Ele explicou que, com esse servi\u00e7o, a Prefeitura ir\u00e1 disponibilizar um cal\u00e7ad\u00e3o para os moradores realizarem atividades f\u00edsicas, al\u00e9m de garantir maior seguran\u00e7a aos pedestres que trafegam pelo local, melhorando inclusive a acessibilidade, j\u00e1 que, hoje, sem a cal\u00e7ada, as pessoas trafegam pela rua, correndo riscos de atropelamentos.<\/p>\n<p>VIATURA<\/p>\n<p>Ao secret\u00e1rio de Desenvolvimento Econ\u00f4mico e Sustent\u00e1vel, C\u00e1ssio Augusto da Costa Marques, o vereador solicitou a disponibiliza\u00e7\u00e3o de um ve\u00edculo para deslocamento das equipes da Superintend\u00eancia de Agricultura Familiar que desenvolvem trabalhos de assist\u00eancia os pequenos produtores rurais dos assentamentos da regi\u00e3o. \u201cHoje, a pasta n\u00e3o conta com ve\u00edculo e isso tem prejudicado o servi\u00e7o\u201d, justificou.<\/p>\n<p>HOMENAGEM<\/p>\n<p>Um outro requerimento apresentado por Allex Dellas, assinado tamb\u00e9m pelo presidente da Casa de Leis, vereador Roberto Fa\u00e7anha, visa homenagear com uma Mo\u00e7\u00e3o de Congratula\u00e7\u00e3o, o secret\u00e1rio de Estado de Infraestrutura, Eduardo Correa Riedel, pelos investimentos obtidos junto ao Governo do Estado pra Corumb\u00e1.<\/p>\n<p>Entre as conquistas est\u00e3o a constru\u00e7\u00e3o da estrada e da ponte que ligar\u00e1 o Distrito de Porto Esperan\u00e7a \u00e0 BR-262, bem como a execu\u00e7\u00e3o de obras de infraestrutura urbana com restaura\u00e7\u00e3o funcional do pavimento, drenagem de len\u00e7ol fre\u00e1tico e pavimenta\u00e7\u00e3o asf\u00e1ltica em 14 quadras da regi\u00e3o central de Corumb\u00e1, um sonho antigo dos moradores da cidade.<\/p>\n<p>Riedel, antes de assumir a pasta de Infraestrutura, foi secret\u00e1rio de Estado de Governo e Gest\u00e3o Estrat\u00e9gica por seis anos, de 2015 a 2021.<\/p>\n","protected":false},"excerpt":{"rendered":"<p>O vereador Allex Dellas est\u00e1 reivindicando junto \u00e0 Prefeitura, a inclus\u00e3o de m\u00e9dicos dermatologistas na&#8230;<\/p>\n","protected":false},"author":63,"featured_media":0,"comment_status":"closed","ping_status":"closed","sticky":false,"template":"","format":"standard","meta":{"footnotes":""},"categories":[19],"tags":[],"class_list":["post-11717601","post","type-post","status-publish","format-standard","hentry","category-politica"],"_links":{"self":[{"href":"https:\/\/www.corumbaonline.com.br\/news\/wp-json\/wp\/v2\/posts\/11717601","targetHints":{"allow":["GET"]}}],"collection":[{"href":"https:\/\/www.corumbaonline.com.br\/news\/wp-json\/wp\/v2\/posts"}],"about":[{"href":"https:\/\/www.corumbaonline.com.br\/news\/wp-json\/wp\/v2\/types\/post"}],"author":[{"embeddable":true,"href":"https:\/\/www.corumbaonline.com.br\/news\/wp-json\/wp\/v2\/users\/63"}],"replies":[{"embeddable":true,"href":"https:\/\/www.corumbaonline.com.br\/news\/wp-json\/wp\/v2\/comments?post=11717601"}],"version-history":[{"count":1,"href":"https:\/\/www.corumbaonline.com.br\/news\/wp-json\/wp\/v2\/posts\/11717601\/revisions"}],"predecessor-version":[{"id":11717602,"href":"https:\/\/www.corumbaonline.com.br\/news\/wp-json\/wp\/v2\/posts\/11717601\/revisions\/11717602"}],"wp:attachment":[{"href":"https:\/\/www.corumbaonline.com.br\/news\/wp-json\/wp\/v2\/media?parent=11717601"}],"wp:term":[{"taxonomy":"category","embeddable":true,"href":"https:\/\/www.corumbaonline.com.br\/news\/wp-json\/wp\/v2\/categories?post=11717601"},{"taxonomy":"post_tag","embeddable":true,"href":"https:\/\/www.corumbaonline.com.br\/news\/wp-json\/wp\/v2\/tags?post=11717601"}],"curies":[{"name":"wp","href":"https:\/\/api.w.org\/{rel}","templated":true}]}}