{"id":11717623,"date":"2021-08-20T08:13:00","date_gmt":"2021-08-20T12:13:00","guid":{"rendered":"http:\/\/www.corumbaonline.com.br\/news\/?p=11717623"},"modified":"2021-08-20T08:28:22","modified_gmt":"2021-08-20T12:28:22","slug":"carmen-lucia-pede-para-cpi-esclarecer-quebra-de-sigilo-de-deputado","status":"publish","type":"post","link":"https:\/\/www.corumbaonline.com.br\/news\/carmen-lucia-pede-para-cpi-esclarecer-quebra-de-sigilo-de-deputado\/","title":{"rendered":"C\u00e1rmen L\u00facia pede para CPI esclarecer quebra de sigilo de deputado"},"content":{"rendered":"<p>A ministra do Supremo Tribunal Federal (STF) C\u00e1rmen L\u00facia pediu ontem (19) que a Comiss\u00e3o Parlamentar de Inqu\u00e9rito (CPI) da Pandemia esclare\u00e7a em 24 horas a decis\u00e3o que determinou a quebra dos sigilos fiscal, banc\u00e1rio e telef\u00f4nico do deputado federal Ricardo Barros (PP-PR), l\u00edder do governo na C\u00e2mara dos Deputados.<img decoding=\"async\" src=\"https:\/\/agenciabrasil.ebc.com.br\/ebc.png?id=1419052&amp;o=node\" \/><img decoding=\"async\" src=\"https:\/\/agenciabrasil.ebc.com.br\/ebc.gif?id=1419052&amp;o=node\" \/><\/p>\n<p>C\u00e1rmen L\u00facia \u00e9 relatora de um mandado de seguran\u00e7a do parlamentar para suspender a quebra. Antes de decidir a quest\u00e3o, a ministra pede que a comiss\u00e3o esclare\u00e7a os motivos pelos quais a quebra abrange per\u00edodo anterior \u00e0 pandemia.<\/p>\n<p>&#8220;Determino sejam requisitadas informa\u00e7\u00f5es \u00e0 autoridade indigitada coatora, em especial sobre a quebra do sigilo fiscal a alcan\u00e7ar per\u00edodo anterior ao pand\u00eamico (2016 at\u00e9 a presente data), para prest\u00e1-las no prazo m\u00e1ximo de 24 horas&#8221;, decidiu<\/p>\n<p>A defesa de Barros recorreu ao Supremo ap\u00f3s a CPI decidir, na manh\u00e3 de hoje, aprovar requerimento para acessar os sigilos do deputado.\u00a0<\/p>\n<p>Para os advogados, a medida \u00e9 um &#8220;ato nitidamente inconstitucional&#8221; e sem fundamenta\u00e7\u00e3o. Al\u00e9m disso, a defesa sustenta que a CPI n\u00e3o pode determinar a medida contra parlamentares.\u00a0<\/p>\n<p>&#8220;Na\u0303o ha\u0301 du\u0301vidas de que a ause\u0302ncia de previsa\u0303o de quebras de sigilo ou outras dilige\u0302ncias constritivas em relac\u0327a\u0303o a\u0300 membros do Congresso Nacional sa\u0303o vedadas pelo ordenamento pa\u0301trio&#8221;, argumentam os advogados.<\/p>\n","protected":false},"excerpt":{"rendered":"<p>A ministra do Supremo Tribunal Federal (STF) C\u00e1rmen L\u00facia pediu ontem (19) que a Comiss\u00e3o&#8230;<\/p>\n","protected":false},"author":4,"featured_media":0,"comment_status":"closed","ping_status":"closed","sticky":false,"template":"","format":"standard","meta":{"footnotes":""},"categories":[19],"tags":[],"class_list":["post-11717623","post","type-post","status-publish","format-standard","hentry","category-politica"],"_links":{"self":[{"href":"https:\/\/www.corumbaonline.com.br\/news\/wp-json\/wp\/v2\/posts\/11717623","targetHints":{"allow":["GET"]}}],"collection":[{"href":"https:\/\/www.corumbaonline.com.br\/news\/wp-json\/wp\/v2\/posts"}],"about":[{"href":"https:\/\/www.corumbaonline.com.br\/news\/wp-json\/wp\/v2\/types\/post"}],"author":[{"embeddable":true,"href":"https:\/\/www.corumbaonline.com.br\/news\/wp-json\/wp\/v2\/users\/4"}],"replies":[{"embeddable":true,"href":"https:\/\/www.corumbaonline.com.br\/news\/wp-json\/wp\/v2\/comments?post=11717623"}],"version-history":[{"count":1,"href":"https:\/\/www.corumbaonline.com.br\/news\/wp-json\/wp\/v2\/posts\/11717623\/revisions"}],"predecessor-version":[{"id":11717624,"href":"https:\/\/www.corumbaonline.com.br\/news\/wp-json\/wp\/v2\/posts\/11717623\/revisions\/11717624"}],"wp:attachment":[{"href":"https:\/\/www.corumbaonline.com.br\/news\/wp-json\/wp\/v2\/media?parent=11717623"}],"wp:term":[{"taxonomy":"category","embeddable":true,"href":"https:\/\/www.corumbaonline.com.br\/news\/wp-json\/wp\/v2\/categories?post=11717623"},{"taxonomy":"post_tag","embeddable":true,"href":"https:\/\/www.corumbaonline.com.br\/news\/wp-json\/wp\/v2\/tags?post=11717623"}],"curies":[{"name":"wp","href":"https:\/\/api.w.org\/{rel}","templated":true}]}}