{"id":11717636,"date":"2021-08-20T09:36:00","date_gmt":"2021-08-20T13:36:00","guid":{"rendered":"http:\/\/www.corumbaonline.com.br\/news\/?p=11717636"},"modified":"2021-08-20T11:36:54","modified_gmt":"2021-08-20T15:36:54","slug":"nunes-marques-suspende-quebra-de-sigilo-de-assessor-pedida-por-cpi","status":"publish","type":"post","link":"https:\/\/www.corumbaonline.com.br\/news\/nunes-marques-suspende-quebra-de-sigilo-de-assessor-pedida-por-cpi\/","title":{"rendered":"Nunes Marques suspende quebra de sigilo de assessor pedida por CPI"},"content":{"rendered":"<p>O ministro do Supremo Tribunal Federal (STF) Nunes Marques decidiu ontem (19) suspender a decis\u00e3o da Comiss\u00e3o Parlamentar de Inqu\u00e9rito (CPI) da Pandemia que determinou a quebra do sigilo fiscal e banc\u00e1rio de Mateus de Carvalho Sposito, assessor da secretaria de comunica\u00e7\u00e3o institucional do Minist\u00e9rio das Comunica\u00e7\u00f5es.<img decoding=\"async\" src=\"https:\/\/agenciabrasil.ebc.com.br\/ebc.png?id=1419055&amp;o=node\" \/><img decoding=\"async\" src=\"https:\/\/agenciabrasil.ebc.com.br\/ebc.gif?id=1419055&amp;o=node\" \/><\/p>\n<p>Ao deferir o mandado de seguran\u00e7a protocolado pela defesa do assessor, o ministro entendeu que a medida foi tomada de forma ampla e gen\u00e9rica. Segundo o STF, Sposito foi acusado de divulgar informa\u00e7\u00f5es falsas sobre a pandemia.<\/p>\n<p>&#8220;O caso enquadra-se, portanto, na ideia de devassa mencionada nos precedentes por mim citados. Em situa\u00e7\u00f5es an\u00e1logas, houve outras decis\u00f5es em que o Supremo impediu a viola\u00e7\u00e3o de sigilos quando ausente pertin\u00eancia em rela\u00e7\u00e3o aos fatos concretos e ante evidente desrespeito ao princ\u00edpio da razoabilidade&#8221;, decidiu.<\/p>\n<p>De acordo com a Advocacia-Geral da Uni\u00e3o (AGU), que realizou a defesa do assessor, o sigilo foi quebrado sem que ele tivesse sido chamado a prestar esclarecimentos na comiss\u00e3o.<\/p>\n","protected":false},"excerpt":{"rendered":"<p>O ministro do Supremo Tribunal Federal (STF) Nunes Marques decidiu ontem (19) suspender a decis\u00e3o&#8230;<\/p>\n","protected":false},"author":4,"featured_media":0,"comment_status":"closed","ping_status":"closed","sticky":false,"template":"","format":"standard","meta":{"footnotes":""},"categories":[19],"tags":[],"class_list":["post-11717636","post","type-post","status-publish","format-standard","hentry","category-politica"],"_links":{"self":[{"href":"https:\/\/www.corumbaonline.com.br\/news\/wp-json\/wp\/v2\/posts\/11717636","targetHints":{"allow":["GET"]}}],"collection":[{"href":"https:\/\/www.corumbaonline.com.br\/news\/wp-json\/wp\/v2\/posts"}],"about":[{"href":"https:\/\/www.corumbaonline.com.br\/news\/wp-json\/wp\/v2\/types\/post"}],"author":[{"embeddable":true,"href":"https:\/\/www.corumbaonline.com.br\/news\/wp-json\/wp\/v2\/users\/4"}],"replies":[{"embeddable":true,"href":"https:\/\/www.corumbaonline.com.br\/news\/wp-json\/wp\/v2\/comments?post=11717636"}],"version-history":[{"count":1,"href":"https:\/\/www.corumbaonline.com.br\/news\/wp-json\/wp\/v2\/posts\/11717636\/revisions"}],"predecessor-version":[{"id":11717637,"href":"https:\/\/www.corumbaonline.com.br\/news\/wp-json\/wp\/v2\/posts\/11717636\/revisions\/11717637"}],"wp:attachment":[{"href":"https:\/\/www.corumbaonline.com.br\/news\/wp-json\/wp\/v2\/media?parent=11717636"}],"wp:term":[{"taxonomy":"category","embeddable":true,"href":"https:\/\/www.corumbaonline.com.br\/news\/wp-json\/wp\/v2\/categories?post=11717636"},{"taxonomy":"post_tag","embeddable":true,"href":"https:\/\/www.corumbaonline.com.br\/news\/wp-json\/wp\/v2\/tags?post=11717636"}],"curies":[{"name":"wp","href":"https:\/\/api.w.org\/{rel}","templated":true}]}}