{"id":11717640,"date":"2021-08-20T10:02:00","date_gmt":"2021-08-20T14:02:00","guid":{"rendered":"http:\/\/www.corumbaonline.com.br\/news\/?p=11717640"},"modified":"2021-08-20T11:49:57","modified_gmt":"2021-08-20T15:49:57","slug":"programa-social-povo-das-aguas-tambem-levara-acoes-referentes-ao-agosto-lilas","status":"publish","type":"post","link":"https:\/\/www.corumbaonline.com.br\/news\/programa-social-povo-das-aguas-tambem-levara-acoes-referentes-ao-agosto-lilas\/","title":{"rendered":"Programa Social Povo das \u00c1guas tamb\u00e9m levar\u00e1 a\u00e7\u00f5es referentes ao Agosto Lil\u00e1s"},"content":{"rendered":"<p>A Prefeitura de Corumb\u00e1, por meio da Secretaria Municipal de Assist\u00eancia Social e Cidadania, atende entre os dias 21 e 25 de agosto os ribeirinhos da regi\u00e3o do Baixo Pantanal com o Programa Social Povo das \u00c1guas.<\/p>\n<p>A secret\u00e1ria municipal de Assist\u00eancia Social e Cidadania, Amanda Balancieri Iunes, ressaltou que durante os atendimentos, a equipe tamb\u00e9m vai disponibilizar doses da vacina contra Covid-19 para os p\u00fablicos alvos atualizados, conforme o cronograma, e atender quem ainda n\u00e3o foi vacinado.<\/p>\n<p>Al\u00e9m da imuniza\u00e7\u00e3o contra o novo Coronav\u00edrus, as vacinas de rotina tamb\u00e9m fazem parte do planejamento. Outra atividade destacada pela Secretaria \u00e9 a palestra sobre o Agosto Lil\u00e1s, al\u00e9m de panfletagem e orienta\u00e7\u00e3o sobre o tema. O embarque da equipe multidisciplinar acontece \u00e0s 10 horas da manh\u00e3 do s\u00e1bado, dia 21.<\/p>\n<p>No mesmo dia, no per\u00edodo da tarde, o atendimento acontece na casa da Dona F\u00e1tima, onde estar\u00e3o os moradores da regi\u00e3o do Porto Formigueiro, das 14h \u00e0s 16 horas. No domingo, dia 22, os trabalhos estar\u00e3o concentrados no Porto da Manga, das 8h \u00e0s 13 horas, no Hotel Sonetur.<\/p>\n<p>No dia 23, segunda-feira, ser\u00e3o assistidos os ribeirinhos da regi\u00e3o de Porto Morrinho. O atendimento ser\u00e1 no Hotel da Odila, das 8h \u00e0s 13 horas. No dia 24, ter\u00e7a-feira, \u00e9 a vez da comunidade de Porto Esperan\u00e7a receber a A\u00e7\u00e3o Social. Os servidores estar\u00e3o na Escola Municipal da regi\u00e3o, das 8h \u00e0s 12 horas.<\/p>\n<p>A quarta edi\u00e7\u00e3o do Programa Povo das \u00c1guas em 2021 termina na quarta-feira, dia 25, quando ser\u00e3o atendidos os moradores do Forte Coimbra, das 8h \u00e0s 13 horas, na Escola Municipal Ludovina Portocarrero.<\/p>\n<div id=\"gallery-1\" class=\"gallery galleryid-116906 gallery-columns-3 gallery-size-large\">\n<figure class=\"gallery-item\">\n<div class=\"gallery-icon landscape\"><a role=\"link\" href=\"https:\/\/www.corumba.ms.gov.br\/?attachment_id=116912\"><img loading=\"lazy\" decoding=\"async\" class=\"attachment-large size-large\" src=\"https:\/\/www.corumba.ms.gov.br\/wp-content\/uploads\/2021\/08\/IMG_8974-copiar.jpg\" sizes=\"auto, (max-width: 1024px) 100vw, 1024px\" srcset=\"https:\/\/www.corumba.ms.gov.br\/wp-content\/uploads\/2021\/08\/IMG_8974-copiar.jpg 1024w, https:\/\/www.corumba.ms.gov.br\/wp-content\/uploads\/2021\/08\/IMG_8974-copiar-300x200.jpg 300w, https:\/\/www.corumba.ms.gov.br\/wp-content\/uploads\/2021\/08\/IMG_8974-copiar-768x512.jpg 768w\" alt=\"\" width=\"1024\" height=\"683\" aria-describedby=\"gallery-1-116912\" \/><\/a><\/div><figcaption id=\"gallery-1-116912\" class=\"wp-caption-text gallery-caption\">Foto: Cl\u00f3vis Neto\/PMC<\/figcaption><\/figure>\n<figure class=\"gallery-item\">\n<div class=\"gallery-icon landscape\"><a role=\"link\" href=\"https:\/\/www.corumba.ms.gov.br\/?attachment_id=116911\"><img loading=\"lazy\" decoding=\"async\" class=\"attachment-large size-large\" src=\"https:\/\/www.corumba.ms.gov.br\/wp-content\/uploads\/2021\/08\/IMG_8972-copiar.jpg\" sizes=\"auto, (max-width: 1024px) 100vw, 1024px\" srcset=\"https:\/\/www.corumba.ms.gov.br\/wp-content\/uploads\/2021\/08\/IMG_8972-copiar.jpg 1024w, https:\/\/www.corumba.ms.gov.br\/wp-content\/uploads\/2021\/08\/IMG_8972-copiar-300x200.jpg 300w, https:\/\/www.corumba.ms.gov.br\/wp-content\/uploads\/2021\/08\/IMG_8972-copiar-768x512.jpg 768w\" alt=\"\" width=\"1024\" height=\"683\" aria-describedby=\"gallery-1-116911\" \/><\/a><\/div><figcaption id=\"gallery-1-116911\" class=\"wp-caption-text gallery-caption\">Foto: Cl\u00f3vis Neto\/PMC<\/figcaption><\/figure>\n<figure class=\"gallery-item\">\n<div class=\"gallery-icon landscape\"><a role=\"link\" href=\"https:\/\/www.corumba.ms.gov.br\/?attachment_id=116910\"><img loading=\"lazy\" decoding=\"async\" class=\"attachment-large size-large\" src=\"https:\/\/www.corumba.ms.gov.br\/wp-content\/uploads\/2021\/08\/IMG_8971-copiar.jpg\" sizes=\"auto, (max-width: 1024px) 100vw, 1024px\" srcset=\"https:\/\/www.corumba.ms.gov.br\/wp-content\/uploads\/2021\/08\/IMG_8971-copiar.jpg 1024w, https:\/\/www.corumba.ms.gov.br\/wp-content\/uploads\/2021\/08\/IMG_8971-copiar-300x200.jpg 300w, https:\/\/www.corumba.ms.gov.br\/wp-content\/uploads\/2021\/08\/IMG_8971-copiar-768x512.jpg 768w\" alt=\"\" width=\"1024\" height=\"683\" aria-describedby=\"gallery-1-116910\" \/><\/a><\/div><figcaption id=\"gallery-1-116910\" class=\"wp-caption-text gallery-caption\">Foto: Cl\u00f3vis Neto\/PMC<\/figcaption><\/figure>\n<figure class=\"gallery-item\">\n<div class=\"gallery-icon landscape\"><a role=\"link\" href=\"https:\/\/www.corumba.ms.gov.br\/?attachment_id=116909\"><img loading=\"lazy\" decoding=\"async\" class=\"attachment-large size-large\" src=\"https:\/\/www.corumba.ms.gov.br\/wp-content\/uploads\/2021\/08\/IMG_8954-copiar.jpg\" sizes=\"auto, (max-width: 1024px) 100vw, 1024px\" srcset=\"https:\/\/www.corumba.ms.gov.br\/wp-content\/uploads\/2021\/08\/IMG_8954-copiar.jpg 1024w, https:\/\/www.corumba.ms.gov.br\/wp-content\/uploads\/2021\/08\/IMG_8954-copiar-300x200.jpg 300w, https:\/\/www.corumba.ms.gov.br\/wp-content\/uploads\/2021\/08\/IMG_8954-copiar-768x512.jpg 768w\" alt=\"\" width=\"1024\" height=\"683\" aria-describedby=\"gallery-1-116909\" \/><\/a><\/div><figcaption id=\"gallery-1-116909\" class=\"wp-caption-text gallery-caption\">Foto: Cl\u00f3vis Neto\/PMC<\/figcaption><\/figure>\n<\/div>\n","protected":false},"excerpt":{"rendered":"<p>A Prefeitura de Corumb\u00e1, por meio da Secretaria Municipal de Assist\u00eancia Social e Cidadania, atende&#8230;<\/p>\n","protected":false},"author":70,"featured_media":11717641,"comment_status":"closed","ping_status":"closed","sticky":false,"template":"","format":"standard","meta":{"footnotes":""},"categories":[14],"tags":[],"class_list":["post-11717640","post","type-post","status-publish","format-standard","has-post-thumbnail","hentry","category-geral"],"_links":{"self":[{"href":"https:\/\/www.corumbaonline.com.br\/news\/wp-json\/wp\/v2\/posts\/11717640","targetHints":{"allow":["GET"]}}],"collection":[{"href":"https:\/\/www.corumbaonline.com.br\/news\/wp-json\/wp\/v2\/posts"}],"about":[{"href":"https:\/\/www.corumbaonline.com.br\/news\/wp-json\/wp\/v2\/types\/post"}],"author":[{"embeddable":true,"href":"https:\/\/www.corumbaonline.com.br\/news\/wp-json\/wp\/v2\/users\/70"}],"replies":[{"embeddable":true,"href":"https:\/\/www.corumbaonline.com.br\/news\/wp-json\/wp\/v2\/comments?post=11717640"}],"version-history":[{"count":1,"href":"https:\/\/www.corumbaonline.com.br\/news\/wp-json\/wp\/v2\/posts\/11717640\/revisions"}],"predecessor-version":[{"id":11717642,"href":"https:\/\/www.corumbaonline.com.br\/news\/wp-json\/wp\/v2\/posts\/11717640\/revisions\/11717642"}],"wp:featuredmedia":[{"embeddable":true,"href":"https:\/\/www.corumbaonline.com.br\/news\/wp-json\/wp\/v2\/media\/11717641"}],"wp:attachment":[{"href":"https:\/\/www.corumbaonline.com.br\/news\/wp-json\/wp\/v2\/media?parent=11717640"}],"wp:term":[{"taxonomy":"category","embeddable":true,"href":"https:\/\/www.corumbaonline.com.br\/news\/wp-json\/wp\/v2\/categories?post=11717640"},{"taxonomy":"post_tag","embeddable":true,"href":"https:\/\/www.corumbaonline.com.br\/news\/wp-json\/wp\/v2\/tags?post=11717640"}],"curies":[{"name":"wp","href":"https:\/\/api.w.org\/{rel}","templated":true}]}}