{"id":11717658,"date":"2021-08-20T11:20:00","date_gmt":"2021-08-20T15:20:00","guid":{"rendered":"http:\/\/www.corumbaonline.com.br\/news\/?p=11717658"},"modified":"2021-08-20T12:22:02","modified_gmt":"2021-08-20T16:22:02","slug":"com-mais-525-casos-e-13-obitos-por-covid-ms-mantem-medias-estaveis","status":"publish","type":"post","link":"https:\/\/www.corumbaonline.com.br\/news\/com-mais-525-casos-e-13-obitos-por-covid-ms-mantem-medias-estaveis\/","title":{"rendered":"Com mais 525 casos e 13 \u00f3bitos por Covid, MS mant\u00e9m m\u00e9dias est\u00e1veis"},"content":{"rendered":"<p><span data-uw-styling-context=\"true\">Mato Grosso do Sul confirmou 525 novos casos de Covid nesta sexta-feira (20). Com a atualiza\u00e7\u00e3o, a m\u00e9dia m\u00f3vel se mant\u00e9m abaixo dos 400 casos confirmados diariamente no Estado na \u00faltima semana.\u00a0<\/span><\/p>\n<p><span data-uw-styling-context=\"true\">Com mais 13 \u00f3bitos, o total de pessoas que n\u00e3o resistiram \u00e0 doen\u00e7a desde o in\u00edcio da pandemia sobe para 9.237. A m\u00e9dia m\u00f3vel dos \u00faltimos 7 dias \u00e9 de 13,7.\u00a0<\/span><\/p>\n<p><span data-uw-styling-context=\"true\">Dos casos ativos da doen\u00e7a no Estado, 338 s\u00e3o pacientes internados em leitos cl\u00ednicos (142) e de UTI (196).\u00a0<\/span><\/p>\n<div id=\"gallery-1\" class=\"gallery galleryid-365774 gallery-columns-4 gallery-size-medium\">\n<figure class=\"gallery-item\">\n<div class=\"gallery-icon landscape\"><a href=\"http:\/\/www.ms.gov.br\/wp-content\/uploads\/sites\/150\/2021\/08\/cenario-covid-1.png\"><img loading=\"lazy\" decoding=\"async\" class=\"attachment-medium size-medium\" src=\"http:\/\/www.ms.gov.br\/wp-content\/uploads\/sites\/150\/2021\/08\/cenario-covid-1-300x235.png\" sizes=\"auto, (max-width: 300px) 100vw, 300px\" srcset=\"http:\/\/www.ms.gov.br\/wp-content\/uploads\/sites\/150\/2021\/08\/cenario-covid-1-300x235.png 300w, http:\/\/www.ms.gov.br\/wp-content\/uploads\/sites\/150\/2021\/08\/cenario-covid-1-307x240.png 307w, http:\/\/www.ms.gov.br\/wp-content\/uploads\/sites\/150\/2021\/08\/cenario-covid-1.png 634w\" alt=\"\" width=\"300\" height=\"235\" \/><\/a><\/div>\n<\/figure>\n<figure class=\"gallery-item\">\n<div class=\"gallery-icon landscape\"><a href=\"http:\/\/www.ms.gov.br\/wp-content\/uploads\/sites\/150\/2021\/08\/media-movel-1.png\"><img loading=\"lazy\" decoding=\"async\" class=\"attachment-medium size-medium\" src=\"http:\/\/www.ms.gov.br\/wp-content\/uploads\/sites\/150\/2021\/08\/media-movel-1-300x235.png\" sizes=\"auto, (max-width: 300px) 100vw, 300px\" srcset=\"http:\/\/www.ms.gov.br\/wp-content\/uploads\/sites\/150\/2021\/08\/media-movel-1-300x235.png 300w, http:\/\/www.ms.gov.br\/wp-content\/uploads\/sites\/150\/2021\/08\/media-movel-1-307x240.png 307w, http:\/\/www.ms.gov.br\/wp-content\/uploads\/sites\/150\/2021\/08\/media-movel-1.png 634w\" alt=\"\" width=\"300\" height=\"235\" \/><\/a><\/div>\n<\/figure>\n<figure class=\"gallery-item\">\n<div class=\"gallery-icon landscape\"><a href=\"http:\/\/www.ms.gov.br\/wp-content\/uploads\/sites\/150\/2021\/08\/internacoes.png\"><img loading=\"lazy\" decoding=\"async\" class=\"attachment-medium size-medium\" src=\"http:\/\/www.ms.gov.br\/wp-content\/uploads\/sites\/150\/2021\/08\/internacoes-300x235.png\" sizes=\"auto, (max-width: 300px) 100vw, 300px\" srcset=\"http:\/\/www.ms.gov.br\/wp-content\/uploads\/sites\/150\/2021\/08\/internacoes-300x235.png 300w, http:\/\/www.ms.gov.br\/wp-content\/uploads\/sites\/150\/2021\/08\/internacoes-307x240.png 307w, http:\/\/www.ms.gov.br\/wp-content\/uploads\/sites\/150\/2021\/08\/internacoes.png 634w\" alt=\"\" width=\"300\" height=\"235\" \/><\/a><\/div>\n<\/figure>\n<figure class=\"gallery-item\">\n<div class=\"gallery-icon landscape\"><a href=\"http:\/\/www.ms.gov.br\/wp-content\/uploads\/sites\/150\/2021\/08\/taxa-contagio-3.png\"><img loading=\"lazy\" decoding=\"async\" class=\"attachment-medium size-medium\" src=\"http:\/\/www.ms.gov.br\/wp-content\/uploads\/sites\/150\/2021\/08\/taxa-contagio-3-300x235.png\" sizes=\"auto, (max-width: 300px) 100vw, 300px\" srcset=\"http:\/\/www.ms.gov.br\/wp-content\/uploads\/sites\/150\/2021\/08\/taxa-contagio-3-300x235.png 300w, http:\/\/www.ms.gov.br\/wp-content\/uploads\/sites\/150\/2021\/08\/taxa-contagio-3-307x240.png 307w, http:\/\/www.ms.gov.br\/wp-content\/uploads\/sites\/150\/2021\/08\/taxa-contagio-3.png 634w\" alt=\"\" width=\"300\" height=\"235\" \/><\/a><\/div>\n<\/figure>\n<\/div>\n<p><span data-uw-styling-context=\"true\">A taxa de ocupa\u00e7\u00e3o global de leitos SUS\/UTI nas macrorregi\u00f5es continua abaixo de 70%. Com 67% em Campo Grande, 54% em Dourados, 45% em Tr\u00eas Lagoas e 30% em Corumb\u00e1.\u00a0<\/span><\/p>\n<p><span data-uw-styling-context=\"true\">A taxa de cont\u00e1gio desta sexta-feira registrou leve eleva\u00e7\u00e3o com rela\u00e7\u00e3o ao dia anterior, subindo para 0.88.\u00a0<\/span><\/p>\n<p><span data-uw-styling-context=\"true\">Conforme o boletim epidemiol\u00f3gico, o Estado conta com 346 amostras em an\u00e1lise no Lacen e outros 3.046 casos sem encerramento pelos munic\u00edpios.\u00a0\u00a0<\/span><\/p>\n<p><b data-uw-styling-context=\"true\">Vacina<\/b><\/p>\n<p><span data-uw-styling-context=\"true\">Mato Grosso do Sul atingiu mais de 91% dos sul-mato-grossenses acima de 18 anos vacinados com a primeira dose. Os dados s\u00e3o do Vacin\u00f4metro, que na manh\u00e3 desta sexta-feira j\u00e1 apontava 91,21% da popula\u00e7\u00e3o adulta vacin\u00e1vel.\u00a0<\/span><\/p>\n<p><span data-uw-styling-context=\"true\">Durante a live, a secret\u00e1ria adjunta da Secretaria de Estado de Sa\u00fade, Crhistinne Maymone refor\u00e7ou que neste final de semana os munic\u00edpios seguir\u00e3o com as agendas de imuniza\u00e7\u00e3o abertas. \u201cLeve todos aqueles que voc\u00ea ama para se vacinar\u201d, destacou.\u00a0<\/span><\/p>\n<p><span data-uw-styling-context=\"true\">Em participa\u00e7\u00e3o na transmiss\u00e3o, o assessor t\u00e9cnico da SES, coronel Marcelo Fraiha falou sobre a nova meta de vacina\u00e7\u00e3o. \u201cQueremos atingir 70% da popula\u00e7\u00e3o vacinada com a segunda dose at\u00e9 meados de setembro. E at\u00e9 meados de outubro atingir 90% da popula\u00e7\u00e3o acima de 18 anos com a segunda dose\u201d.\u00a0<\/span><\/p>\n<p><span data-uw-styling-context=\"true\">Confira\u00a0<strong><a href=\"http:\/\/www.ms.gov.br\/wp-content\/uploads\/sites\/150\/2021\/08\/Boletim-Epidemiol%C3%B3gico-COVID-19-2021.08.20.pdf\" data-uw-styling-context=\"true\">aqui<\/a><\/strong>\u00a0o detalhamento do boletim epidemiol\u00f3gico atualizado desta sexta-feira, 20 de agosto de 2021.\u00a0<\/span><\/p>\n","protected":false},"excerpt":{"rendered":"<p>Mato Grosso do Sul confirmou 525 novos casos de Covid nesta sexta-feira (20). Com a&#8230;<\/p>\n","protected":false},"author":13,"featured_media":11717659,"comment_status":"closed","ping_status":"closed","sticky":false,"template":"","format":"standard","meta":{"footnotes":""},"categories":[116,8,21],"tags":[],"class_list":["post-11717658","post","type-post","status-publish","format-standard","has-post-thumbnail","hentry","category-coronavirus","category-destaque","category-saude"],"_links":{"self":[{"href":"https:\/\/www.corumbaonline.com.br\/news\/wp-json\/wp\/v2\/posts\/11717658","targetHints":{"allow":["GET"]}}],"collection":[{"href":"https:\/\/www.corumbaonline.com.br\/news\/wp-json\/wp\/v2\/posts"}],"about":[{"href":"https:\/\/www.corumbaonline.com.br\/news\/wp-json\/wp\/v2\/types\/post"}],"author":[{"embeddable":true,"href":"https:\/\/www.corumbaonline.com.br\/news\/wp-json\/wp\/v2\/users\/13"}],"replies":[{"embeddable":true,"href":"https:\/\/www.corumbaonline.com.br\/news\/wp-json\/wp\/v2\/comments?post=11717658"}],"version-history":[{"count":1,"href":"https:\/\/www.corumbaonline.com.br\/news\/wp-json\/wp\/v2\/posts\/11717658\/revisions"}],"predecessor-version":[{"id":11717660,"href":"https:\/\/www.corumbaonline.com.br\/news\/wp-json\/wp\/v2\/posts\/11717658\/revisions\/11717660"}],"wp:featuredmedia":[{"embeddable":true,"href":"https:\/\/www.corumbaonline.com.br\/news\/wp-json\/wp\/v2\/media\/11717659"}],"wp:attachment":[{"href":"https:\/\/www.corumbaonline.com.br\/news\/wp-json\/wp\/v2\/media?parent=11717658"}],"wp:term":[{"taxonomy":"category","embeddable":true,"href":"https:\/\/www.corumbaonline.com.br\/news\/wp-json\/wp\/v2\/categories?post=11717658"},{"taxonomy":"post_tag","embeddable":true,"href":"https:\/\/www.corumbaonline.com.br\/news\/wp-json\/wp\/v2\/tags?post=11717658"}],"curies":[{"name":"wp","href":"https:\/\/api.w.org\/{rel}","templated":true}]}}