{"id":11717677,"date":"2021-08-23T09:29:00","date_gmt":"2021-08-23T13:29:00","guid":{"rendered":"http:\/\/www.corumbaonline.com.br\/news\/?p=11717677"},"modified":"2021-08-23T11:26:34","modified_gmt":"2021-08-23T15:26:34","slug":"sala-de-acolhimento-as-mulheres-vitimas-de-violencia-e-inaugurada-na-delegacia-de-atendimento-a-mulher","status":"publish","type":"post","link":"https:\/\/www.corumbaonline.com.br\/news\/sala-de-acolhimento-as-mulheres-vitimas-de-violencia-e-inaugurada-na-delegacia-de-atendimento-a-mulher\/","title":{"rendered":"Sala de Acolhimento \u00e0s mulheres v\u00edtimas de viol\u00eancia \u00e9 inaugurada na Delegacia de Atendimento \u00e0 Mulher"},"content":{"rendered":"<p>A Prefeitura de Corumb\u00e1 por meio da Secretaria Municipal de Assist\u00eancia Social e Cidadania em parceria com a Delegacia de Atendimento \u00e0 Mulher, inauguraram uma sala de acolhimento \u00e0s mulheres v\u00edtimas de viol\u00eancia.<\/p>\n<p>De acordo com a Secretaria de Assist\u00eancia Social e Cidadania, Amanda Balancieri Iunes, havia a necessidade de se criar um ambiente mais acolhedor para as mulheres v\u00edtimas de viol\u00eancia que se utilizavam do atendimento da Delegacia de Atendimento \u00e0 Mulher.<\/p>\n<p>\u201cN\u00f3s detectamos que algumas mulheres v\u00edtima de viol\u00eancia chegavam para ser atendidas acompanhada dos seus filhos. Diante desta situa\u00e7\u00e3o vimos a necessidade de ter um local mais apropriado para que essas mulheres pudessem ser atendidas com mais humanidade e para que seus filhos pudessem ter um local para brincar enquanto a m\u00e3e prestaria sua queixa, com isso conversamos com a Delegada da Mulher Dr. Tatiana e o com o Delegado Regional Alex Peixoto e propusemos uma parceria, onde n\u00f3s entrar\u00edamos com o material necess\u00e1rio para aparelhar o local e a DAM nos cederia o espa\u00e7o. Ap\u00f3s um ano de elabora\u00e7\u00e3o e implanta\u00e7\u00e3o do projeto hoje estamos muito felizes por estar finalmente entregando a sala de acolhimento a mulher v\u00edtima de viol\u00eancia\u201d, explicou Amada Balancieri Iunes.<\/p>\n<p>Segundo a Coordenadora de Pol\u00edticas P\u00fablicas para as Mulheres, W\u00e2nia Alecrim, essa iniciativa que a Secretaria de Assist\u00eancia Social e Cidadania teve \u00e9 na verdade uma forma de acesso a um servi\u00e7o com mais dignidade e respeito, \u201cpois quando falamos de uma acolhida, de um atendimento, ele tem que ser feito dessa forma com um espa\u00e7o humanizado para que as mulheres v\u00edtimas de viol\u00eancia, que est\u00e3o passando por um momento triste, fragilizadas e muitas vezes com marcas severas pelo corpo, possam ser atendidas de forma humanizada e n\u00e3o ficar mais expostas do que j\u00e1 foram\u201d.<\/p>\n<p>A delegada Tatiana Zyngier e Silva, titular da Delegacia de Atendimento \u00e0 Mulher em Corumb\u00e1 (DAM), v\u00ea a cria\u00e7\u00e3o dessa sala como uma forma de melhor acolher essas v\u00edtimas.<\/p>\n<p>\u201cA maior parte das v\u00edtimas trazem consigo os seus filhos, e n\u00e3o tendo um lugar apropriado para deixa-los acabam ficando com os mesmos na hora da formaliza\u00e7\u00e3o da queixa e com isso dificulta a exposi\u00e7\u00e3o da ocorr\u00eancia. Agora com esse espa\u00e7o para que seus filhos possam brincar, a v\u00edtima poder\u00e1 relatar os fatos de maneira mais precisa, que ajudar\u00e1 na responsabiliza\u00e7\u00e3o do agressor\u201d, explicou a delegada Tatiana.<\/p>\n<p>A Delegacia de Atendimento \u00e0 Mulher (DAM) foi implantada na cidade de Corumb\u00e1 no ano de 2005.<\/p>\n<div id=\"gallery-1\" class=\"gallery galleryid-116972 gallery-columns-3 gallery-size-thumbnail\">\n<figure class=\"gallery-item\">\n<div class=\"gallery-icon landscape\"><a role=\"link\" href=\"https:\/\/www.corumba.ms.gov.br\/?attachment_id=116965\"><img loading=\"lazy\" decoding=\"async\" class=\"attachment-thumbnail size-thumbnail\" src=\"https:\/\/www.corumba.ms.gov.br\/wp-content\/uploads\/2021\/08\/IMG_9105-copiar-150x150.jpg\" alt=\"\" width=\"150\" height=\"150\" \/><\/a><\/div>\n<\/figure>\n<figure class=\"gallery-item\">\n<div class=\"gallery-icon landscape\"><a role=\"link\" href=\"https:\/\/www.corumba.ms.gov.br\/?attachment_id=116962\"><img loading=\"lazy\" decoding=\"async\" class=\"attachment-thumbnail size-thumbnail\" src=\"https:\/\/www.corumba.ms.gov.br\/wp-content\/uploads\/2021\/08\/IMG_9089-copiar-150x150.jpg\" alt=\"\" width=\"150\" height=\"150\" \/><\/a><\/div>\n<\/figure>\n<figure class=\"gallery-item\">\n<div class=\"gallery-icon landscape\"><a role=\"link\" href=\"https:\/\/www.corumba.ms.gov.br\/?attachment_id=116964\"><img loading=\"lazy\" decoding=\"async\" class=\"attachment-thumbnail size-thumbnail\" src=\"https:\/\/www.corumba.ms.gov.br\/wp-content\/uploads\/2021\/08\/IMG_9102-copiar-150x150.jpg\" alt=\"\" width=\"150\" height=\"150\" \/><\/a><\/div>\n<\/figure>\n<figure class=\"gallery-item\">\n<div class=\"gallery-icon landscape\"><a role=\"link\" href=\"https:\/\/www.corumba.ms.gov.br\/?attachment_id=116963\"><img loading=\"lazy\" decoding=\"async\" class=\"attachment-thumbnail size-thumbnail\" src=\"https:\/\/www.corumba.ms.gov.br\/wp-content\/uploads\/2021\/08\/IMG_9095-copiar-150x150.jpg\" alt=\"\" width=\"150\" height=\"150\" \/><\/a><\/div>\n<\/figure>\n<figure class=\"gallery-item\">\n<div class=\"gallery-icon landscape\"><a role=\"link\" href=\"https:\/\/www.corumba.ms.gov.br\/?attachment_id=116960\"><img loading=\"lazy\" decoding=\"async\" class=\"attachment-thumbnail size-thumbnail\" src=\"https:\/\/www.corumba.ms.gov.br\/wp-content\/uploads\/2021\/08\/IMG_9065-copiar-150x150.jpg\" alt=\"\" width=\"150\" height=\"150\" \/><\/a><\/div>\n<\/figure>\n<figure class=\"gallery-item\">\n<div class=\"gallery-icon landscape\"><a role=\"link\" href=\"https:\/\/www.corumba.ms.gov.br\/?attachment_id=116959\"><img loading=\"lazy\" decoding=\"async\" class=\"attachment-thumbnail size-thumbnail\" src=\"https:\/\/www.corumba.ms.gov.br\/wp-content\/uploads\/2021\/08\/IMG_9058-copiar-150x150.jpg\" alt=\"\" width=\"150\" height=\"150\" \/><\/a><\/div>\n<\/figure>\n<figure class=\"gallery-item\">\n<div class=\"gallery-icon landscape\"><a role=\"link\" href=\"https:\/\/www.corumba.ms.gov.br\/?attachment_id=116958\"><img loading=\"lazy\" decoding=\"async\" class=\"attachment-thumbnail size-thumbnail\" src=\"https:\/\/www.corumba.ms.gov.br\/wp-content\/uploads\/2021\/08\/IMG_9055-copiar-150x150.jpg\" alt=\"\" width=\"150\" height=\"150\" \/><\/a><\/div>\n<\/figure>\n<\/div>\n","protected":false},"excerpt":{"rendered":"<p>A Prefeitura de Corumb\u00e1 por meio da Secretaria Municipal de Assist\u00eancia Social e Cidadania em&#8230;<\/p>\n","protected":false},"author":70,"featured_media":0,"comment_status":"closed","ping_status":"closed","sticky":false,"template":"","format":"standard","meta":{"footnotes":""},"categories":[18],"tags":[],"class_list":["post-11717677","post","type-post","status-publish","format-standard","hentry","category-seguranca"],"_links":{"self":[{"href":"https:\/\/www.corumbaonline.com.br\/news\/wp-json\/wp\/v2\/posts\/11717677","targetHints":{"allow":["GET"]}}],"collection":[{"href":"https:\/\/www.corumbaonline.com.br\/news\/wp-json\/wp\/v2\/posts"}],"about":[{"href":"https:\/\/www.corumbaonline.com.br\/news\/wp-json\/wp\/v2\/types\/post"}],"author":[{"embeddable":true,"href":"https:\/\/www.corumbaonline.com.br\/news\/wp-json\/wp\/v2\/users\/70"}],"replies":[{"embeddable":true,"href":"https:\/\/www.corumbaonline.com.br\/news\/wp-json\/wp\/v2\/comments?post=11717677"}],"version-history":[{"count":1,"href":"https:\/\/www.corumbaonline.com.br\/news\/wp-json\/wp\/v2\/posts\/11717677\/revisions"}],"predecessor-version":[{"id":11717678,"href":"https:\/\/www.corumbaonline.com.br\/news\/wp-json\/wp\/v2\/posts\/11717677\/revisions\/11717678"}],"wp:attachment":[{"href":"https:\/\/www.corumbaonline.com.br\/news\/wp-json\/wp\/v2\/media?parent=11717677"}],"wp:term":[{"taxonomy":"category","embeddable":true,"href":"https:\/\/www.corumbaonline.com.br\/news\/wp-json\/wp\/v2\/categories?post=11717677"},{"taxonomy":"post_tag","embeddable":true,"href":"https:\/\/www.corumbaonline.com.br\/news\/wp-json\/wp\/v2\/tags?post=11717677"}],"curies":[{"name":"wp","href":"https:\/\/api.w.org\/{rel}","templated":true}]}}