{"id":11717679,"date":"2021-08-23T09:41:00","date_gmt":"2021-08-23T13:41:00","guid":{"rendered":"http:\/\/www.corumbaonline.com.br\/news\/?p=11717679"},"modified":"2021-08-23T11:51:16","modified_gmt":"2021-08-23T15:51:16","slug":"com-fim-do-toque-de-recolher-governo-alerta-para-limites-de-ocupacao-e-regras-de-biosseguranca","status":"publish","type":"post","link":"https:\/\/www.corumbaonline.com.br\/news\/com-fim-do-toque-de-recolher-governo-alerta-para-limites-de-ocupacao-e-regras-de-biosseguranca\/","title":{"rendered":"Com fim do Toque de Recolher, Governo alerta para limites de ocupa\u00e7\u00e3o e regras de biosseguran\u00e7a"},"content":{"rendered":"<p data-uw-styling-context=\"true\">A partir desta segunda-feira (23), Mato Grosso do Sul n\u00e3o tem mais o Toque de Recolher, que limitava o tr\u00e2nsito de pessoas em hor\u00e1rios espec\u00edficos. Com o avan\u00e7o da vacina contra a Covid-19 e a melhora no quadro da pandemia, em n\u00famero de casos, interna\u00e7\u00e3o e mortes, a gest\u00e3o estadual deliberou pelo fim do sistema.<\/p>\n<p data-uw-styling-context=\"true\">A decis\u00e3o anunciada pelo\u00a0presidente do Comit\u00ea Gestor do Prosseguir, secret\u00e1rio Eduardo Riedel (Seinfra), foi divulgada no \u00faltimo dia 17 e publicada em\u00a0<a href=\"https:\/\/www.spdo.ms.gov.br\/diariodoe\/Index\/Download\/DO10612_20_08_2021\" target=\"_blank\" rel=\"noopener\"><strong data-uw-styling-context=\"true\">Di\u00e1rio Oficial do Estado<\/strong><\/a>\u00a0no dia 20.<\/p>\n<p data-uw-styling-context=\"true\">Eduardo Riedel explicou os fatores que levaram \u00e0 decis\u00e3o de suspender o hor\u00e1rio de recolher, mas ressaltou a necessidade de se manter as regras de limites de ocupa\u00e7\u00e3o por parte dos estabelecimentos comerciais, assim como, todas as regras de biosseguran\u00e7a. \u201cDois pontos foram decisivos, o primeiro \u00e9 a diminui\u00e7\u00e3o na ocupa\u00e7\u00e3o de leitos, resultado de todo esfor\u00e7o feito pelo Governo do Estado antes e durante a pandemia, no sentido de proteger o sistema de sa\u00fade e o segundo fator foi o avan\u00e7o da cobertura vacinal\u201d.<\/p>\n<p data-uw-styling-context=\"true\">O limite de ocupa\u00e7\u00e3o dos estabelecimentos est\u00e1 associada ao mapa de grau de risco, coforme avalia\u00e7\u00e3o do Prosseguir.<\/p>\n","protected":false},"excerpt":{"rendered":"<p>A partir desta segunda-feira (23), Mato Grosso do Sul n\u00e3o tem mais o Toque de&#8230;<\/p>\n","protected":false},"author":13,"featured_media":0,"comment_status":"closed","ping_status":"closed","sticky":false,"template":"","format":"standard","meta":{"footnotes":""},"categories":[18],"tags":[],"class_list":["post-11717679","post","type-post","status-publish","format-standard","hentry","category-seguranca"],"_links":{"self":[{"href":"https:\/\/www.corumbaonline.com.br\/news\/wp-json\/wp\/v2\/posts\/11717679","targetHints":{"allow":["GET"]}}],"collection":[{"href":"https:\/\/www.corumbaonline.com.br\/news\/wp-json\/wp\/v2\/posts"}],"about":[{"href":"https:\/\/www.corumbaonline.com.br\/news\/wp-json\/wp\/v2\/types\/post"}],"author":[{"embeddable":true,"href":"https:\/\/www.corumbaonline.com.br\/news\/wp-json\/wp\/v2\/users\/13"}],"replies":[{"embeddable":true,"href":"https:\/\/www.corumbaonline.com.br\/news\/wp-json\/wp\/v2\/comments?post=11717679"}],"version-history":[{"count":1,"href":"https:\/\/www.corumbaonline.com.br\/news\/wp-json\/wp\/v2\/posts\/11717679\/revisions"}],"predecessor-version":[{"id":11717680,"href":"https:\/\/www.corumbaonline.com.br\/news\/wp-json\/wp\/v2\/posts\/11717679\/revisions\/11717680"}],"wp:attachment":[{"href":"https:\/\/www.corumbaonline.com.br\/news\/wp-json\/wp\/v2\/media?parent=11717679"}],"wp:term":[{"taxonomy":"category","embeddable":true,"href":"https:\/\/www.corumbaonline.com.br\/news\/wp-json\/wp\/v2\/categories?post=11717679"},{"taxonomy":"post_tag","embeddable":true,"href":"https:\/\/www.corumbaonline.com.br\/news\/wp-json\/wp\/v2\/tags?post=11717679"}],"curies":[{"name":"wp","href":"https:\/\/api.w.org\/{rel}","templated":true}]}}