{"id":11717683,"date":"2021-08-23T10:10:00","date_gmt":"2021-08-23T14:10:00","guid":{"rendered":"http:\/\/www.corumbaonline.com.br\/news\/?p=11717683"},"modified":"2021-08-23T12:12:11","modified_gmt":"2021-08-23T16:12:11","slug":"professores-de-educacao-e-direitos-humanos-participam-de-formacao-continuada-presencial","status":"publish","type":"post","link":"https:\/\/www.corumbaonline.com.br\/news\/professores-de-educacao-e-direitos-humanos-participam-de-formacao-continuada-presencial\/","title":{"rendered":"Professores de Educa\u00e7\u00e3o e Direitos Humanos participam de Forma\u00e7\u00e3o Continuada Presencial"},"content":{"rendered":"<p>A prefeitura de Corumb\u00e1, por meio da Secretaria Municipal de Educa\u00e7\u00e3o, realizou na ultima sexta-feira (20), a forma\u00e7\u00e3o continuada\u00a0 com os professores que ministram a disciplina de Educa\u00e7\u00e3o e Direitos Humanos na Rede.\u00a0O evento presencial aconteceu no audit\u00f3rio do Instituto Federal de Mato Grosso do Sul ( IFMS) nos per\u00edodos matutino e vespertino e no noturno na Escola Municipal Bar\u00e3o do Rio Branco.<\/p>\n<p>Com\u00a0 tem\u00e1ticas relacionadas \u00e0s diferen\u00e7as; igualdade de direitos; sensibiliza\u00e7\u00e3o; conscientiza\u00e7\u00e3o e cidadania, s\u00e3o temas atuais de relev\u00e2ncia para o momento que estamos vivendo, a forma\u00e7\u00e3o foi ministrada pelo Professor Me. Andr\u00e9 Ramalho.\u00a0\u201cAos poucos estamos retornando com as forma\u00e7\u00f5es presenciais tomando as medidas de biosseguran\u00e7a visando \u00e0 melhoria e capacita\u00e7\u00e3o de nossos profissionais\u201d, explicou o secret\u00e1rio Municipal de Educa\u00e7\u00e3o, Genilson Canavarro de Abreu.<\/p>\n","protected":false},"excerpt":{"rendered":"<p>A prefeitura de Corumb\u00e1, por meio da Secretaria Municipal de Educa\u00e7\u00e3o, realizou na ultima sexta-feira&#8230;<\/p>\n","protected":false},"author":70,"featured_media":11717684,"comment_status":"closed","ping_status":"closed","sticky":false,"template":"","format":"standard","meta":{"footnotes":""},"categories":[10],"tags":[],"class_list":["post-11717683","post","type-post","status-publish","format-standard","has-post-thumbnail","hentry","category-educacao"],"_links":{"self":[{"href":"https:\/\/www.corumbaonline.com.br\/news\/wp-json\/wp\/v2\/posts\/11717683","targetHints":{"allow":["GET"]}}],"collection":[{"href":"https:\/\/www.corumbaonline.com.br\/news\/wp-json\/wp\/v2\/posts"}],"about":[{"href":"https:\/\/www.corumbaonline.com.br\/news\/wp-json\/wp\/v2\/types\/post"}],"author":[{"embeddable":true,"href":"https:\/\/www.corumbaonline.com.br\/news\/wp-json\/wp\/v2\/users\/70"}],"replies":[{"embeddable":true,"href":"https:\/\/www.corumbaonline.com.br\/news\/wp-json\/wp\/v2\/comments?post=11717683"}],"version-history":[{"count":1,"href":"https:\/\/www.corumbaonline.com.br\/news\/wp-json\/wp\/v2\/posts\/11717683\/revisions"}],"predecessor-version":[{"id":11717685,"href":"https:\/\/www.corumbaonline.com.br\/news\/wp-json\/wp\/v2\/posts\/11717683\/revisions\/11717685"}],"wp:featuredmedia":[{"embeddable":true,"href":"https:\/\/www.corumbaonline.com.br\/news\/wp-json\/wp\/v2\/media\/11717684"}],"wp:attachment":[{"href":"https:\/\/www.corumbaonline.com.br\/news\/wp-json\/wp\/v2\/media?parent=11717683"}],"wp:term":[{"taxonomy":"category","embeddable":true,"href":"https:\/\/www.corumbaonline.com.br\/news\/wp-json\/wp\/v2\/categories?post=11717683"},{"taxonomy":"post_tag","embeddable":true,"href":"https:\/\/www.corumbaonline.com.br\/news\/wp-json\/wp\/v2\/tags?post=11717683"}],"curies":[{"name":"wp","href":"https:\/\/api.w.org\/{rel}","templated":true}]}}