{"id":11717692,"date":"2021-08-23T12:00:00","date_gmt":"2021-08-23T16:00:00","guid":{"rendered":"http:\/\/www.corumbaonline.com.br\/news\/?p=11717692"},"modified":"2021-08-23T15:42:48","modified_gmt":"2021-08-23T19:42:48","slug":"bombeiros-reforcam-combate-aos-incendios-no-pantanal-bela-vista-e-regiao-leste","status":"publish","type":"post","link":"https:\/\/www.corumbaonline.com.br\/news\/bombeiros-reforcam-combate-aos-incendios-no-pantanal-bela-vista-e-regiao-leste\/","title":{"rendered":"Bombeiros refor\u00e7am combate aos inc\u00eandios no Pantanal, Bela Vista e regi\u00e3o Leste"},"content":{"rendered":"<p data-uw-styling-context=\"true\">O Corpo de Bombeiros intensificou o combate aos inc\u00eandios florestais que ocorrem h\u00e1 v\u00e1rios dias na regi\u00e3o do Carandazal, Pantanal do Nabileque, entre Corumb\u00e1 e Porto Murtinho, com apoio de mais militares, de aeronaves e das propriedades rurais. \u00c9 a situa\u00e7\u00e3o mais cr\u00edtica atualmente da presen\u00e7a do fogo em Mato Grosso do Sul, devido \u00e0s altas temperaturas e baixa umidade do ar, com a vegeta\u00e7\u00e3o muito seca facilitando a propaga\u00e7\u00e3o dos inc\u00eandios.<\/p>\n<p data-uw-styling-context=\"true\">As a\u00e7\u00f5es de combate, preven\u00e7\u00e3o e monitoramento dos focos de calor est\u00e3o sendo desenvolvidas pela Opera\u00e7\u00e3o Hefesto h\u00e1 53 dias no Pantanal, com base em Corumb\u00e1, envolvendo 135 bombeiros, quatro viaturas e oito aeronaves. Uma Sala de Situa\u00e7\u00e3o instalada no Centro de Prote\u00e7\u00e3o Ambiental \u2013 unidade do Corpo de Bombeiros dentro do Parque das Na\u00e7\u00f5es Ind\u00edgenas, em Campo Grande \u2013 realiza monitoramento di\u00e1rio por sat\u00e9lite dos focos de calor.<\/p>\n<div id=\"gallery-1\" class=\"gallery galleryid-366222 gallery-columns-2 gallery-size-medium\">\n<figure class=\"gallery-item\">\n<div class=\"gallery-icon landscape\"><a href=\"http:\/\/www.ms.gov.br\/incendios2_ago22-porto-murtinho04\/\"><img loading=\"lazy\" decoding=\"async\" class=\"attachment-medium size-medium\" src=\"http:\/\/www.ms.gov.br\/wp-content\/uploads\/sites\/150\/2021\/08\/incendios2_ago22-Porto-Murtinho04-300x166.jpg\" sizes=\"auto, (max-width: 300px) 100vw, 300px\" srcset=\"http:\/\/www.ms.gov.br\/wp-content\/uploads\/sites\/150\/2021\/08\/incendios2_ago22-Porto-Murtinho04-300x166.jpg 300w, http:\/\/www.ms.gov.br\/wp-content\/uploads\/sites\/150\/2021\/08\/incendios2_ago22-Porto-Murtinho04.jpg 768w, http:\/\/www.ms.gov.br\/wp-content\/uploads\/sites\/150\/2021\/08\/incendios2_ago22-Porto-Murtinho04-350x194.jpg 350w\" alt=\"\" width=\"300\" height=\"166\" \/><\/a><\/div>\n<\/figure>\n<figure class=\"gallery-item\">\n<div class=\"gallery-icon landscape\"><a href=\"http:\/\/www.ms.gov.br\/incendios2_ago22-porto-murtinho\/\"><img loading=\"lazy\" decoding=\"async\" class=\"attachment-medium size-medium\" src=\"http:\/\/www.ms.gov.br\/wp-content\/uploads\/sites\/150\/2021\/08\/incendios2_ago22-Porto-Murtinho-300x166.jpg\" sizes=\"auto, (max-width: 300px) 100vw, 300px\" srcset=\"http:\/\/www.ms.gov.br\/wp-content\/uploads\/sites\/150\/2021\/08\/incendios2_ago22-Porto-Murtinho-300x166.jpg 300w, http:\/\/www.ms.gov.br\/wp-content\/uploads\/sites\/150\/2021\/08\/incendios2_ago22-Porto-Murtinho.jpg 768w, http:\/\/www.ms.gov.br\/wp-content\/uploads\/sites\/150\/2021\/08\/incendios2_ago22-Porto-Murtinho-350x194.jpg 350w\" alt=\"\" width=\"300\" height=\"166\" \/><\/a><\/div>\n<\/figure>\n<\/div>\n<p data-uw-styling-context=\"true\">Com o aumento do fogo no Carandazal, atingindo uma extensa floresta desta esp\u00e9cie nativa do Pantanal, o comando da Opera\u00e7\u00e3o Hefesto, sob a responsabilidade da tenente-coronel Tatiane Dias de Oliveira Inoue, montou uma base operacional na regi\u00e3o para dar suporte \u00e0s aeronaves Air Tractor, as quais auxiliam os combates por terra com lan\u00e7amento de \u00e1gua. Outra base opera no aeroporto internacional de Corumb\u00e1 para atender o Norte do Pantanal.<\/p>\n<p data-uw-styling-context=\"true\">Somente no domingo (22) foram realizadas cinco opera\u00e7\u00f5es de combate \u00e0s chamas, algumas fora do bioma pantaneiro \u2013 em Bela Vista, \u00c1gua Clara e na RPPN Cisalpina (de responsabilidade da CESP), situada em Brasil\u00e2ndia, regi\u00e3o Leste do Estado. No Paraguai-Mirim, ao Norte de Corumb\u00e1, um grande inc\u00eandio foi controlado e uma equipe de bombeiros permanece na \u00e1rea fazendo trabalho de rescaldo e monitoramento. O Ex\u00e9rcito apoia o combate em Bela Vista.<\/p>\n<p><a href=\"http:\/\/www.ms.gov.br\/wp-content\/uploads\/sites\/150\/2021\/08\/incendios2_ago22-Porto-Murtinho03.jpg\"><img loading=\"lazy\" decoding=\"async\" class=\"wp-image-366200 size-full aligncenter\" src=\"http:\/\/www.ms.gov.br\/wp-content\/uploads\/sites\/150\/2021\/08\/incendios2_ago22-Porto-Murtinho03.jpg\" sizes=\"auto, (max-width: 768px) 100vw, 768px\" srcset=\"http:\/\/www.ms.gov.br\/wp-content\/uploads\/sites\/150\/2021\/08\/incendios2_ago22-Porto-Murtinho03.jpg 768w, http:\/\/www.ms.gov.br\/wp-content\/uploads\/sites\/150\/2021\/08\/incendios2_ago22-Porto-Murtinho03-300x166.jpg 300w, http:\/\/www.ms.gov.br\/wp-content\/uploads\/sites\/150\/2021\/08\/incendios2_ago22-Porto-Murtinho03-350x194.jpg 350w\" alt=\"\" width=\"768\" height=\"425\" \/><\/a><\/p>\n<p data-uw-styling-context=\"true\"><strong data-uw-styling-context=\"true\">Carandazal<\/strong><br \/>\n\u201cHoje a situa\u00e7\u00e3o mais cr\u00edtica permanece na regi\u00e3o do Caradanzal\u201d, informou a tenente-coronel Tatiane Dias. \u201cOs focos estavam praticamente controlados e em monitoramento, ap\u00f3s combates em mais de duas semanas, por\u00e9m as mudan\u00e7as clim\u00e1ticas s\u00e3o constantes, o vento mudou de dire\u00e7\u00e3o e o fogo voltou a se propagar e a \u00e1rea destru\u00edda j\u00e1 \u00e9 vem representativa. Refor\u00e7amos as equipes e contamos com o apoio a\u00e9reo\u201d, acrescentou.<br \/>\nEm Bela Vista, na fronteira com o Paraguai, os bombeiros combatem inc\u00eandios nas regi\u00f5es do Lix\u00e3o, Fazenda Rancherinha, Estrada Boiadeira, Aeroporto, Trevo da Cer\u00e2mica e Aldeia Piraku\u00e1, com emprego de 20 militares. O Ex\u00e9rcito apoia a a\u00e7\u00e3o com 125 homens, ve\u00edculos e equipamentos. A Defesa Civil Municipal, o Sindicato Rural e a empresa Calc\u00e1rio Oroyt\u00ea cederam m\u00e1quinas e caminh\u00f5es-pipa.<\/p>\n<div id=\"gallery-2\" class=\"gallery galleryid-366222 gallery-columns-2 gallery-size-medium\">\n<figure class=\"gallery-item\">\n<div class=\"gallery-icon landscape\"><a href=\"http:\/\/www.ms.gov.br\/incendios2_ago22-porto-murtinho05\/\"><img loading=\"lazy\" decoding=\"async\" class=\"attachment-medium size-medium\" src=\"http:\/\/www.ms.gov.br\/wp-content\/uploads\/sites\/150\/2021\/08\/incendios2_ago22-Porto-Murtinho05-300x166.jpg\" sizes=\"auto, (max-width: 300px) 100vw, 300px\" srcset=\"http:\/\/www.ms.gov.br\/wp-content\/uploads\/sites\/150\/2021\/08\/incendios2_ago22-Porto-Murtinho05-300x166.jpg 300w, http:\/\/www.ms.gov.br\/wp-content\/uploads\/sites\/150\/2021\/08\/incendios2_ago22-Porto-Murtinho05.jpg 768w, http:\/\/www.ms.gov.br\/wp-content\/uploads\/sites\/150\/2021\/08\/incendios2_ago22-Porto-Murtinho05-350x194.jpg 350w\" alt=\"\" width=\"300\" height=\"166\" \/><\/a><\/div>\n<\/figure>\n<figure class=\"gallery-item\">\n<div class=\"gallery-icon landscape\"><a href=\"http:\/\/www.ms.gov.br\/incendios2_ago22-porto-murtinho01\/\"><img loading=\"lazy\" decoding=\"async\" class=\"attachment-medium size-medium\" src=\"http:\/\/www.ms.gov.br\/wp-content\/uploads\/sites\/150\/2021\/08\/incendios2_ago22-Porto-Murtinho01-300x166.jpg\" sizes=\"auto, (max-width: 300px) 100vw, 300px\" srcset=\"http:\/\/www.ms.gov.br\/wp-content\/uploads\/sites\/150\/2021\/08\/incendios2_ago22-Porto-Murtinho01-300x166.jpg 300w, http:\/\/www.ms.gov.br\/wp-content\/uploads\/sites\/150\/2021\/08\/incendios2_ago22-Porto-Murtinho01.jpg 768w, http:\/\/www.ms.gov.br\/wp-content\/uploads\/sites\/150\/2021\/08\/incendios2_ago22-Porto-Murtinho01-350x194.jpg 350w\" alt=\"\" width=\"300\" height=\"166\" \/><\/a><\/div>\n<\/figure>\n<\/div>\n<p data-uw-styling-context=\"true\"><strong data-uw-styling-context=\"true\">Porto Murtinho<\/strong><br \/>\nEm Porto Murtinho, a situa\u00e7\u00e3o tamb\u00e9m \u00e9 preocupante com o avan\u00e7o do fogo nas propriedades rurais e nas margens das estradas e do Rio Paraguai. Oito equipes de bombeiros est\u00e3o em a\u00e7\u00e3o nas fazendas Lucero Por\u00e3, Cristina, Quebracho Brasil, Itamoroty, Toro Peru, Santa Cec\u00edlia e Santo Ant\u00f4nio, al\u00e9m da margem da BR-267. Em \u00c1gua Clara, focos nas margens do Rio Verde e no Lix\u00e3o foram controlados no domingo.<br \/>\na manh\u00e3 desta segunda-feira (23), uma guarni\u00e7\u00e3o do Corpo de Bombeiros foi deslocada para uma \u00e1rea pr\u00f3xima ao Frigor\u00edfico Caiman (abate e comercializa\u00e7\u00e3o de carne de jacar\u00e9), a 20 km a leste de Corumb\u00e1 pela BR-262. H\u00e1 registro de v\u00e1rios focos. Na \u00e1rea urbana da cidade, mais de 60 ocorr\u00eancias de pequenos inc\u00eandios foram registradas nas \u00faltimas 48 horas. Corumb\u00e1 amanheceu com uma densa nuvem de fuma\u00e7a origin\u00e1ria tamb\u00e9m dos inc\u00eandios na Bol\u00edvia.<\/p>\n","protected":false},"excerpt":{"rendered":"<p>O Corpo de Bombeiros intensificou o combate aos inc\u00eandios florestais que ocorrem h\u00e1 v\u00e1rios dias&#8230;<\/p>\n","protected":false},"author":13,"featured_media":11717693,"comment_status":"closed","ping_status":"closed","sticky":false,"template":"","format":"standard","meta":{"footnotes":""},"categories":[17,18],"tags":[],"class_list":["post-11717692","post","type-post","status-publish","format-standard","has-post-thumbnail","hentry","category-meio-ambiente","category-seguranca"],"_links":{"self":[{"href":"https:\/\/www.corumbaonline.com.br\/news\/wp-json\/wp\/v2\/posts\/11717692","targetHints":{"allow":["GET"]}}],"collection":[{"href":"https:\/\/www.corumbaonline.com.br\/news\/wp-json\/wp\/v2\/posts"}],"about":[{"href":"https:\/\/www.corumbaonline.com.br\/news\/wp-json\/wp\/v2\/types\/post"}],"author":[{"embeddable":true,"href":"https:\/\/www.corumbaonline.com.br\/news\/wp-json\/wp\/v2\/users\/13"}],"replies":[{"embeddable":true,"href":"https:\/\/www.corumbaonline.com.br\/news\/wp-json\/wp\/v2\/comments?post=11717692"}],"version-history":[{"count":1,"href":"https:\/\/www.corumbaonline.com.br\/news\/wp-json\/wp\/v2\/posts\/11717692\/revisions"}],"predecessor-version":[{"id":11717694,"href":"https:\/\/www.corumbaonline.com.br\/news\/wp-json\/wp\/v2\/posts\/11717692\/revisions\/11717694"}],"wp:featuredmedia":[{"embeddable":true,"href":"https:\/\/www.corumbaonline.com.br\/news\/wp-json\/wp\/v2\/media\/11717693"}],"wp:attachment":[{"href":"https:\/\/www.corumbaonline.com.br\/news\/wp-json\/wp\/v2\/media?parent=11717692"}],"wp:term":[{"taxonomy":"category","embeddable":true,"href":"https:\/\/www.corumbaonline.com.br\/news\/wp-json\/wp\/v2\/categories?post=11717692"},{"taxonomy":"post_tag","embeddable":true,"href":"https:\/\/www.corumbaonline.com.br\/news\/wp-json\/wp\/v2\/tags?post=11717692"}],"curies":[{"name":"wp","href":"https:\/\/api.w.org\/{rel}","templated":true}]}}