{"id":11717698,"date":"2021-08-23T10:55:00","date_gmt":"2021-08-23T14:55:00","guid":{"rendered":"http:\/\/www.corumbaonline.com.br\/news\/?p=11717698"},"modified":"2021-08-23T15:49:08","modified_gmt":"2021-08-23T19:49:08","slug":"ifms-divulga-resultado-da-selecao-para-vagas-remanescentes-na-graduacao","status":"publish","type":"post","link":"https:\/\/www.corumbaonline.com.br\/news\/ifms-divulga-resultado-da-selecao-para-vagas-remanescentes-na-graduacao\/","title":{"rendered":"IFMS divulga resultado da sele\u00e7\u00e3o para vagas remanescentes na gradua\u00e7\u00e3o"},"content":{"rendered":"\n<p>O Instituto Federal de Mato Grosso do Sul (IFMS) divulgou na sexta-feira, 20, na Central de Sele\u00e7\u00e3o,&nbsp;a&nbsp;<a href=\"http:\/\/www.ifms.edu.br:9000\/lists\/lt.php?tid=KxkDVFdZAAJRWEtSAwNWTlAGA1BOWwoJVBsNXgQAAAFVAAVXBgsfUVICX1dTAF1OUFwGBk4NDABSGwBVCwBPBwdcUFZUCQVTV1ZWH1ICAwYCUlcDTghaXAYbDFZQBk8JVlZUH1AKVgBWAgNWVAIABw\" target=\"_blank\" rel=\"noreferrer noopener\">rela\u00e7\u00e3o de candidatos aptos \u00e0 matr\u00edcula e em lista de espera<\/a>&nbsp;na sele\u00e7\u00e3o para vagas remanescentes da gradua\u00e7\u00e3o.<\/p>\n\n\n\n<p>Todos os candidatos relacionados na publica\u00e7\u00e3o, independentemente da situa\u00e7\u00e3o &#8211; &#8220;aptos \u00e0&nbsp;matr\u00edcula&#8221; ou &#8220;em lista de espera&#8221;-, devem enviar a documenta\u00e7\u00e3o exigida at\u00e9 o dia 30 de agosto.<\/p>\n\n\n\n<p>Candidatos &#8220;aptos \u00e0&nbsp;matr\u00edcula&#8221; devem fazer a &#8220;solicita\u00e7\u00e3o da&nbsp;matr\u00edcula&#8221;. J\u00e1 os que est\u00e3o &#8220;em lista de espera&#8221; devem realizar a &#8220;manifesta\u00e7\u00e3o de interesse na vaga&#8221;. \u00c9 este procedimento que garantir\u00e1 ao candidato &#8220;em lista de espera&#8221; o ingresso no curso, em caso de desist\u00eancia dos aprovados na situa\u00e7\u00e3o &#8220;aptos \u00e0&nbsp;matr\u00edcula&#8221;.<\/p>\n\n\n\n<p>De acordo com as&nbsp;<a href=\"http:\/\/www.ifms.edu.br:9000\/lists\/lt.php?tid=KxkGUQNcAFJaV0tVUVNUTlBTClNOAA4PDhsMAARWVAEAUQACAwAfUVICX1dTAF1OUFwGBk4NDABSGwBVCwBPBwdcUFZUCQVTV1ZWH1ICAwYCUlcDTghaXAYbDFZQBk8JVlZUH1AKVgBWAgNWVAIABw\" target=\"_blank\" rel=\"noreferrer noopener\">Instru\u00e7\u00f5es de&nbsp;Matr\u00edcula<\/a>&nbsp;publicadas na&nbsp;Central de Sele\u00e7\u00e3o, os dois procedimentos s\u00e3o id\u00eanticos e&nbsp;devem ser&nbsp;<a href=\"http:\/\/www.ifms.edu.br:9000\/lists\/lt.php?tid=KxkHVAMAWgEBUksGVgJUTlADAQdOAF0NBxsOVFMKUANbBgwDB10fUVICX1dTAF1OUFwGBk4NDABSGwBVCwBPBwdcUFZUCQVTV1ZWH1ICAwYCUlcDTghaXAYbDFZQBk8JVlZUH1AKVgBWAgNWVAIABw\" target=\"_blank\" rel=\"noreferrer noopener\">realizados exclusivamente de forma&nbsp;<em>online<\/em><\/a>, por meio do Sistema de&nbsp;Matr\u00edculas.&nbsp;<\/p>\n\n\n\n<p>Em ambos os casos, s\u00e3o necess\u00e1rios os seguintes documentos digitalizados:<\/p>\n\n\n\n<ul class=\"wp-block-list\"><li><a href=\"http:\/\/www.ifms.edu.br:9000\/lists\/lt.php?tid=KxlXAgcJU1ZTBEsFUVVTTlBdA1dOAAhbVBsBBANXWlNXVVBTVwofUVICX1dTAF1OUFwGBk4NDABSGwBVCwBPBwdcUFZUCQVTV1ZWH1ICAwYCUlcDTghaXAYbDFZQBk8JVlZUH1AKVgBWAgNWVAIABw\" target=\"_blank\" rel=\"noreferrer noopener\">requerimento de&nbsp;matr\u00edcula<\/a>&nbsp;preenchido e assinado pelo candidato, no qual dever\u00e1 constar, obrigatoriamente, o n\u00famero do CPF do candidato;<\/li><li>carteira de Identidade (RG) ou outro documento oficial de identifica\u00e7\u00e3o com foto ;<\/li><li>documento que comprove estar em dia com o Servi\u00e7o Militar, para os brasileiros entre 19 e 45 anos de idade completos ou a serem completados at\u00e9 31 de dezembro do ano corrente;<\/li><li>uma foto 3&#215;4 recente;<\/li><li>comprovante de preenchimento do&nbsp;<a href=\"http:\/\/www.ifms.edu.br:9000\/lists\/lt.php?tid=KxlUCgcMVVZSA0tSVFlUTlAAV1VOAAsJAxsJAAQHAAdVUgVTUFkfUVICX1dTAF1OUFwGBk4NDABSGwBVCwBPBwdcUFZUCQVTV1ZWH1ICAwYCUlcDTghaXAYbDFZQBk8JVlZUH1AKVgBWAgNWVAIABw\" target=\"_blank\" rel=\"noreferrer noopener\">Question\u00e1rio Socioecon\u00f4mico<\/a>;<\/li><li>certificado de conclus\u00e3o do ensino m\u00e9dio ou curso equivalente, ou certificado de conclus\u00e3o com base nas notas do Enem ou Encceja, para candidatos da ampla concorr\u00eancia;<\/li><li>hist\u00f3rico escolar e certificado de conclus\u00e3o do ensino m\u00e9dio ou curso equivalente, ou certificado de conclus\u00e3o com base nas notas do Enem ou Encceja, para candidatos cotistas;<\/li><li><a href=\"http:\/\/www.ifms.edu.br:9000\/lists\/lt.php?tid=KxkCVFQOBQBUVEsCAlABTlBQAQZOAF4AUhsMX1MHUgRSXFMCAwwfUVICX1dTAF1OUFwGBk4NDABSGwBVCwBPBwdcUFZUCQVTV1ZWH1ICAwYCUlcDTghaXAYbDFZQBk8JVlZUH1AKVgBWAgNWVAIABw\" target=\"_blank\" rel=\"noreferrer noopener\">documentos comprobat\u00f3rios, conforme Anexo I<\/a>, para benefici\u00e1rios de cota com renda menor ou igual a um sal\u00e1rio m\u00ednimo e meio&nbsp;<em>per capita<\/em>;<\/li><li><a href=\"http:\/\/www.ifms.edu.br:9000\/lists\/lt.php?tid=KxkCBFMKBlZTBEsBD1BXTlBTCwNOAQAMAhsKVQpSUgRRXAEAVwwfUVICX1dTAF1OUFwGBk4NDABSGwBVCwBPBwdcUFZUCQVTV1ZWH1ICAwYCUlcDTghaXAYbDFZQBk8JVlZUH1AKVgBWAgNWVAIABw\" target=\"_blank\" rel=\"noreferrer noopener\">formul\u00e1rio para entrega de laudo m\u00e9dico<\/a>&nbsp;para aqueles que concorreram \u00e0s vagas destinadas a pessoas com defici\u00eancia.<\/li><\/ul>\n\n\n\n<p>Os candidatos benefici\u00e1rios da a\u00e7\u00e3o afirmativa (cotas) para a pessoa ind\u00edgena dever\u00e3o apresentar o Registro Administrativo de Nascimento ind\u00edgena (Rani), certid\u00e3o de nascimento ind\u00edgena ou declara\u00e7\u00e3o de pertencimento \u00e0 etnia assinada por uma lideran\u00e7a ind\u00edgena da respectiva etnia<\/p>\n\n\n\n<p>O in\u00edcio das aulas \u00e9 imediato, logo ap\u00f3s a confirma\u00e7\u00e3o da matr\u00edcula.<\/p>\n\n\n\n<p><strong>Vagas remanescentes<\/strong>&nbsp;\u2013 Foram abertas 265 vagas para cursos superiores de bacharelado, licenciatura e tecnologia nos dez munic\u00edpios em que o IFMS tem campi. Tamb\u00e9m foi aberto cadastro de reserva nas gradua\u00e7\u00f5es em Engenharia El\u00e9trica, Automa\u00e7\u00e3o Industrial e Engenharia de Controle e Automa\u00e7\u00e3o.<\/p>\n\n\n\n<p>A sele\u00e7\u00e3o foi feita com base na nota total mais alta alcan\u00e7ada pelo candidato nas edi\u00e7\u00f5es do Enem realizadas a partir de 2011. O peso para cada \u00e1rea de conhecimento, utilizado para o c\u00e1lculo da nota total.<\/p>\n","protected":false},"excerpt":{"rendered":"<p>O Instituto Federal de Mato Grosso do Sul (IFMS) divulgou na sexta-feira, 20, na Central&#8230;<\/p>\n","protected":false},"author":9,"featured_media":0,"comment_status":"closed","ping_status":"closed","sticky":false,"template":"","format":"standard","meta":{"footnotes":""},"categories":[10],"tags":[],"class_list":["post-11717698","post","type-post","status-publish","format-standard","hentry","category-educacao"],"_links":{"self":[{"href":"https:\/\/www.corumbaonline.com.br\/news\/wp-json\/wp\/v2\/posts\/11717698","targetHints":{"allow":["GET"]}}],"collection":[{"href":"https:\/\/www.corumbaonline.com.br\/news\/wp-json\/wp\/v2\/posts"}],"about":[{"href":"https:\/\/www.corumbaonline.com.br\/news\/wp-json\/wp\/v2\/types\/post"}],"author":[{"embeddable":true,"href":"https:\/\/www.corumbaonline.com.br\/news\/wp-json\/wp\/v2\/users\/9"}],"replies":[{"embeddable":true,"href":"https:\/\/www.corumbaonline.com.br\/news\/wp-json\/wp\/v2\/comments?post=11717698"}],"version-history":[{"count":1,"href":"https:\/\/www.corumbaonline.com.br\/news\/wp-json\/wp\/v2\/posts\/11717698\/revisions"}],"predecessor-version":[{"id":11717699,"href":"https:\/\/www.corumbaonline.com.br\/news\/wp-json\/wp\/v2\/posts\/11717698\/revisions\/11717699"}],"wp:attachment":[{"href":"https:\/\/www.corumbaonline.com.br\/news\/wp-json\/wp\/v2\/media?parent=11717698"}],"wp:term":[{"taxonomy":"category","embeddable":true,"href":"https:\/\/www.corumbaonline.com.br\/news\/wp-json\/wp\/v2\/categories?post=11717698"},{"taxonomy":"post_tag","embeddable":true,"href":"https:\/\/www.corumbaonline.com.br\/news\/wp-json\/wp\/v2\/tags?post=11717698"}],"curies":[{"name":"wp","href":"https:\/\/api.w.org\/{rel}","templated":true}]}}