{"id":11717702,"date":"2021-08-23T16:00:00","date_gmt":"2021-08-23T20:00:00","guid":{"rendered":"http:\/\/www.corumbaonline.com.br\/news\/?p=11717702"},"modified":"2021-08-23T16:10:44","modified_gmt":"2021-08-23T20:10:44","slug":"corumba-alia-progresso-com-respeito-a-sua-cultura-e-historia-afirma-marcelo-iunes","status":"publish","type":"post","link":"https:\/\/www.corumbaonline.com.br\/news\/corumba-alia-progresso-com-respeito-a-sua-cultura-e-historia-afirma-marcelo-iunes\/","title":{"rendered":"\u201cCorumb\u00e1 alia progresso com respeito \u00e0 sua cultura e hist\u00f3ria\u201d, afirma Marcelo Iunes"},"content":{"rendered":"<p>\u201cN\u00e3o tem como ignorar o potencial que Corumb\u00e1 possui e a gente entende a import\u00e2ncia de levar isso para dentro das escolas, fazer com que as nossas crian\u00e7as saibam falar de tudo isso e vejam como a quest\u00e3o do patrim\u00f4nio \u00e9 importante para o nosso desenvolvimento\u201d, disse o prefeito Marcelo Iunes na abertura do I Semin\u00e1rio Municipal do Patrim\u00f4nio Cultural de Corumb\u00e1, nesta segunda-feira, 23 de agosto.<\/p>\n<p>Iunes afirmou que o munic\u00edpio, que completa 243 anos em setembro, tem a caracter\u00edstica peculiar de aliar o progresso com a riqueza de sua hist\u00f3ria. E, segundo ele, \u201cdesse jeito que a gente garante a continuidade da nossa mem\u00f3ria\u201d. Ainda de acordo como chefe do Executivo, o \u201cbairrismo\u201d do corumbaense \u00e9 fruto de \u201camarmos muito a nossa terra\u201d.<\/p>\n<p>\u201cTantas cidades e regi\u00f5es, do mundo todo, t\u00eam menos do que n\u00f3s e sobrevivem de turismo cultural, de turismo religioso, de turismo de experi\u00eancia. Moramos aqui, num museu a c\u00e9u aberto, com um Pantanal inteiro sendo nosso quintal e uma gente festeira e receptiva\u201d, disse o prefeito de Corumb\u00e1 enumerando as belezas da cidade.<\/p>\n<p><a role=\"link\" href=\"https:\/\/www.corumba.ms.gov.br\/2021\/08\/corumba-debate-patrimonio-cultural-e-historia-durante-i-seminario-municipal\/\"><em><strong>LEIA TAMB\u00c9M: Corumb\u00e1 debate patrim\u00f4nio cultural e hist\u00f3ria durante I Semin\u00e1rio Municipal<\/strong><\/em><\/a><\/p>\n<p>Marcelo Iunes ressaltou que o Semin\u00e1rio do Patrim\u00f4nio Cultural deixa claro o dever de todos \u201cde levantar a bandeira da educa\u00e7\u00e3o patrimonial\u201d. Ao divulgar \u201cnossa hist\u00f3ria e a nossa gente\u201d, o evento iniciado nesta segunda-feira, \u201cvai mostrar o que fomos e quem somos\u201d, disse. \u201cVamos falar gastronomia, comida boa, porque isso tamb\u00e9m \u00e9 patrim\u00f4nio e tamb\u00e9m \u00e9 importante para a nossa comunidade\u201d, completou.<\/p>\n<p>O prefeito tamb\u00e9m agradeceu a parceria com o Governo do Estado. \u201cTemos aqui um importante apoio do Governo do Estado, que sempre est\u00e1 conosco, sendo parceiros nas nossas a\u00e7\u00f5es, nossos eventos, nossas obras. Agrade\u00e7o muito por cada vez que o governador Reinaldo Azambuja, por meio da sua competente equipe, volta seus olhos para Corumb\u00e1. Em especial agrade\u00e7o \u00e0 Secretaria Estadual de Cidadania e Cultura, secret\u00e1rio Jo\u00e3o Cezar Mato Grosso Pereira e sua equipe, e ao presidente da Funda\u00e7\u00e3o de Cultura de Mato Grosso do Sul, Gustavo de Arruda Castelo, o Cegonha, e tamb\u00e9m toda a sua equipe\u201d.<\/p>\n<p>O diretor-presidente da Funda\u00e7\u00e3o de Cultura MS tamb\u00e9m destacou a import\u00e2ncia de Corumb\u00e1 para a cultura e a hist\u00f3ria da regi\u00e3o. \u201cO que Corumb\u00e1 tem de mais belo \u00e9 a sua cultura, seu patrim\u00f4nio e acima de tudo a sua gente. Oportunamente a cidade se disp\u00f4s a sediar o 11\u00ba Simp\u00f3sios Estadual de Educa\u00e7\u00e3o Patrimonial no ano em que um banho de S\u00e3o Jo\u00e3o tornou-se patrim\u00f4nio da cultura brasileira\u201d, afirmou.<\/p>\n<p>\u201cNesses dois dias que permanecerei aqui, venho de cora\u00e7\u00e3o aberto para ouvir e levar a mensagem e as reivindica\u00e7\u00f5es desse povo que produz cultura e eleva o Mato Grosso do Sul no cen\u00e1rio nacional e mundial. Tenha certeza que deste evento e com a presen\u00e7a de todos, somada a uni\u00e3o de for\u00e7as entre Estado e Munic\u00edpio, a cultura e patrim\u00f4nio ser\u00e3o fortalecidas\u201d, completou Gustavo de Arruda Castelo.<\/p>\n<p>J\u00e1 o diretor-presidente da Funda\u00e7\u00e3o da Cultura e do Patrim\u00f4nio Hist\u00f3rico de Corumb\u00e1, Joilson Cruz, Joilson lembrou o quanto \u00e9 importante essa parceria do Estado com o Munic\u00edpio para a valoriza\u00e7\u00e3o do patrim\u00f4nio loca. \u201cFalar de patrim\u00f4nio \u00e9 falar de quem n\u00f3s somos, \u00e9 a nossa hist\u00f3ria, as nossas mem\u00f3rias contadas de uma outra forma, \u00e9 falar das nossas lembran\u00e7as de inf\u00e2ncia, de como as coisas est\u00e3o e acontecem hoje. Trazer a quest\u00e3o patrimonial para um evento desse porte \u00e9 important\u00edssimo, \u00e9 nosso dever enquanto gestores e como cidad\u00e3os que somos, fomentar o conhecimento acerca desse assunto e por em pr\u00e1ticas pol\u00edticas p\u00fablicas que sejam efetivas na conserva\u00e7\u00e3o dessa dos nossos bens\u201d.<\/p>\n<p>Representando o Poder Legislativo no evento, o vereador Manoel Rodrigues afirmou: \u201co Simp\u00f3sio Estadual j\u00e1 est\u00e1 na sua d\u00e9cima primeira edi\u00e7\u00e3o. Comemorado sempre no dia dezessete de agosto, aonde \u00e9 celebrado o Patrim\u00f4nio Cultural Nacional. Corumb\u00e1 \u00e9 uma cidade recheada de cultura, com diversos patrim\u00f4nios hist\u00f3ricos que carregam consigo a nossa hist\u00f3ria, nossa ess\u00eancia inconfund\u00edvel e nos permite, atrav\u00e9s dessa vasta cultura, conquistar os olhares do Brasil e respiramos o futuro\u201d.<\/p>\n<p>\u201cTemos um patrim\u00f4nio material e material incr\u00edvel aqui em Corumb\u00e1. \u00c9 o nosso papel preserv\u00e1-lo e manter a nossa hist\u00f3ria sempre viva. Diante disso, externo os meus cumprimentos a todos que fazem parte da cultura e do patrim\u00f4nio hist\u00f3rico de Corumb\u00e1, que tem importante papel na gest\u00e3o, na preserva\u00e7\u00e3o e na organiza\u00e7\u00e3o em todo \u00e2mbito da nossa cultura\u201d, concluiu o vereador.<\/p>\n<div id=\"gallery-1\" class=\"gallery galleryid-117136 gallery-columns-3 gallery-size-large\">\n<figure class=\"gallery-item\">\n<div class=\"gallery-icon landscape\"><a role=\"link\" href=\"https:\/\/www.corumba.ms.gov.br\/?attachment_id=117130\"><img loading=\"lazy\" decoding=\"async\" class=\"attachment-large size-large\" src=\"https:\/\/www.corumba.ms.gov.br\/wp-content\/uploads\/2021\/08\/Foto-Rene-Marcio-CarneiroSimposio-Seminario-Municipal-Nossa-Senhora-do-Carmo-93-1024x706.jpg\" sizes=\"auto, (max-width: 1024px) 100vw, 1024px\" srcset=\"https:\/\/www.corumba.ms.gov.br\/wp-content\/uploads\/2021\/08\/Foto-Rene-Marcio-CarneiroSimposio-Seminario-Municipal-Nossa-Senhora-do-Carmo-93-1024x706.jpg 1024w, https:\/\/www.corumba.ms.gov.br\/wp-content\/uploads\/2021\/08\/Foto-Rene-Marcio-CarneiroSimposio-Seminario-Municipal-Nossa-Senhora-do-Carmo-93-300x207.jpg 300w, https:\/\/www.corumba.ms.gov.br\/wp-content\/uploads\/2021\/08\/Foto-Rene-Marcio-CarneiroSimposio-Seminario-Municipal-Nossa-Senhora-do-Carmo-93-768x529.jpg 768w, https:\/\/www.corumba.ms.gov.br\/wp-content\/uploads\/2021\/08\/Foto-Rene-Marcio-CarneiroSimposio-Seminario-Municipal-Nossa-Senhora-do-Carmo-93.jpg 1200w\" alt=\"\" width=\"1024\" height=\"706\" aria-describedby=\"gallery-1-117130\" \/><\/a><\/div><figcaption id=\"gallery-1-117130\" class=\"wp-caption-text gallery-caption\">Fotos: Ren\u00ea Marcio Carneiro<\/figcaption><\/figure>\n<figure class=\"gallery-item\">\n<div class=\"gallery-icon landscape\"><a role=\"link\" href=\"https:\/\/www.corumba.ms.gov.br\/?attachment_id=117129\"><img loading=\"lazy\" decoding=\"async\" class=\"attachment-large size-large\" src=\"https:\/\/www.corumba.ms.gov.br\/wp-content\/uploads\/2021\/08\/Foto-Rene-Marcio-CarneiroSimposio-Seminario-Municipal-Nossa-Senhora-do-Carmo-92-1024x706.jpg\" sizes=\"auto, (max-width: 1024px) 100vw, 1024px\" srcset=\"https:\/\/www.corumba.ms.gov.br\/wp-content\/uploads\/2021\/08\/Foto-Rene-Marcio-CarneiroSimposio-Seminario-Municipal-Nossa-Senhora-do-Carmo-92-1024x706.jpg 1024w, https:\/\/www.corumba.ms.gov.br\/wp-content\/uploads\/2021\/08\/Foto-Rene-Marcio-CarneiroSimposio-Seminario-Municipal-Nossa-Senhora-do-Carmo-92-300x207.jpg 300w, https:\/\/www.corumba.ms.gov.br\/wp-content\/uploads\/2021\/08\/Foto-Rene-Marcio-CarneiroSimposio-Seminario-Municipal-Nossa-Senhora-do-Carmo-92-768x529.jpg 768w, https:\/\/www.corumba.ms.gov.br\/wp-content\/uploads\/2021\/08\/Foto-Rene-Marcio-CarneiroSimposio-Seminario-Municipal-Nossa-Senhora-do-Carmo-92.jpg 1200w\" alt=\"\" width=\"1024\" height=\"706\" aria-describedby=\"gallery-1-117129\" \/><\/a><\/div><figcaption id=\"gallery-1-117129\" class=\"wp-caption-text gallery-caption\">Fotos: Ren\u00ea Marcio Carneiro<\/figcaption><\/figure>\n<figure class=\"gallery-item\">\n<div class=\"gallery-icon landscape\"><a role=\"link\" href=\"https:\/\/www.corumba.ms.gov.br\/?attachment_id=117128\"><img loading=\"lazy\" decoding=\"async\" class=\"attachment-large size-large\" src=\"https:\/\/www.corumba.ms.gov.br\/wp-content\/uploads\/2021\/08\/Foto-Rene-Marcio-CarneiroSimposio-Seminario-Municipal-Nossa-Senhora-do-Carmo-91-1024x706.jpg\" sizes=\"auto, (max-width: 1024px) 100vw, 1024px\" srcset=\"https:\/\/www.corumba.ms.gov.br\/wp-content\/uploads\/2021\/08\/Foto-Rene-Marcio-CarneiroSimposio-Seminario-Municipal-Nossa-Senhora-do-Carmo-91-1024x706.jpg 1024w, https:\/\/www.corumba.ms.gov.br\/wp-content\/uploads\/2021\/08\/Foto-Rene-Marcio-CarneiroSimposio-Seminario-Municipal-Nossa-Senhora-do-Carmo-91-300x207.jpg 300w, https:\/\/www.corumba.ms.gov.br\/wp-content\/uploads\/2021\/08\/Foto-Rene-Marcio-CarneiroSimposio-Seminario-Municipal-Nossa-Senhora-do-Carmo-91-768x529.jpg 768w, https:\/\/www.corumba.ms.gov.br\/wp-content\/uploads\/2021\/08\/Foto-Rene-Marcio-CarneiroSimposio-Seminario-Municipal-Nossa-Senhora-do-Carmo-91.jpg 1200w\" alt=\"\" width=\"1024\" height=\"706\" aria-describedby=\"gallery-1-117128\" \/><\/a><\/div><figcaption id=\"gallery-1-117128\" class=\"wp-caption-text gallery-caption\">Fotos: Ren\u00ea Marcio Carneiro<\/figcaption><\/figure>\n<figure class=\"gallery-item\">\n<div class=\"gallery-icon landscape\"><a role=\"link\" href=\"https:\/\/www.corumba.ms.gov.br\/?attachment_id=117127\"><img loading=\"lazy\" decoding=\"async\" class=\"attachment-large size-large\" src=\"https:\/\/www.corumba.ms.gov.br\/wp-content\/uploads\/2021\/08\/Foto-Rene-Marcio-CarneiroSimposio-Seminario-Municipal-Nossa-Senhora-do-Carmo-90-1024x683.jpg\" sizes=\"auto, (max-width: 1024px) 100vw, 1024px\" srcset=\"https:\/\/www.corumba.ms.gov.br\/wp-content\/uploads\/2021\/08\/Foto-Rene-Marcio-CarneiroSimposio-Seminario-Municipal-Nossa-Senhora-do-Carmo-90-1024x683.jpg 1024w, https:\/\/www.corumba.ms.gov.br\/wp-content\/uploads\/2021\/08\/Foto-Rene-Marcio-CarneiroSimposio-Seminario-Municipal-Nossa-Senhora-do-Carmo-90-300x200.jpg 300w, https:\/\/www.corumba.ms.gov.br\/wp-content\/uploads\/2021\/08\/Foto-Rene-Marcio-CarneiroSimposio-Seminario-Municipal-Nossa-Senhora-do-Carmo-90-768x512.jpg 768w, https:\/\/www.corumba.ms.gov.br\/wp-content\/uploads\/2021\/08\/Foto-Rene-Marcio-CarneiroSimposio-Seminario-Municipal-Nossa-Senhora-do-Carmo-90.jpg 1200w\" alt=\"\" width=\"1024\" height=\"683\" aria-describedby=\"gallery-1-117127\" \/><\/a><\/div><figcaption id=\"gallery-1-117127\" class=\"wp-caption-text gallery-caption\">Fotos: Ren\u00ea Marcio Carneiro<\/figcaption><\/figure>\n<figure class=\"gallery-item\">\n<div class=\"gallery-icon landscape\"><a role=\"link\" href=\"https:\/\/www.corumba.ms.gov.br\/?attachment_id=117126\"><img loading=\"lazy\" decoding=\"async\" class=\"attachment-large size-large\" src=\"https:\/\/www.corumba.ms.gov.br\/wp-content\/uploads\/2021\/08\/Foto-Rene-Marcio-CarneiroSimposio-Seminario-Municipal-Nossa-Senhora-do-Carmo-89-1024x706.jpg\" sizes=\"auto, (max-width: 1024px) 100vw, 1024px\" srcset=\"https:\/\/www.corumba.ms.gov.br\/wp-content\/uploads\/2021\/08\/Foto-Rene-Marcio-CarneiroSimposio-Seminario-Municipal-Nossa-Senhora-do-Carmo-89-1024x706.jpg 1024w, https:\/\/www.corumba.ms.gov.br\/wp-content\/uploads\/2021\/08\/Foto-Rene-Marcio-CarneiroSimposio-Seminario-Municipal-Nossa-Senhora-do-Carmo-89-300x207.jpg 300w, https:\/\/www.corumba.ms.gov.br\/wp-content\/uploads\/2021\/08\/Foto-Rene-Marcio-CarneiroSimposio-Seminario-Municipal-Nossa-Senhora-do-Carmo-89-768x529.jpg 768w, https:\/\/www.corumba.ms.gov.br\/wp-content\/uploads\/2021\/08\/Foto-Rene-Marcio-CarneiroSimposio-Seminario-Municipal-Nossa-Senhora-do-Carmo-89.jpg 1200w\" alt=\"\" width=\"1024\" height=\"706\" aria-describedby=\"gallery-1-117126\" \/><\/a><\/div><figcaption id=\"gallery-1-117126\" class=\"wp-caption-text gallery-caption\">Fotos: Ren\u00ea Marcio Carneiro<\/figcaption><\/figure>\n<figure class=\"gallery-item\">\n<div class=\"gallery-icon landscape\"><a role=\"link\" href=\"https:\/\/www.corumba.ms.gov.br\/?attachment_id=117125\"><img loading=\"lazy\" decoding=\"async\" class=\"attachment-large size-large\" src=\"https:\/\/www.corumba.ms.gov.br\/wp-content\/uploads\/2021\/08\/Foto-Rene-Marcio-CarneiroSimposio-Seminario-Municipal-Nossa-Senhora-do-Carmo-88-1024x706.jpg\" sizes=\"auto, (max-width: 1024px) 100vw, 1024px\" srcset=\"https:\/\/www.corumba.ms.gov.br\/wp-content\/uploads\/2021\/08\/Foto-Rene-Marcio-CarneiroSimposio-Seminario-Municipal-Nossa-Senhora-do-Carmo-88-1024x706.jpg 1024w, https:\/\/www.corumba.ms.gov.br\/wp-content\/uploads\/2021\/08\/Foto-Rene-Marcio-CarneiroSimposio-Seminario-Municipal-Nossa-Senhora-do-Carmo-88-300x207.jpg 300w, https:\/\/www.corumba.ms.gov.br\/wp-content\/uploads\/2021\/08\/Foto-Rene-Marcio-CarneiroSimposio-Seminario-Municipal-Nossa-Senhora-do-Carmo-88-768x529.jpg 768w, https:\/\/www.corumba.ms.gov.br\/wp-content\/uploads\/2021\/08\/Foto-Rene-Marcio-CarneiroSimposio-Seminario-Municipal-Nossa-Senhora-do-Carmo-88.jpg 1200w\" alt=\"\" width=\"1024\" height=\"706\" aria-describedby=\"gallery-1-117125\" \/><\/a><\/div><figcaption id=\"gallery-1-117125\" class=\"wp-caption-text gallery-caption\">Fotos: Ren\u00ea Marcio Carneiro<\/figcaption><\/figure>\n<figure class=\"gallery-item\">\n<div class=\"gallery-icon landscape\"><a role=\"link\" href=\"https:\/\/www.corumba.ms.gov.br\/?attachment_id=117124\"><img loading=\"lazy\" decoding=\"async\" class=\"attachment-large size-large\" src=\"https:\/\/www.corumba.ms.gov.br\/wp-content\/uploads\/2021\/08\/Foto-Rene-Marcio-CarneiroSimposio-Seminario-Municipal-Nossa-Senhora-do-Carmo-87-1024x683.jpg\" sizes=\"auto, (max-width: 1024px) 100vw, 1024px\" srcset=\"https:\/\/www.corumba.ms.gov.br\/wp-content\/uploads\/2021\/08\/Foto-Rene-Marcio-CarneiroSimposio-Seminario-Municipal-Nossa-Senhora-do-Carmo-87-1024x683.jpg 1024w, https:\/\/www.corumba.ms.gov.br\/wp-content\/uploads\/2021\/08\/Foto-Rene-Marcio-CarneiroSimposio-Seminario-Municipal-Nossa-Senhora-do-Carmo-87-300x200.jpg 300w, https:\/\/www.corumba.ms.gov.br\/wp-content\/uploads\/2021\/08\/Foto-Rene-Marcio-CarneiroSimposio-Seminario-Municipal-Nossa-Senhora-do-Carmo-87-768x512.jpg 768w, https:\/\/www.corumba.ms.gov.br\/wp-content\/uploads\/2021\/08\/Foto-Rene-Marcio-CarneiroSimposio-Seminario-Municipal-Nossa-Senhora-do-Carmo-87.jpg 1200w\" alt=\"\" width=\"1024\" height=\"683\" aria-describedby=\"gallery-1-117124\" \/><\/a><\/div><figcaption id=\"gallery-1-117124\" class=\"wp-caption-text gallery-caption\">Fotos: Ren\u00ea Marcio Carneiro<\/figcaption><\/figure>\n<figure class=\"gallery-item\">\n<div class=\"gallery-icon landscape\"><a role=\"link\" href=\"https:\/\/www.corumba.ms.gov.br\/?attachment_id=117123\"><img loading=\"lazy\" decoding=\"async\" class=\"attachment-large size-large\" src=\"https:\/\/www.corumba.ms.gov.br\/wp-content\/uploads\/2021\/08\/Foto-Rene-Marcio-CarneiroSimposio-Seminario-Municipal-Nossa-Senhora-do-Carmo-86-1024x706.jpg\" sizes=\"auto, (max-width: 1024px) 100vw, 1024px\" srcset=\"https:\/\/www.corumba.ms.gov.br\/wp-content\/uploads\/2021\/08\/Foto-Rene-Marcio-CarneiroSimposio-Seminario-Municipal-Nossa-Senhora-do-Carmo-86-1024x706.jpg 1024w, https:\/\/www.corumba.ms.gov.br\/wp-content\/uploads\/2021\/08\/Foto-Rene-Marcio-CarneiroSimposio-Seminario-Municipal-Nossa-Senhora-do-Carmo-86-300x207.jpg 300w, https:\/\/www.corumba.ms.gov.br\/wp-content\/uploads\/2021\/08\/Foto-Rene-Marcio-CarneiroSimposio-Seminario-Municipal-Nossa-Senhora-do-Carmo-86-768x529.jpg 768w, https:\/\/www.corumba.ms.gov.br\/wp-content\/uploads\/2021\/08\/Foto-Rene-Marcio-CarneiroSimposio-Seminario-Municipal-Nossa-Senhora-do-Carmo-86.jpg 1200w\" alt=\"\" width=\"1024\" height=\"706\" aria-describedby=\"gallery-1-117123\" \/><\/a><\/div><figcaption id=\"gallery-1-117123\" class=\"wp-caption-text gallery-caption\">Fotos: Ren\u00ea Marcio Carneiro<\/figcaption><\/figure>\n<figure class=\"gallery-item\">\n<div class=\"gallery-icon landscape\"><a role=\"link\" href=\"https:\/\/www.corumba.ms.gov.br\/?attachment_id=117122\"><img loading=\"lazy\" decoding=\"async\" class=\"attachment-large size-large\" src=\"https:\/\/www.corumba.ms.gov.br\/wp-content\/uploads\/2021\/08\/Foto-Rene-Marcio-CarneiroSimposio-Seminario-Municipal-Nossa-Senhora-do-Carmo-85-1024x706.jpg\" sizes=\"auto, (max-width: 1024px) 100vw, 1024px\" srcset=\"https:\/\/www.corumba.ms.gov.br\/wp-content\/uploads\/2021\/08\/Foto-Rene-Marcio-CarneiroSimposio-Seminario-Municipal-Nossa-Senhora-do-Carmo-85-1024x706.jpg 1024w, https:\/\/www.corumba.ms.gov.br\/wp-content\/uploads\/2021\/08\/Foto-Rene-Marcio-CarneiroSimposio-Seminario-Municipal-Nossa-Senhora-do-Carmo-85-300x207.jpg 300w, https:\/\/www.corumba.ms.gov.br\/wp-content\/uploads\/2021\/08\/Foto-Rene-Marcio-CarneiroSimposio-Seminario-Municipal-Nossa-Senhora-do-Carmo-85-768x529.jpg 768w, https:\/\/www.corumba.ms.gov.br\/wp-content\/uploads\/2021\/08\/Foto-Rene-Marcio-CarneiroSimposio-Seminario-Municipal-Nossa-Senhora-do-Carmo-85.jpg 1200w\" alt=\"\" width=\"1024\" height=\"706\" aria-describedby=\"gallery-1-117122\" \/><\/a><\/div><figcaption id=\"gallery-1-117122\" class=\"wp-caption-text gallery-caption\">Fotos: Ren\u00ea Marcio Carneiro<\/figcaption><\/figure>\n<figure class=\"gallery-item\">\n<div class=\"gallery-icon landscape\"><a role=\"link\" href=\"https:\/\/www.corumba.ms.gov.br\/?attachment_id=117121\"><img loading=\"lazy\" decoding=\"async\" class=\"attachment-large size-large\" src=\"https:\/\/www.corumba.ms.gov.br\/wp-content\/uploads\/2021\/08\/Foto-Rene-Marcio-CarneiroSimposio-Seminario-Municipal-Nossa-Senhora-do-Carmo-84-1024x683.jpg\" sizes=\"auto, (max-width: 1024px) 100vw, 1024px\" srcset=\"https:\/\/www.corumba.ms.gov.br\/wp-content\/uploads\/2021\/08\/Foto-Rene-Marcio-CarneiroSimposio-Seminario-Municipal-Nossa-Senhora-do-Carmo-84-1024x683.jpg 1024w, https:\/\/www.corumba.ms.gov.br\/wp-content\/uploads\/2021\/08\/Foto-Rene-Marcio-CarneiroSimposio-Seminario-Municipal-Nossa-Senhora-do-Carmo-84-300x200.jpg 300w, https:\/\/www.corumba.ms.gov.br\/wp-content\/uploads\/2021\/08\/Foto-Rene-Marcio-CarneiroSimposio-Seminario-Municipal-Nossa-Senhora-do-Carmo-84-768x512.jpg 768w, https:\/\/www.corumba.ms.gov.br\/wp-content\/uploads\/2021\/08\/Foto-Rene-Marcio-CarneiroSimposio-Seminario-Municipal-Nossa-Senhora-do-Carmo-84.jpg 1200w\" alt=\"\" width=\"1024\" height=\"683\" aria-describedby=\"gallery-1-117121\" \/><\/a><\/div><figcaption id=\"gallery-1-117121\" class=\"wp-caption-text gallery-caption\">Fotos: Ren\u00ea Marcio Carneiro<\/figcaption><\/figure>\n<figure class=\"gallery-item\">\n<div class=\"gallery-icon landscape\"><a role=\"link\" href=\"https:\/\/www.corumba.ms.gov.br\/?attachment_id=117120\"><img loading=\"lazy\" decoding=\"async\" class=\"attachment-large size-large\" src=\"https:\/\/www.corumba.ms.gov.br\/wp-content\/uploads\/2021\/08\/Foto-Rene-Marcio-CarneiroSimposio-Seminario-Municipal-Nossa-Senhora-do-Carmo-83-1024x706.jpg\" sizes=\"auto, (max-width: 1024px) 100vw, 1024px\" srcset=\"https:\/\/www.corumba.ms.gov.br\/wp-content\/uploads\/2021\/08\/Foto-Rene-Marcio-CarneiroSimposio-Seminario-Municipal-Nossa-Senhora-do-Carmo-83-1024x706.jpg 1024w, https:\/\/www.corumba.ms.gov.br\/wp-content\/uploads\/2021\/08\/Foto-Rene-Marcio-CarneiroSimposio-Seminario-Municipal-Nossa-Senhora-do-Carmo-83-300x207.jpg 300w, https:\/\/www.corumba.ms.gov.br\/wp-content\/uploads\/2021\/08\/Foto-Rene-Marcio-CarneiroSimposio-Seminario-Municipal-Nossa-Senhora-do-Carmo-83-768x529.jpg 768w, https:\/\/www.corumba.ms.gov.br\/wp-content\/uploads\/2021\/08\/Foto-Rene-Marcio-CarneiroSimposio-Seminario-Municipal-Nossa-Senhora-do-Carmo-83.jpg 1200w\" alt=\"\" width=\"1024\" height=\"706\" aria-describedby=\"gallery-1-117120\" \/><\/a><\/div><figcaption id=\"gallery-1-117120\" class=\"wp-caption-text gallery-caption\">Fotos: Ren\u00ea Marcio Carneiro<\/figcaption><\/figure>\n<figure class=\"gallery-item\">\n<div class=\"gallery-icon landscape\"><a role=\"link\" href=\"https:\/\/www.corumba.ms.gov.br\/?attachment_id=117119\"><img loading=\"lazy\" decoding=\"async\" class=\"attachment-large size-large\" src=\"https:\/\/www.corumba.ms.gov.br\/wp-content\/uploads\/2021\/08\/Foto-Rene-Marcio-CarneiroSimposio-Seminario-Municipal-Nossa-Senhora-do-Carmo-82-1024x706.jpg\" sizes=\"auto, (max-width: 1024px) 100vw, 1024px\" srcset=\"https:\/\/www.corumba.ms.gov.br\/wp-content\/uploads\/2021\/08\/Foto-Rene-Marcio-CarneiroSimposio-Seminario-Municipal-Nossa-Senhora-do-Carmo-82-1024x706.jpg 1024w, https:\/\/www.corumba.ms.gov.br\/wp-content\/uploads\/2021\/08\/Foto-Rene-Marcio-CarneiroSimposio-Seminario-Municipal-Nossa-Senhora-do-Carmo-82-300x207.jpg 300w, https:\/\/www.corumba.ms.gov.br\/wp-content\/uploads\/2021\/08\/Foto-Rene-Marcio-CarneiroSimposio-Seminario-Municipal-Nossa-Senhora-do-Carmo-82-768x529.jpg 768w, https:\/\/www.corumba.ms.gov.br\/wp-content\/uploads\/2021\/08\/Foto-Rene-Marcio-CarneiroSimposio-Seminario-Municipal-Nossa-Senhora-do-Carmo-82.jpg 1200w\" alt=\"\" width=\"1024\" height=\"706\" aria-describedby=\"gallery-1-117119\" \/><\/a><\/div><figcaption id=\"gallery-1-117119\" class=\"wp-caption-text gallery-caption\">Fotos: Ren\u00ea Marcio Carneiro<\/figcaption><\/figure>\n<figure class=\"gallery-item\">\n<div class=\"gallery-icon landscape\"><a role=\"link\" href=\"https:\/\/www.corumba.ms.gov.br\/?attachment_id=117117\"><img loading=\"lazy\" decoding=\"async\" class=\"attachment-large size-large\" src=\"https:\/\/www.corumba.ms.gov.br\/wp-content\/uploads\/2021\/08\/Foto-Rene-Marcio-CarneiroSimposio-Seminario-Municipal-Nossa-Senhora-do-Carmo-80-1024x683.jpg\" sizes=\"auto, (max-width: 1024px) 100vw, 1024px\" srcset=\"https:\/\/www.corumba.ms.gov.br\/wp-content\/uploads\/2021\/08\/Foto-Rene-Marcio-CarneiroSimposio-Seminario-Municipal-Nossa-Senhora-do-Carmo-80-1024x683.jpg 1024w, https:\/\/www.corumba.ms.gov.br\/wp-content\/uploads\/2021\/08\/Foto-Rene-Marcio-CarneiroSimposio-Seminario-Municipal-Nossa-Senhora-do-Carmo-80-300x200.jpg 300w, https:\/\/www.corumba.ms.gov.br\/wp-content\/uploads\/2021\/08\/Foto-Rene-Marcio-CarneiroSimposio-Seminario-Municipal-Nossa-Senhora-do-Carmo-80-768x512.jpg 768w, https:\/\/www.corumba.ms.gov.br\/wp-content\/uploads\/2021\/08\/Foto-Rene-Marcio-CarneiroSimposio-Seminario-Municipal-Nossa-Senhora-do-Carmo-80.jpg 1200w\" alt=\"\" width=\"1024\" height=\"683\" aria-describedby=\"gallery-1-117117\" \/><\/a><\/div><figcaption id=\"gallery-1-117117\" class=\"wp-caption-text gallery-caption\">Fotos: Ren\u00ea Marcio Carneiro<\/figcaption><\/figure>\n<figure class=\"gallery-item\">\n<div class=\"gallery-icon landscape\"><a role=\"link\" href=\"https:\/\/www.corumba.ms.gov.br\/?attachment_id=117115\"><img loading=\"lazy\" decoding=\"async\" class=\"attachment-large size-large\" src=\"https:\/\/www.corumba.ms.gov.br\/wp-content\/uploads\/2021\/08\/Foto-Rene-Marcio-CarneiroSimposio-Seminario-Municipal-Nossa-Senhora-do-Carmo-78-1024x683.jpg\" sizes=\"auto, (max-width: 1024px) 100vw, 1024px\" srcset=\"https:\/\/www.corumba.ms.gov.br\/wp-content\/uploads\/2021\/08\/Foto-Rene-Marcio-CarneiroSimposio-Seminario-Municipal-Nossa-Senhora-do-Carmo-78-1024x683.jpg 1024w, https:\/\/www.corumba.ms.gov.br\/wp-content\/uploads\/2021\/08\/Foto-Rene-Marcio-CarneiroSimposio-Seminario-Municipal-Nossa-Senhora-do-Carmo-78-300x200.jpg 300w, https:\/\/www.corumba.ms.gov.br\/wp-content\/uploads\/2021\/08\/Foto-Rene-Marcio-CarneiroSimposio-Seminario-Municipal-Nossa-Senhora-do-Carmo-78-768x512.jpg 768w, https:\/\/www.corumba.ms.gov.br\/wp-content\/uploads\/2021\/08\/Foto-Rene-Marcio-CarneiroSimposio-Seminario-Municipal-Nossa-Senhora-do-Carmo-78.jpg 1200w\" alt=\"\" width=\"1024\" height=\"683\" aria-describedby=\"gallery-1-117115\" \/><\/a><\/div><figcaption id=\"gallery-1-117115\" class=\"wp-caption-text gallery-caption\">Fotos: Ren\u00ea Marcio Carneiro<\/figcaption><\/figure>\n<figure class=\"gallery-item\">\n<div class=\"gallery-icon landscape\"><a role=\"link\" href=\"https:\/\/www.corumba.ms.gov.br\/?attachment_id=117114\"><img loading=\"lazy\" decoding=\"async\" class=\"attachment-large size-large\" src=\"https:\/\/www.corumba.ms.gov.br\/wp-content\/uploads\/2021\/08\/Foto-Rene-Marcio-CarneiroSimposio-Seminario-Municipal-Nossa-Senhora-do-Carmo-77-1024x683.jpg\" sizes=\"auto, (max-width: 1024px) 100vw, 1024px\" srcset=\"https:\/\/www.corumba.ms.gov.br\/wp-content\/uploads\/2021\/08\/Foto-Rene-Marcio-CarneiroSimposio-Seminario-Municipal-Nossa-Senhora-do-Carmo-77-1024x683.jpg 1024w, https:\/\/www.corumba.ms.gov.br\/wp-content\/uploads\/2021\/08\/Foto-Rene-Marcio-CarneiroSimposio-Seminario-Municipal-Nossa-Senhora-do-Carmo-77-300x200.jpg 300w, https:\/\/www.corumba.ms.gov.br\/wp-content\/uploads\/2021\/08\/Foto-Rene-Marcio-CarneiroSimposio-Seminario-Municipal-Nossa-Senhora-do-Carmo-77-768x512.jpg 768w, https:\/\/www.corumba.ms.gov.br\/wp-content\/uploads\/2021\/08\/Foto-Rene-Marcio-CarneiroSimposio-Seminario-Municipal-Nossa-Senhora-do-Carmo-77.jpg 1200w\" alt=\"\" width=\"1024\" height=\"683\" aria-describedby=\"gallery-1-117114\" \/><\/a><\/div><figcaption id=\"gallery-1-117114\" class=\"wp-caption-text gallery-caption\">Fotos: Ren\u00ea Marcio Carneiro<\/figcaption><\/figure>\n<figure class=\"gallery-item\">\n<div class=\"gallery-icon landscape\"><a role=\"link\" href=\"https:\/\/www.corumba.ms.gov.br\/?attachment_id=117113\"><img loading=\"lazy\" decoding=\"async\" class=\"attachment-large size-large\" src=\"https:\/\/www.corumba.ms.gov.br\/wp-content\/uploads\/2021\/08\/Foto-Rene-Marcio-CarneiroSimposio-Seminario-Municipal-Nossa-Senhora-do-Carmo-76-1024x683.jpg\" sizes=\"auto, (max-width: 1024px) 100vw, 1024px\" srcset=\"https:\/\/www.corumba.ms.gov.br\/wp-content\/uploads\/2021\/08\/Foto-Rene-Marcio-CarneiroSimposio-Seminario-Municipal-Nossa-Senhora-do-Carmo-76-1024x683.jpg 1024w, https:\/\/www.corumba.ms.gov.br\/wp-content\/uploads\/2021\/08\/Foto-Rene-Marcio-CarneiroSimposio-Seminario-Municipal-Nossa-Senhora-do-Carmo-76-300x200.jpg 300w, https:\/\/www.corumba.ms.gov.br\/wp-content\/uploads\/2021\/08\/Foto-Rene-Marcio-CarneiroSimposio-Seminario-Municipal-Nossa-Senhora-do-Carmo-76-768x512.jpg 768w, https:\/\/www.corumba.ms.gov.br\/wp-content\/uploads\/2021\/08\/Foto-Rene-Marcio-CarneiroSimposio-Seminario-Municipal-Nossa-Senhora-do-Carmo-76.jpg 1200w\" alt=\"\" width=\"1024\" height=\"683\" aria-describedby=\"gallery-1-117113\" \/><\/a><\/div><figcaption id=\"gallery-1-117113\" class=\"wp-caption-text gallery-caption\">Fotos: Ren\u00ea Marcio Carneiro<\/figcaption><\/figure>\n<figure class=\"gallery-item\">\n<div class=\"gallery-icon landscape\"><a role=\"link\" href=\"https:\/\/www.corumba.ms.gov.br\/?attachment_id=117112\"><img loading=\"lazy\" decoding=\"async\" class=\"attachment-large size-large\" src=\"https:\/\/www.corumba.ms.gov.br\/wp-content\/uploads\/2021\/08\/Foto-Rene-Marcio-CarneiroSimposio-Seminario-Municipal-Nossa-Senhora-do-Carmo-75-1024x683.jpg\" sizes=\"auto, (max-width: 1024px) 100vw, 1024px\" srcset=\"https:\/\/www.corumba.ms.gov.br\/wp-content\/uploads\/2021\/08\/Foto-Rene-Marcio-CarneiroSimposio-Seminario-Municipal-Nossa-Senhora-do-Carmo-75-1024x683.jpg 1024w, https:\/\/www.corumba.ms.gov.br\/wp-content\/uploads\/2021\/08\/Foto-Rene-Marcio-CarneiroSimposio-Seminario-Municipal-Nossa-Senhora-do-Carmo-75-300x200.jpg 300w, https:\/\/www.corumba.ms.gov.br\/wp-content\/uploads\/2021\/08\/Foto-Rene-Marcio-CarneiroSimposio-Seminario-Municipal-Nossa-Senhora-do-Carmo-75-768x512.jpg 768w, https:\/\/www.corumba.ms.gov.br\/wp-content\/uploads\/2021\/08\/Foto-Rene-Marcio-CarneiroSimposio-Seminario-Municipal-Nossa-Senhora-do-Carmo-75.jpg 1200w\" alt=\"\" width=\"1024\" height=\"683\" aria-describedby=\"gallery-1-117112\" \/><\/a><\/div><figcaption id=\"gallery-1-117112\" class=\"wp-caption-text gallery-caption\">Fotos: Ren\u00ea Marcio Carneiro<\/figcaption><\/figure>\n<figure class=\"gallery-item\">\n<div class=\"gallery-icon landscape\"><a role=\"link\" href=\"https:\/\/www.corumba.ms.gov.br\/?attachment_id=117111\"><img loading=\"lazy\" decoding=\"async\" class=\"attachment-large size-large\" src=\"https:\/\/www.corumba.ms.gov.br\/wp-content\/uploads\/2021\/08\/Foto-Rene-Marcio-CarneiroSimposio-Seminario-Municipal-Nossa-Senhora-do-Carmo-73-1024x706.jpg\" sizes=\"auto, (max-width: 1024px) 100vw, 1024px\" srcset=\"https:\/\/www.corumba.ms.gov.br\/wp-content\/uploads\/2021\/08\/Foto-Rene-Marcio-CarneiroSimposio-Seminario-Municipal-Nossa-Senhora-do-Carmo-73-1024x706.jpg 1024w, https:\/\/www.corumba.ms.gov.br\/wp-content\/uploads\/2021\/08\/Foto-Rene-Marcio-CarneiroSimposio-Seminario-Municipal-Nossa-Senhora-do-Carmo-73-300x207.jpg 300w, https:\/\/www.corumba.ms.gov.br\/wp-content\/uploads\/2021\/08\/Foto-Rene-Marcio-CarneiroSimposio-Seminario-Municipal-Nossa-Senhora-do-Carmo-73-768x529.jpg 768w, https:\/\/www.corumba.ms.gov.br\/wp-content\/uploads\/2021\/08\/Foto-Rene-Marcio-CarneiroSimposio-Seminario-Municipal-Nossa-Senhora-do-Carmo-73.jpg 1200w\" alt=\"\" width=\"1024\" height=\"706\" aria-describedby=\"gallery-1-117111\" \/><\/a><\/div><figcaption id=\"gallery-1-117111\" class=\"wp-caption-text gallery-caption\">Fotos: Ren\u00ea Marcio Carneiro<\/figcaption><\/figure>\n<figure class=\"gallery-item\">\n<div class=\"gallery-icon landscape\"><a role=\"link\" href=\"https:\/\/www.corumba.ms.gov.br\/?attachment_id=117107\"><img loading=\"lazy\" decoding=\"async\" class=\"attachment-large size-large\" src=\"https:\/\/www.corumba.ms.gov.br\/wp-content\/uploads\/2021\/08\/Foto-Rene-Marcio-CarneiroSimposio-Seminario-Municipal-Nossa-Senhora-do-Carmo-69-1024x683.jpg\" sizes=\"auto, (max-width: 1024px) 100vw, 1024px\" srcset=\"https:\/\/www.corumba.ms.gov.br\/wp-content\/uploads\/2021\/08\/Foto-Rene-Marcio-CarneiroSimposio-Seminario-Municipal-Nossa-Senhora-do-Carmo-69-1024x683.jpg 1024w, https:\/\/www.corumba.ms.gov.br\/wp-content\/uploads\/2021\/08\/Foto-Rene-Marcio-CarneiroSimposio-Seminario-Municipal-Nossa-Senhora-do-Carmo-69-300x200.jpg 300w, https:\/\/www.corumba.ms.gov.br\/wp-content\/uploads\/2021\/08\/Foto-Rene-Marcio-CarneiroSimposio-Seminario-Municipal-Nossa-Senhora-do-Carmo-69-768x512.jpg 768w, https:\/\/www.corumba.ms.gov.br\/wp-content\/uploads\/2021\/08\/Foto-Rene-Marcio-CarneiroSimposio-Seminario-Municipal-Nossa-Senhora-do-Carmo-69.jpg 1200w\" alt=\"\" width=\"1024\" height=\"683\" aria-describedby=\"gallery-1-117107\" \/><\/a><\/div><figcaption id=\"gallery-1-117107\" class=\"wp-caption-text gallery-caption\">Fotos: Ren\u00ea Marcio Carneiro<\/figcaption><\/figure>\n<figure class=\"gallery-item\">\n<div class=\"gallery-icon landscape\"><a role=\"link\" href=\"https:\/\/www.corumba.ms.gov.br\/?attachment_id=117106\"><img loading=\"lazy\" decoding=\"async\" class=\"attachment-large size-large\" src=\"https:\/\/www.corumba.ms.gov.br\/wp-content\/uploads\/2021\/08\/Foto-Rene-Marcio-CarneiroSimposio-Seminario-Municipal-Nossa-Senhora-do-Carmo-68-1024x683.jpg\" sizes=\"auto, (max-width: 1024px) 100vw, 1024px\" srcset=\"https:\/\/www.corumba.ms.gov.br\/wp-content\/uploads\/2021\/08\/Foto-Rene-Marcio-CarneiroSimposio-Seminario-Municipal-Nossa-Senhora-do-Carmo-68-1024x683.jpg 1024w, https:\/\/www.corumba.ms.gov.br\/wp-content\/uploads\/2021\/08\/Foto-Rene-Marcio-CarneiroSimposio-Seminario-Municipal-Nossa-Senhora-do-Carmo-68-300x200.jpg 300w, https:\/\/www.corumba.ms.gov.br\/wp-content\/uploads\/2021\/08\/Foto-Rene-Marcio-CarneiroSimposio-Seminario-Municipal-Nossa-Senhora-do-Carmo-68-768x512.jpg 768w, https:\/\/www.corumba.ms.gov.br\/wp-content\/uploads\/2021\/08\/Foto-Rene-Marcio-CarneiroSimposio-Seminario-Municipal-Nossa-Senhora-do-Carmo-68.jpg 1200w\" alt=\"\" width=\"1024\" height=\"683\" aria-describedby=\"gallery-1-117106\" \/><\/a><\/div><figcaption id=\"gallery-1-117106\" class=\"wp-caption-text gallery-caption\">Fotos: Ren\u00ea Marcio Carneiro<\/figcaption><\/figure>\n<figure class=\"gallery-item\">\n<div class=\"gallery-icon landscape\"><a role=\"link\" href=\"https:\/\/www.corumba.ms.gov.br\/?attachment_id=117104\"><img loading=\"lazy\" decoding=\"async\" class=\"attachment-large size-large\" src=\"https:\/\/www.corumba.ms.gov.br\/wp-content\/uploads\/2021\/08\/Foto-Rene-Marcio-CarneiroSimposio-Seminario-Municipal-Nossa-Senhora-do-Carmo-66-1024x683.jpg\" sizes=\"auto, (max-width: 1024px) 100vw, 1024px\" srcset=\"https:\/\/www.corumba.ms.gov.br\/wp-content\/uploads\/2021\/08\/Foto-Rene-Marcio-CarneiroSimposio-Seminario-Municipal-Nossa-Senhora-do-Carmo-66-1024x683.jpg 1024w, https:\/\/www.corumba.ms.gov.br\/wp-content\/uploads\/2021\/08\/Foto-Rene-Marcio-CarneiroSimposio-Seminario-Municipal-Nossa-Senhora-do-Carmo-66-300x200.jpg 300w, https:\/\/www.corumba.ms.gov.br\/wp-content\/uploads\/2021\/08\/Foto-Rene-Marcio-CarneiroSimposio-Seminario-Municipal-Nossa-Senhora-do-Carmo-66-768x512.jpg 768w, https:\/\/www.corumba.ms.gov.br\/wp-content\/uploads\/2021\/08\/Foto-Rene-Marcio-CarneiroSimposio-Seminario-Municipal-Nossa-Senhora-do-Carmo-66.jpg 1200w\" alt=\"\" width=\"1024\" height=\"683\" aria-describedby=\"gallery-1-117104\" \/><\/a><\/div><figcaption id=\"gallery-1-117104\" class=\"wp-caption-text gallery-caption\">Fotos: Ren\u00ea Marcio Carneiro<\/figcaption><\/figure>\n<\/div>\n","protected":false},"excerpt":{"rendered":"<p>\u201cN\u00e3o tem como ignorar o potencial que Corumb\u00e1 possui e a gente entende a import\u00e2ncia&#8230;<\/p>\n","protected":false},"author":70,"featured_media":11717703,"comment_status":"closed","ping_status":"closed","sticky":false,"template":"","format":"standard","meta":{"footnotes":""},"categories":[7],"tags":[],"class_list":["post-11717702","post","type-post","status-publish","format-standard","has-post-thumbnail","hentry","category-cultura"],"_links":{"self":[{"href":"https:\/\/www.corumbaonline.com.br\/news\/wp-json\/wp\/v2\/posts\/11717702","targetHints":{"allow":["GET"]}}],"collection":[{"href":"https:\/\/www.corumbaonline.com.br\/news\/wp-json\/wp\/v2\/posts"}],"about":[{"href":"https:\/\/www.corumbaonline.com.br\/news\/wp-json\/wp\/v2\/types\/post"}],"author":[{"embeddable":true,"href":"https:\/\/www.corumbaonline.com.br\/news\/wp-json\/wp\/v2\/users\/70"}],"replies":[{"embeddable":true,"href":"https:\/\/www.corumbaonline.com.br\/news\/wp-json\/wp\/v2\/comments?post=11717702"}],"version-history":[{"count":1,"href":"https:\/\/www.corumbaonline.com.br\/news\/wp-json\/wp\/v2\/posts\/11717702\/revisions"}],"predecessor-version":[{"id":11717704,"href":"https:\/\/www.corumbaonline.com.br\/news\/wp-json\/wp\/v2\/posts\/11717702\/revisions\/11717704"}],"wp:featuredmedia":[{"embeddable":true,"href":"https:\/\/www.corumbaonline.com.br\/news\/wp-json\/wp\/v2\/media\/11717703"}],"wp:attachment":[{"href":"https:\/\/www.corumbaonline.com.br\/news\/wp-json\/wp\/v2\/media?parent=11717702"}],"wp:term":[{"taxonomy":"category","embeddable":true,"href":"https:\/\/www.corumbaonline.com.br\/news\/wp-json\/wp\/v2\/categories?post=11717702"},{"taxonomy":"post_tag","embeddable":true,"href":"https:\/\/www.corumbaonline.com.br\/news\/wp-json\/wp\/v2\/tags?post=11717702"}],"curies":[{"name":"wp","href":"https:\/\/api.w.org\/{rel}","templated":true}]}}