{"id":11717721,"date":"2021-08-24T09:26:00","date_gmt":"2021-08-24T13:26:00","guid":{"rendered":"http:\/\/www.corumbaonline.com.br\/news\/?p=11717721"},"modified":"2021-08-24T10:00:16","modified_gmt":"2021-08-24T14:00:16","slug":"ifms-abre-matriculas-para-portador-de-diploma-e-transferencias-em-cursos-de-graduacao","status":"publish","type":"post","link":"https:\/\/www.corumbaonline.com.br\/news\/ifms-abre-matriculas-para-portador-de-diploma-e-transferencias-em-cursos-de-graduacao\/","title":{"rendered":"IFMS abre matr\u00edculas para portador de diploma e transfer\u00eancias em cursos de gradua\u00e7\u00e3o"},"content":{"rendered":"<p dir=\"ltr\">Os candidatos convocados na sele\u00e7\u00e3o para ingresso em cursos de gradua\u00e7\u00e3o do Instituto Federal de Mato Grosso do Sul (IFMS) nas modalidades portador de diploma, reingresso e transfer\u00eancias interna e externa devem fazer a matr\u00edcula ou manifestar interesse na vaga at\u00e9 sexta-feira, 27.<\/p>\n<p dir=\"ltr\">O resultado final do processo seletivo est\u00e1 publicado na\u00a0<a title=\"Central de Sele\u00e7\u00e3o\" href=\"http:\/\/www.ifms.edu.br:9000\/lists\/lt.php?tid=KxkGA1RZWgRWB0sGAQVRTlAABFdOAV0ABhsJXwUDBFNVUAQAUgofAgEAVFBUUQZOXQYHVU4NDgtUG1leBlZPBAFXBwcEDFpTVwUFH1ICAwYCUlcDTghaXAYbDFZQBk8JVlZUH1AKVgBWAgNWVAIABw\" target=\"_blank\" rel=\"noopener noreferrer\">Central de Sele\u00e7\u00e3o<\/a>.<\/p>\n<p dir=\"ltr\">O\u00a0<a title=\"documento\" href=\"http:\/\/www.ifms.edu.br:9000\/lists\/lt.php?tid=KxlWVF0IAVJWVUsGBFYATlBTU1ROWA4MBhsIXlAHBlNbUVZQXQ0fAgEAVFBUUQZOXQYHVU4NDgtUG1leBlZPBAFXBwcEDFpTVwUFH1ICAwYCUlcDTghaXAYbDFZQBk8JVlZUH1AKVgBWAgNWVAIABw\" target=\"_blank\" rel=\"noopener noreferrer\">documento<\/a>\u00a0convoca os candidatos &#8220;aptos \u00e0 matr\u00edcula&#8221; e tamb\u00e9m aqueles que se encontram em &#8220;lista de espera&#8221; e que devem, obrigatoriamente, efetuar a manifesta\u00e7\u00e3o de interesse na vaga.<\/p>\n<p dir=\"ltr\">Tanto a solicita\u00e7\u00e3o de matr\u00edcula quanto a manifesta\u00e7\u00e3o de interesse na vaga devem ser feitas de forma online, no\u00a0<a title=\"Sistema de Matr\u00edculas do IFMS\" href=\"http:\/\/www.ifms.edu.br:9000\/lists\/lt.php?tid=KxkHVAMAWgEBUksGVgJUTlADAQdOAF0NBxsOVFMKUANbBgwDB10fAgEAVFBUUQZOXQYHVU4NDgtUG1leBlZPBAFXBwcEDFpTVwUFH1ICAwYCUlcDTghaXAYbDFZQBk8JVlZUH1AKVgBWAgNWVAIABw\" target=\"_blank\" rel=\"noopener noreferrer\">Sistema de Matr\u00edculas do IFMS<\/a>.<\/p>\n<p dir=\"ltr\">Em ambos os casos, o candidato dever\u00e1 anexar ao sistema os seguintes documentos:<\/p>\n<ul>\n<li><a title=\"requerimento de matr\u00edcula\" href=\"http:\/\/www.ifms.edu.br:9000\/lists\/lt.php?tid=KxlQBVReWwgCVUtRBlYBTlBSUwROAAkPDxsPAgVRVlIFUlQDXA0fAgEAVFBUUQZOXQYHVU4NDgtUG1leBlZPBAFXBwcEDFpTVwUFH1ICAwYCUlcDTghaXAYbDFZQBk8JVlZUH1AKVgBWAgNWVAIABw\" target=\"_blank\" rel=\"noopener noreferrer\">requerimento de matr\u00edcula<\/a>\u00a0preenchido e assinado;<\/li>\n<li>carteira de identidade (RG) ou outro documento oficial de identifica\u00e7\u00e3o com foto;<\/li>\n<li>documento digitalizado que comprove estar em dia com o Servi\u00e7o Militar, para os brasileiros entre 19 e 45 anos;<\/li>\n<li>foto 3&#215;4 recente digitalizada;<\/li>\n<li>diploma digitalizado de curso superior reconhecido pelo MEC, para candidatos portadores de diploma;<\/li>\n<li>comprovante de matr\u00edcula recente digitalizado de curso superior (transfer\u00eancia externa);<\/li>\n<li>hist\u00f3rico acad\u00eamico\/escolar digitalizado, com carga hor\u00e1ria, notas ou men\u00e7\u00f5es das unidades curriculares.<\/li>\n<\/ul>\n<p dir=\"ltr\"><strong>Sele\u00e7\u00e3o\u00a0<\/strong>&#8211; Foi feita por meio da compatibilidade entre o conte\u00fado program\u00e1tico do curso em que o candidato pretendia ingressar com as unidades curriculares j\u00e1 cursadas na institui\u00e7\u00e3o de origem (transfer\u00eancias e portador de diploma) e pelo Coeficiente de Rendimento (reingresso).<\/p>\n<p dir=\"ltr\">Foram ofertadas 441 vagas em 17 op\u00e7\u00f5es de cursos de gradua\u00e7\u00e3o, entre superiores de tecnologia, bacharelados e licenciaturas, nos campi Aquidauana, Campo Grande, Corumb\u00e1, Coxim, Dourados, Jardim, Navira\u00ed, Nova Andradina, Ponta Por\u00e3 e Tr\u00eas Lagoas.<\/p>\n<p dir=\"ltr\">Texto originalmente publicado em:\u00a0https:\/\/www.ifms.edu.br\/noticias\/2021\/abertas-matriculas-para-portador-de-diploma-reingresso-e-transferencias.<\/p>\n","protected":false},"excerpt":{"rendered":"<p>Os candidatos convocados na sele\u00e7\u00e3o para ingresso em cursos de gradua\u00e7\u00e3o do Instituto Federal de&#8230;<\/p>\n","protected":false},"author":9,"featured_media":0,"comment_status":"closed","ping_status":"closed","sticky":false,"template":"","format":"standard","meta":{"footnotes":""},"categories":[10],"tags":[],"class_list":["post-11717721","post","type-post","status-publish","format-standard","hentry","category-educacao"],"_links":{"self":[{"href":"https:\/\/www.corumbaonline.com.br\/news\/wp-json\/wp\/v2\/posts\/11717721","targetHints":{"allow":["GET"]}}],"collection":[{"href":"https:\/\/www.corumbaonline.com.br\/news\/wp-json\/wp\/v2\/posts"}],"about":[{"href":"https:\/\/www.corumbaonline.com.br\/news\/wp-json\/wp\/v2\/types\/post"}],"author":[{"embeddable":true,"href":"https:\/\/www.corumbaonline.com.br\/news\/wp-json\/wp\/v2\/users\/9"}],"replies":[{"embeddable":true,"href":"https:\/\/www.corumbaonline.com.br\/news\/wp-json\/wp\/v2\/comments?post=11717721"}],"version-history":[{"count":1,"href":"https:\/\/www.corumbaonline.com.br\/news\/wp-json\/wp\/v2\/posts\/11717721\/revisions"}],"predecessor-version":[{"id":11717722,"href":"https:\/\/www.corumbaonline.com.br\/news\/wp-json\/wp\/v2\/posts\/11717721\/revisions\/11717722"}],"wp:attachment":[{"href":"https:\/\/www.corumbaonline.com.br\/news\/wp-json\/wp\/v2\/media?parent=11717721"}],"wp:term":[{"taxonomy":"category","embeddable":true,"href":"https:\/\/www.corumbaonline.com.br\/news\/wp-json\/wp\/v2\/categories?post=11717721"},{"taxonomy":"post_tag","embeddable":true,"href":"https:\/\/www.corumbaonline.com.br\/news\/wp-json\/wp\/v2\/tags?post=11717721"}],"curies":[{"name":"wp","href":"https:\/\/api.w.org\/{rel}","templated":true}]}}