{"id":11717726,"date":"2021-08-24T09:49:00","date_gmt":"2021-08-24T13:49:00","guid":{"rendered":"http:\/\/www.corumbaonline.com.br\/news\/?p=11717726"},"modified":"2021-08-24T10:05:44","modified_gmt":"2021-08-24T14:05:44","slug":"investimentos-e-plano-estrategico-reduzem-area-queimada-em-mais-de-86-no-pantanal","status":"publish","type":"post","link":"https:\/\/www.corumbaonline.com.br\/news\/investimentos-e-plano-estrategico-reduzem-area-queimada-em-mais-de-86-no-pantanal\/","title":{"rendered":"Investimentos e plano estrat\u00e9gico reduzem \u00e1rea queimada em mais de 86% no Pantanal"},"content":{"rendered":"<p data-uw-styling-context=\"true\">Os investimentos do Governo do Estado na estrutura\u00e7\u00e3o do Corpo de Bombeiros e a institui\u00e7\u00e3o do Plano Estadual de Manejo Integrado do Fogo (PEMIF), em abril, foram determinantes na redu\u00e7\u00e3o dos inc\u00eandios florestais em Mato Grosso do Sul, nos primeiros oito meses do ano, e como consequ\u00eancia a diminui\u00e7\u00e3o significativa da \u00e1rea destru\u00edda pelo fogo.<br \/>\nDe janeiro a 21 de agosto de 2020, ano de alta propaga\u00e7\u00e3o dos focos de calor e intensa seca, a \u00e1rea queimada no Pantanal sul-mato-grossense somou 1.368.775 hectares. No mesmo per\u00edodo deste ano, segundo a Lasa (Laborat\u00f3rio de Aplica\u00e7\u00f5es de Sat\u00e9lites Ambientais do Departamento de Meteorologia, da Universidade Federal do Rio de Janeiro), o total queimado foi de 166.550 hectares.<br \/>\n\u201cS\u00e3o n\u00fameros que expressam a efetividade das a\u00e7\u00f5es de redu\u00e7\u00e3o de inc\u00eandios florestais previstas no plano, uma medida inovadora do governo ao estabelecer estrat\u00e9gicas de preven\u00e7\u00e3o a eventos extremos como os que tivemos ao longo de 2020, especialmente na regi\u00e3o do Pantanal\u201d, comentou o coronel Hugo Djan Leite, comandante do Corpo de Bombeiros.<\/p>\n<figure id=\"attachment_356412\" class=\"wp-caption aligncenter\">\n<p><figure id=\"attachment_356412\" aria-describedby=\"caption-attachment-356412\" style=\"width: 1024px\" class=\"wp-caption aligncenter\"><img loading=\"lazy\" decoding=\"async\" class=\"wp-image-356412 size-large\" src=\"http:\/\/www.ms.gov.br\/wp-content\/uploads\/sites\/150\/2021\/06\/Bombeiros-Viaturas-Resgate-Fto-Chico-Ribeiro-18-1024x566.jpg\" sizes=\"auto, (max-width: 1024px) 100vw, 1024px\" srcset=\"http:\/\/www.ms.gov.br\/wp-content\/uploads\/sites\/150\/2021\/06\/Bombeiros-Viaturas-Resgate-Fto-Chico-Ribeiro-18-1024x566.jpg 1024w, http:\/\/www.ms.gov.br\/wp-content\/uploads\/sites\/150\/2021\/06\/Bombeiros-Viaturas-Resgate-Fto-Chico-Ribeiro-18-300x166.jpg 300w, http:\/\/www.ms.gov.br\/wp-content\/uploads\/sites\/150\/2021\/06\/Bombeiros-Viaturas-Resgate-Fto-Chico-Ribeiro-18-768x425.jpg 768w, http:\/\/www.ms.gov.br\/wp-content\/uploads\/sites\/150\/2021\/06\/Bombeiros-Viaturas-Resgate-Fto-Chico-Ribeiro-18-350x194.jpg 350w\" alt=\"\" width=\"1024\" height=\"566\" \/><figcaption id=\"caption-attachment-356412\" class=\"wp-caption-text\">Viaturas de resgate (Foto: Chico Ribeiro)<\/figcaption><\/figure><\/figure>\n<p><strong data-uw-styling-context=\"true\">Resposta imediata<\/strong><\/p>\n<p data-uw-styling-context=\"true\">Os comparativos entre a incid\u00eancia de inc\u00eandios em 2020 e 2021, de 1\u00ba de janeiro a 21 de agosto, apontam uma redu\u00e7\u00e3o de mais de 86% da \u00e1rea queimada. Para o governador Reinaldo Azambuja, a estat\u00edstica demonstra um cen\u00e1rio altamente positivo e a efic\u00e1cia do PEMIF, onde o Corpo de Bombeiros, atuando apenas com seu efetivo, tem dado resposta imediata aos desastres.<br \/>\n\u201cTemos investido muito para equipar nossos bombeiros e atuado de forma integrada, envolvendo outros \u00f3rg\u00e3os, como o Ibama, Imasul e PMA, e tamb\u00e9m a sociedade organizada\u201d, disse. \u201cO trabalho de treinamento e forma\u00e7\u00e3o de brigadas e envolvimento das comunidades e propriedades rural foi extremamente importante para a preven\u00e7\u00e3o, evitando que o fogo se propague\u201d, destacou.<br \/>\nAl\u00e9m dos investimentos em aeronaves e viaturas, capacita\u00e7\u00e3o e equipamentos para combate direto, o Estado estabeleceu os decretos de situa\u00e7\u00e3o de emerg\u00eancia ambiental por 180 dias e proibi\u00e7\u00e3o de queima controlada. \u201cForam fundamentais para o trabalho preventivo e a\u00e7\u00f5es r\u00e1pidas e intensivas dos bombeiros, antecipando-se aos desastres\u201d, observou o coronel Hugo Djan.<\/p>\n<p><img loading=\"lazy\" decoding=\"async\" class=\"wp-image-360123 size-full\" src=\"http:\/\/www.ms.gov.br\/wp-content\/uploads\/sites\/150\/2021\/07\/fogo-77.jpg\" sizes=\"auto, (max-width: 768px) 100vw, 768px\" srcset=\"http:\/\/www.ms.gov.br\/wp-content\/uploads\/sites\/150\/2021\/07\/fogo-77.jpg 768w, http:\/\/www.ms.gov.br\/wp-content\/uploads\/sites\/150\/2021\/07\/fogo-77-300x166.jpg 300w, http:\/\/www.ms.gov.br\/wp-content\/uploads\/sites\/150\/2021\/07\/fogo-77-350x194.jpg 350w\" alt=\"\" width=\"768\" height=\"425\" \/><\/p>\n<p data-uw-styling-context=\"true\"><strong data-uw-styling-context=\"true\">Recursos federais<\/strong><br \/>\nCom a edi\u00e7\u00e3o dos decretos emergenciais tamb\u00e9m foi poss\u00edvel garantir recursos da Defesa Civil Nacional, no valor de R$ 8,6 milh\u00f5es, cuja libera\u00e7\u00e3o imediata foi comunicada pelo ministro Rog\u00e9rio Marinho, do Desenvolvimento Regional, ao governador Reinaldo Azambuja. O dinheiro vai custear e manuten\u00e7\u00e3o das opera\u00e7\u00f5es de combate aos inc\u00eandios florestais por mais 90 dias.<br \/>\nO repasse ser\u00e1 usado na compra de combust\u00edvel para viaturas, barcos, aeronaves e equipamentos utilizados no combate aos inc\u00eandios florestais. Ser\u00e3o 5 mil litros de gasolina comum, 54 mil de \u00f3leo diesel, 13,6 mil de gasolina para avia\u00e7\u00e3o e 37,8 mil litros de querosene para uso em helic\u00f3pteros. Tamb\u00e9m ser\u00e1 destinado a compra de 900 horas de voo para os Air Tractor, avi\u00f5es de combate ao fogo.<br \/>\n\u201cS\u00e3o recursos que vem a somar aos nossos esfor\u00e7os para reduzir danos ambientais como no ano passado. Estivemos com o ministro (Rog\u00e9rio Marinho) em Bras\u00edlia, ponderamos a necessidade desse apoio e o governo federal priorizou as a\u00e7\u00f5es de combate aos inc\u00eandios em nossa regi\u00e3o, o que s\u00f3 temos a agradecer ao presidente Jair Bolsonaro\u201d, comentou o governador.<\/p>\n","protected":false},"excerpt":{"rendered":"<p>Os investimentos do Governo do Estado na estrutura\u00e7\u00e3o do Corpo de Bombeiros e a institui\u00e7\u00e3o&#8230;<\/p>\n","protected":false},"author":13,"featured_media":11717727,"comment_status":"closed","ping_status":"closed","sticky":false,"template":"","format":"standard","meta":{"footnotes":""},"categories":[17,18],"tags":[],"class_list":["post-11717726","post","type-post","status-publish","format-standard","has-post-thumbnail","hentry","category-meio-ambiente","category-seguranca"],"_links":{"self":[{"href":"https:\/\/www.corumbaonline.com.br\/news\/wp-json\/wp\/v2\/posts\/11717726","targetHints":{"allow":["GET"]}}],"collection":[{"href":"https:\/\/www.corumbaonline.com.br\/news\/wp-json\/wp\/v2\/posts"}],"about":[{"href":"https:\/\/www.corumbaonline.com.br\/news\/wp-json\/wp\/v2\/types\/post"}],"author":[{"embeddable":true,"href":"https:\/\/www.corumbaonline.com.br\/news\/wp-json\/wp\/v2\/users\/13"}],"replies":[{"embeddable":true,"href":"https:\/\/www.corumbaonline.com.br\/news\/wp-json\/wp\/v2\/comments?post=11717726"}],"version-history":[{"count":1,"href":"https:\/\/www.corumbaonline.com.br\/news\/wp-json\/wp\/v2\/posts\/11717726\/revisions"}],"predecessor-version":[{"id":11717728,"href":"https:\/\/www.corumbaonline.com.br\/news\/wp-json\/wp\/v2\/posts\/11717726\/revisions\/11717728"}],"wp:featuredmedia":[{"embeddable":true,"href":"https:\/\/www.corumbaonline.com.br\/news\/wp-json\/wp\/v2\/media\/11717727"}],"wp:attachment":[{"href":"https:\/\/www.corumbaonline.com.br\/news\/wp-json\/wp\/v2\/media?parent=11717726"}],"wp:term":[{"taxonomy":"category","embeddable":true,"href":"https:\/\/www.corumbaonline.com.br\/news\/wp-json\/wp\/v2\/categories?post=11717726"},{"taxonomy":"post_tag","embeddable":true,"href":"https:\/\/www.corumbaonline.com.br\/news\/wp-json\/wp\/v2\/tags?post=11717726"}],"curies":[{"name":"wp","href":"https:\/\/api.w.org\/{rel}","templated":true}]}}