{"id":11717750,"date":"2021-08-26T08:33:00","date_gmt":"2021-08-26T12:33:00","guid":{"rendered":"http:\/\/www.corumbaonline.com.br\/news\/?p=11717750"},"modified":"2021-08-26T07:36:27","modified_gmt":"2021-08-26T11:36:27","slug":"senado-rejeita-pedido-de-impeachment-contra-ministro-do-stf","status":"publish","type":"post","link":"https:\/\/www.corumbaonline.com.br\/news\/senado-rejeita-pedido-de-impeachment-contra-ministro-do-stf\/","title":{"rendered":"Senado rejeita pedido de impeachment contra ministro do STF"},"content":{"rendered":"<p>O presidente do Senado, Rodrigo Pacheco (DEM-MG), rejeitou nesta quarta-feira (25) o pedido de\u00a0<em>impeachment\u00a0<\/em>feito pelo presidente Jair Bolsonaro contra o ministro do Supremo Tribunal Federal (STF) Alexandre de Moraes.<img decoding=\"async\" src=\"https:\/\/agenciabrasil.ebc.com.br\/ebc.png?id=1419605&amp;o=node\" \/><img decoding=\"async\" src=\"https:\/\/agenciabrasil.ebc.com.br\/ebc.gif?id=1419605&amp;o=node\" \/><\/p>\n<p>&#8220;H\u00e1 um rol taxativo de hip\u00f3teses que admitem\u00a0<em>impeachment\u00a0<\/em>de ministros do Supremo Tribunal Federal. Vigora no Brasil o princ\u00edpio da legalidade. O fato tem que ter uma previs\u00e3o legal para que se configure justa causa. Para que se ande um processo dessa natureza, \u00e9 preciso haver a adequa\u00e7\u00e3o do fato \u00e0 lei federal, no caso a Lei 1.079&#8243;, argumentou Pacheco. &#8220;Nenhum dos fatos teve adequa\u00e7\u00e3o legal, de modo que o parecer da Advocacia Geral do Senado \u00e9 nesse sentido, de que carece ao pedido a chamada justa causa&#8221;.<\/p>\n<p>Segundo o parlamentar, a rejei\u00e7\u00e3o do pedido de\u00a0<em>impeachment\u00a0<\/em>de Alexandre de Moraes \u201c\u00e9 fundamental para a democracia e a separa\u00e7\u00e3o de Poderes e a necessidade de que esta independ\u00eancia de cada um dos Poderes seja garantida e que haja conviv\u00eancia mais harmoniosa poss\u00edvel\u201d.<\/p>\n<h2>Justa causa<\/h2>\n<p>Parecer assinado pelo advogado Geral do Senado, Octavio Orzari, recomendou a rejei\u00e7\u00e3o do pedido por &#8220;manifesta aus\u00eancia de tipicidade e de justa causa&#8221;. O documento destaca que o pedido proposto por Jair Bolsonaro se baseia em cr\u00edticas e revela discord\u00e2ncia das decis\u00f5es de Alexandre de Moraes.<\/p>\n<p>&#8220;As cr\u00edticas \u00e0 decis\u00e3o judicial podem ser consideradas leg\u00edtimas, e at\u00e9 desej\u00e1veis, do ponto de vista da liberdade de express\u00e3o e do exerc\u00edcio da cidadania e da democracia. No entanto, de plano, constata-se n\u00e3o se revelarem aptas a deflagrar o processo de\u00a0<em>impeachment\u00a0<\/em>da autoridade judicial&#8221;, afirma o parecer.<\/p>\n<h2>Pedido<\/h2>\n<p>O pedido de\u00a0<em>impeachment\u00a0<\/em><a href=\"https:\/\/agenciabrasil.ebc.com.br\/politica\/noticia\/2021-08\/presidente-bolsonaro-formaliza-pedido-de-impeachement-de-moraes\" target=\"_blank\" rel=\"noopener\">foi protocolado no Senado<\/a>\u00a0dia 20 de agosto. O presidente da Rep\u00fablica havia anunciado em suas redes sociais, que apresentaria um pedido de\u00a0<em>impeachment\u00a0<\/em>contra Alexandre de Moraes e contra outro integrante do STF, o ministro Lu\u00eds Roberto Barroso, atual presidente do Tribunal Superior Eleitoral (TSE).<\/p>\n<p>&#8220;De h\u00e1 muito, os ministros Alexandre de Moraes e Lu\u00eds Roberto Barroso, do Supremo Tribunal Federal, extrapolam com atos os limites constitucionais&#8221;, postou. No entanto, no pedido efetivamente formalizado ao Senado, consta apenas a den\u00fancia contra Moraes.<\/p>\n","protected":false},"excerpt":{"rendered":"<p>O presidente do Senado, Rodrigo Pacheco (DEM-MG), rejeitou nesta quarta-feira (25) o pedido de\u00a0impeachment\u00a0feito pelo&#8230;<\/p>\n","protected":false},"author":4,"featured_media":0,"comment_status":"closed","ping_status":"closed","sticky":false,"template":"","format":"standard","meta":{"footnotes":""},"categories":[19],"tags":[],"class_list":["post-11717750","post","type-post","status-publish","format-standard","hentry","category-politica"],"_links":{"self":[{"href":"https:\/\/www.corumbaonline.com.br\/news\/wp-json\/wp\/v2\/posts\/11717750","targetHints":{"allow":["GET"]}}],"collection":[{"href":"https:\/\/www.corumbaonline.com.br\/news\/wp-json\/wp\/v2\/posts"}],"about":[{"href":"https:\/\/www.corumbaonline.com.br\/news\/wp-json\/wp\/v2\/types\/post"}],"author":[{"embeddable":true,"href":"https:\/\/www.corumbaonline.com.br\/news\/wp-json\/wp\/v2\/users\/4"}],"replies":[{"embeddable":true,"href":"https:\/\/www.corumbaonline.com.br\/news\/wp-json\/wp\/v2\/comments?post=11717750"}],"version-history":[{"count":1,"href":"https:\/\/www.corumbaonline.com.br\/news\/wp-json\/wp\/v2\/posts\/11717750\/revisions"}],"predecessor-version":[{"id":11717751,"href":"https:\/\/www.corumbaonline.com.br\/news\/wp-json\/wp\/v2\/posts\/11717750\/revisions\/11717751"}],"wp:attachment":[{"href":"https:\/\/www.corumbaonline.com.br\/news\/wp-json\/wp\/v2\/media?parent=11717750"}],"wp:term":[{"taxonomy":"category","embeddable":true,"href":"https:\/\/www.corumbaonline.com.br\/news\/wp-json\/wp\/v2\/categories?post=11717750"},{"taxonomy":"post_tag","embeddable":true,"href":"https:\/\/www.corumbaonline.com.br\/news\/wp-json\/wp\/v2\/tags?post=11717750"}],"curies":[{"name":"wp","href":"https:\/\/api.w.org\/{rel}","templated":true}]}}