{"id":11717783,"date":"2021-08-27T08:23:00","date_gmt":"2021-08-27T12:23:00","guid":{"rendered":"http:\/\/www.corumbaonline.com.br\/news\/?p=11717783"},"modified":"2021-08-27T09:16:25","modified_gmt":"2021-08-27T13:16:25","slug":"vereador-cobra-energisa-por-praticas-abusivas-dentro-da-cidade-de-corumba","status":"publish","type":"post","link":"https:\/\/www.corumbaonline.com.br\/news\/vereador-cobra-energisa-por-praticas-abusivas-dentro-da-cidade-de-corumba\/","title":{"rendered":"Vereador cobra Energisa por pr\u00e1ticas abusivas dentro da cidade de Corumb\u00e1"},"content":{"rendered":"<figure id=\"attachment_11717784\" aria-describedby=\"caption-attachment-11717784\" style=\"width: 300px\" class=\"wp-caption alignleft\"><img loading=\"lazy\" decoding=\"async\" class=\"size-medium wp-image-11717784\" src=\"https:\/\/www.corumbaonline.com.br\/news\/wp-content\/uploads\/2021\/08\/foto116218-300x200.jpg\" alt=\"\" width=\"300\" height=\"200\" srcset=\"https:\/\/www.corumbaonline.com.br\/news\/wp-content\/uploads\/2021\/08\/foto116218-300x200.jpg 300w, https:\/\/www.corumbaonline.com.br\/news\/wp-content\/uploads\/2021\/08\/foto116218.jpg 441w\" sizes=\"auto, (max-width: 300px) 100vw, 300px\" \/><figcaption id=\"caption-attachment-11717784\" class=\"wp-caption-text\">Alexandre relatou cobran\u00e7a de R$ 16 mil por suposta diferen\u00e7a de consumo de energia (Foto: Ascom)<\/figcaption><\/figure>\n<p>Uma cobran\u00e7a exorbitante de cerca de R$ 16.000,00 por suposta diferen\u00e7a de consumo de energia, levou o vereador Alexandre Vasconcellos a fazer uma s\u00e9rie de questionamento junto \u00e0 Empresa de Energia El\u00e9trica no Mato Grosso do Sul (Energisa), bem como refor\u00e7ar a necessidade de Corumb\u00e1 integrar a CPI da Energisa na Assembleia Legislativa, e at\u00e9 mesmo entrar com um pedido de abertura de uma Comiss\u00e3o Parlamentar de Inqu\u00e9rito na C\u00e2mara, para investigar pr\u00e1ticas abusivas na cidade.<\/p>\n<p>Al\u00e9m de apresentar dois requerimento relacionados \u00e0 empresa, na sess\u00e3o ordin\u00e1ria da C\u00e2mara Municipal de Vereadores na noite de ter\u00e7a-feira, 24 de agosto, Alexandre fez uso da palavra livre e relatou fatos ocorridos na cidade, causando transtornos a consumidores corumbaenses.<\/p>\n<p>\u201cA Energisa vem fazendo uso de pr\u00e1ticas que ferem o direito do consumidor. Em um espa\u00e7o de 15 dias, recebi reclama\u00e7\u00f5es de consumidores sobre a emiss\u00e3o de faturas de energia emitidas pela Energisa, com valores alt\u00edssimos, por suposta diferen\u00e7a de consumo. O segundo me procurou foi hoje (ter\u00e7a-feira), muito nervoso e me relatou toda a situa\u00e7\u00e3o\u201d, comentou.<\/p>\n<p>Alexandre explicou que, nesses casos, a empresa tem ido nas resid\u00eancias dos consumidores realizar averigua\u00e7\u00e3o externa sem qualquer comunica\u00e7\u00e3o pr\u00e9via ao morador e, ao terminar, somente entrega a notifica\u00e7\u00e3o de multa. \u201cBateu na porta e entregou a notifica\u00e7\u00e3o com uma multa alt\u00edssima, alegando irregularidades no medidor\u201d Por\u00e9m, a responsabilidade de manter o rel\u00f3gio medidor funcionando adequadamente, \u00e9 da Energisa\u201d, ressaltou.<\/p>\n<p>Lembrou ainda que, caso o consumidor esteja cometendo um crime, furtando energia, a empresa deve ir at\u00e9 a pol\u00edcia e agir de maneira correta e n\u00e3o simplesmente emitir fatura por suposta diferen\u00e7a de consumo. \u201c\u00c9 o caso de hoje, o segundo em um espa\u00e7o de 15 dias\u201d, lamentou.<\/p>\n<p>COBRAN\u00c7A<\/p>\n<p>Por isso mesmo Alexandre apresentou requerimento endere\u00e7ado ao diretor-presidente da Energisa, Marcelo Vinhares Monteiro, questionando a quantidade de multas aplicadas por supostas irregularidades nos medidores de energia de consumidores; quantas diferen\u00e7as de consumo por supostas inconsist\u00eancias nos medidores no per\u00edodo de janeiro de 2020 at\u00e9 a presente data, o total de notifica\u00e7\u00f5es referentes \u00e0s multas e diferen\u00e7as de consumo, e quantos recursos foram interpostos pelos consumidores e quantos tiveram seu recurso provido.<\/p>\n<p>Ao mesmo tempo, pediu ao diretor da Ag\u00eancia Municipal de Prote\u00e7\u00e3o e Defesa do Consumidor, Vital Gon\u00e7alves Migu\u00e9is, a abertura de Processo Administrativo contra a Energisa, para apura\u00e7\u00e3o dos abusos que est\u00e3o sendo praticados em cobran\u00e7as de multas de supostas irregularidades nos medidores de energia de consumidores corumbaenses.<\/p>\n<p>\u201cEspero que a empresa respeite esta Casa de Leis e envie toda a documenta\u00e7\u00e3o solicitada\u201d, cobrou, lembrando o fato de, na semana passada, ter solicitado \u00e0 Comiss\u00e3o da CPI da Energisa na Assembleia, a inclus\u00e3o de Corumb\u00e1 no processo, estudando ainda a possibilidade de, como presidente da Comiss\u00e3o de Defesa do Consumidor desta Casa de Leis, a abertura de uma Comiss\u00e3o Parlamentar de Inqu\u00e9rito para investigar o servi\u00e7o prestado pela Energisa na cidade\u201d, completou.<\/p>\n","protected":false},"excerpt":{"rendered":"<p>Uma cobran\u00e7a exorbitante de cerca de R$ 16.000,00 por suposta diferen\u00e7a de consumo de energia,&#8230;<\/p>\n","protected":false},"author":63,"featured_media":0,"comment_status":"closed","ping_status":"closed","sticky":false,"template":"","format":"standard","meta":{"footnotes":""},"categories":[19],"tags":[],"class_list":["post-11717783","post","type-post","status-publish","format-standard","hentry","category-politica"],"_links":{"self":[{"href":"https:\/\/www.corumbaonline.com.br\/news\/wp-json\/wp\/v2\/posts\/11717783","targetHints":{"allow":["GET"]}}],"collection":[{"href":"https:\/\/www.corumbaonline.com.br\/news\/wp-json\/wp\/v2\/posts"}],"about":[{"href":"https:\/\/www.corumbaonline.com.br\/news\/wp-json\/wp\/v2\/types\/post"}],"author":[{"embeddable":true,"href":"https:\/\/www.corumbaonline.com.br\/news\/wp-json\/wp\/v2\/users\/63"}],"replies":[{"embeddable":true,"href":"https:\/\/www.corumbaonline.com.br\/news\/wp-json\/wp\/v2\/comments?post=11717783"}],"version-history":[{"count":1,"href":"https:\/\/www.corumbaonline.com.br\/news\/wp-json\/wp\/v2\/posts\/11717783\/revisions"}],"predecessor-version":[{"id":11717785,"href":"https:\/\/www.corumbaonline.com.br\/news\/wp-json\/wp\/v2\/posts\/11717783\/revisions\/11717785"}],"wp:attachment":[{"href":"https:\/\/www.corumbaonline.com.br\/news\/wp-json\/wp\/v2\/media?parent=11717783"}],"wp:term":[{"taxonomy":"category","embeddable":true,"href":"https:\/\/www.corumbaonline.com.br\/news\/wp-json\/wp\/v2\/categories?post=11717783"},{"taxonomy":"post_tag","embeddable":true,"href":"https:\/\/www.corumbaonline.com.br\/news\/wp-json\/wp\/v2\/tags?post=11717783"}],"curies":[{"name":"wp","href":"https:\/\/api.w.org\/{rel}","templated":true}]}}