{"id":11717786,"date":"2021-08-27T08:37:00","date_gmt":"2021-08-27T12:37:00","guid":{"rendered":"http:\/\/www.corumbaonline.com.br\/news\/?p=11717786"},"modified":"2021-08-27T10:58:08","modified_gmt":"2021-08-27T14:58:08","slug":"sete-meses-depois-onca-solta-no-pantanal-esta-cacando-e-anda-8-km-por-noite","status":"publish","type":"post","link":"https:\/\/www.corumbaonline.com.br\/news\/sete-meses-depois-onca-solta-no-pantanal-esta-cacando-e-anda-8-km-por-noite\/","title":{"rendered":"Sete meses depois on\u00e7a solta no Pantanal est\u00e1 ca\u00e7ando e anda 8 km por noite"},"content":{"rendered":"<p data-uw-styling-context=\"true\">Sete meses depois de ser solta na Serra do Amolar, na regi\u00e3o do Pantanal, a on\u00e7a de aproximadamente dois anos de idade segue sendo monitorada via GPS por uma coleira com bateria e chip. Ela est\u00e1 em boas condi\u00e7\u00f5es, ca\u00e7ando, nadando e andando em m\u00e9dia 8 km por noite.<\/p>\n<p data-uw-styling-context=\"true\">As informa\u00e7\u00f5es foram repassadas pelo m\u00e9dico veterin\u00e1rio do CRAS (Centro de Reabilita\u00e7\u00e3o de Animais Silvestres), Lucas Cazati,&nbsp;que foi o respons\u00e1vel pelo tratamento do animal, ap\u00f3s ele ser resgatado no ano passado com queimaduras nas patas e um proj\u00e9til no t\u00f3rax.<\/p>\n<figure id=\"attachment_366503\" class=\"wp-caption alignright\"><img loading=\"lazy\" decoding=\"async\" class=\"wp-image-366503\" src=\"http:\/\/www.ms.gov.br\/wp-content\/uploads\/sites\/150\/2021\/08\/on%C3%A7a-2-300x166.jpg\" alt=\"\" width=\"335\" height=\"177\"><figcaption class=\"wp-caption-text\" data-uw-styling-context=\"true\">On\u00e7a solta no Pantanal (Foto: Saul Schramm)<\/figcaption><\/figure>\n<p data-uw-styling-context=\"true\">\u201cEla est\u00e1 bem gra\u00e7as a Deus. Verifiquei esta semana como est\u00e1 o seu monitoramento no Pantanal. Ela est\u00e1 \u00f3tima, ca\u00e7ando e nadando\u201d, descreveu Cavati. Ele confirmou que a on\u00e7a macho continua na regi\u00e3o da Serra do Amolar, local onde foi encontrada ferida e depois solta novamente \u00e0 natureza.<\/p>\n<p data-uw-styling-context=\"true\">Lucas destacou que \u00e9 uma \u201cgrande satisfa\u00e7\u00e3o\u201d saber que a on\u00e7a se adaptou novamente ao seu habitat, que est\u00e1 sadia, viva e provavelmente se reproduzindo. \u201c\u00c9 uma sensa\u00e7\u00e3o de dever cumprido em saber que toda nossa dedica\u00e7\u00e3o no seu tratamento teve resultado efetivo\u201d, descreveu.<\/p>\n<p data-uw-styling-context=\"true\">Cazati ainda ponderou que at\u00e9 o momento a regi\u00e3o onde a on\u00e7a est\u00e1 circulando n\u00e3o est\u00e1 convivendo com focos de inc\u00eandio. O animal foi encontrado ferido em novembro do ano passado e solto novamente \u00e0 natureza em 21 de janeiro deste ano.<\/p>\n<p><strong><img loading=\"lazy\" decoding=\"async\" class=\"alignnone wp-image-366505 size-full\" src=\"http:\/\/www.ms.gov.br\/wp-content\/uploads\/sites\/150\/2021\/08\/on%C3%A7a-3-edemir.jpg\" sizes=\"auto, (max-width: 1024px) 100vw, 1024px\" srcset=\"http:\/\/www.ms.gov.br\/wp-content\/uploads\/sites\/150\/2021\/08\/on\u00e7a-3-edemir.jpg 1024w, http:\/\/www.ms.gov.br\/wp-content\/uploads\/sites\/150\/2021\/08\/on\u00e7a-3-edemir-300x166.jpg 300w, http:\/\/www.ms.gov.br\/wp-content\/uploads\/sites\/150\/2021\/08\/on\u00e7a-3-edemir-768x425.jpg 768w, http:\/\/www.ms.gov.br\/wp-content\/uploads\/sites\/150\/2021\/08\/on\u00e7a-3-edemir-350x194.jpg 350w\" alt=\"\" width=\"1024\" height=\"567\"><\/strong><\/p>\n<p><strong data-uw-styling-context=\"true\">Monitoramento<\/strong><\/p>\n<p data-uw-styling-context=\"true\">Depois de voltar ao seu habitat, a on\u00e7a passou a ser monitorada por uma coleira que cont\u00e9m uma bateria e um chip que a cada hora emite um sinal, capturado pelo sat\u00e9lite e retransmitido ao software de monitoramento, que \u00e9 feito por GPS e sinal VHF.<\/p>\n<p data-uw-styling-context=\"true\">O monitoramento \u00e9 feito pelo Instituto Homem Pantaneiro. As informa\u00e7\u00f5es colhidas do GPS mostram o que o animal fez no dia anterior e o sinal (VHF) emite a sua localiza\u00e7\u00e3o e dist\u00e2ncia em tempo real. Ao todo ser\u00e3o 24 informa\u00e7\u00f5es di\u00e1rias do animal.<\/p>\n<p data-uw-styling-context=\"true\">Todos estes dados e material v\u00e3o servir para pesquisa sobre sua geolocaliza\u00e7\u00e3o e atividades ao longo do dia, em rela\u00e7\u00e3o a alimenta\u00e7\u00e3o, onde ela dorme e seu per\u00edmetro de movimenta\u00e7\u00e3o na regi\u00e3o do Pantanal.<\/p>\n<p data-uw-styling-context=\"true\">Nos primeiros dias ap\u00f3s seu retorno \u00e0 natureza, a on\u00e7a j\u00e1 tinha feito sua primeira alimenta\u00e7\u00e3o, ao comer uma capivara, se deslocou de forma ativa pela regi\u00e3o e atravessou o rio a nado, mostrando que estava preparada para voltar ao habitat.<\/p>\n","protected":false},"excerpt":{"rendered":"<p>Sete meses depois de ser solta na Serra do Amolar, na regi\u00e3o do Pantanal, a&#8230;<\/p>\n","protected":false},"author":13,"featured_media":11717787,"comment_status":"closed","ping_status":"closed","sticky":false,"template":"","format":"standard","meta":{"footnotes":""},"categories":[8,17],"tags":[],"class_list":["post-11717786","post","type-post","status-publish","format-standard","has-post-thumbnail","hentry","category-destaque","category-meio-ambiente"],"_links":{"self":[{"href":"https:\/\/www.corumbaonline.com.br\/news\/wp-json\/wp\/v2\/posts\/11717786","targetHints":{"allow":["GET"]}}],"collection":[{"href":"https:\/\/www.corumbaonline.com.br\/news\/wp-json\/wp\/v2\/posts"}],"about":[{"href":"https:\/\/www.corumbaonline.com.br\/news\/wp-json\/wp\/v2\/types\/post"}],"author":[{"embeddable":true,"href":"https:\/\/www.corumbaonline.com.br\/news\/wp-json\/wp\/v2\/users\/13"}],"replies":[{"embeddable":true,"href":"https:\/\/www.corumbaonline.com.br\/news\/wp-json\/wp\/v2\/comments?post=11717786"}],"version-history":[{"count":2,"href":"https:\/\/www.corumbaonline.com.br\/news\/wp-json\/wp\/v2\/posts\/11717786\/revisions"}],"predecessor-version":[{"id":11717790,"href":"https:\/\/www.corumbaonline.com.br\/news\/wp-json\/wp\/v2\/posts\/11717786\/revisions\/11717790"}],"wp:featuredmedia":[{"embeddable":true,"href":"https:\/\/www.corumbaonline.com.br\/news\/wp-json\/wp\/v2\/media\/11717787"}],"wp:attachment":[{"href":"https:\/\/www.corumbaonline.com.br\/news\/wp-json\/wp\/v2\/media?parent=11717786"}],"wp:term":[{"taxonomy":"category","embeddable":true,"href":"https:\/\/www.corumbaonline.com.br\/news\/wp-json\/wp\/v2\/categories?post=11717786"},{"taxonomy":"post_tag","embeddable":true,"href":"https:\/\/www.corumbaonline.com.br\/news\/wp-json\/wp\/v2\/tags?post=11717786"}],"curies":[{"name":"wp","href":"https:\/\/api.w.org\/{rel}","templated":true}]}}