{"id":11717800,"date":"2021-08-27T09:50:00","date_gmt":"2021-08-27T13:50:00","guid":{"rendered":"http:\/\/www.corumbaonline.com.br\/news\/?p=11717800"},"modified":"2021-08-27T11:27:36","modified_gmt":"2021-08-27T15:27:36","slug":"ministerio-das-comunicacoes-informa-prefeitura-sobre-acoes-para-melhorar-qualidade-da-internet-em-corumba","status":"publish","type":"post","link":"https:\/\/www.corumbaonline.com.br\/news\/ministerio-das-comunicacoes-informa-prefeitura-sobre-acoes-para-melhorar-qualidade-da-internet-em-corumba\/","title":{"rendered":"Minist\u00e9rio das Comunica\u00e7\u00f5es informa Prefeitura sobre a\u00e7\u00f5es para melhorar qualidade da internet em Corumb\u00e1"},"content":{"rendered":"<p>A Prefeitura de Corumb\u00e1 recebeu do Minist\u00e9rio das Comunica\u00e7\u00f5es informa\u00e7\u00f5es a respeito das a\u00e7\u00f5es \u00a0executadas pelo Governo Federal para melhoria da qualidade do sinal de internet no munic\u00edpio. Assinado pelo secret\u00e1rio de Telecomunica\u00e7\u00f5es interino, Artur Coimbra de Oliveira, o Of\u00edcio n\u00ba 17268 datado de 24 de agosto de 2021, foi encaminhado \u00e0 Ag\u00eancia Municipal de Prote\u00e7\u00e3o e Defesa do Consumidor (Procon Corumb\u00e1). O pedido de explica\u00e7\u00f5es partiu do Procon de Corumb\u00e1.<\/p>\n<p>O Of\u00edcio esclarece que o Governo Federal \u201cbusca, com vigor, expandir o acesso \u00e0 internet de qualidade e promover a inclus\u00e3o digital da popula\u00e7\u00e3o brasileira\u201d. Informa que \u00e9 \u201ciminente\u201d o processo licitat\u00f3rio que autoriza \u201co uso de radiofrequ\u00eancia (Edital 5G) e Programa Wi-Fi Brasil\u201d.<\/p>\n<p>O secret\u00e1rio de Telecomunica\u00e7\u00f5es antecipou que essas a\u00e7\u00f5es permitir\u00e3o a amplia\u00e7\u00e3o do acesso aos servi\u00e7os de telecomunica\u00e7\u00e3o em todo o pa\u00eds, incluindo \u201clocalidades com mais de 600 habitantes, rodovias federais e munic\u00edpios sem conex\u00e3o de alta velocidade\u201d.<\/p>\n<p>Mais especificamente sobre Corumb\u00e1, o Minist\u00e9rio informa que o Programa Wi-Fi Brasil vai atender, \u201cat\u00e9 o momento\u201d, 14 pontos na cidade, \u201cabrangendo sete escolas, tr\u00eas postos de fronteira e dois telecentros comunit\u00e1rios\u201d.<\/p>\n<p>A Secretaria de Telecomunica\u00e7\u00f5es tamb\u00e9m informou ao Executivo Municipal que a Ag\u00eancia Nacional de Telecomunica\u00e7\u00f5es (Anatel) j\u00e1 \u201cnotificou as prestadoras de servi\u00e7os de telecomunica\u00e7\u00f5es Vivo, Claro, Tim e Oi a prestarem esclarecimentos quanto \u00e0 qualidade dos servi\u00e7os prestados no munic\u00edpio\u201d.<\/p>\n<p>De acordo com o informado \u00e0 ag\u00eancia reguladora, a Oi esclareceu que entre 2017 e 2020 investiu em Mato Grosso do Sul a quantia de R$ 232,4 milh\u00f5es e em raz\u00e3o das queimadas \u201cocorreram eventos que danificaram sua rede, provocando degrada\u00e7\u00e3o moment\u00e2nea na presta\u00e7\u00e3o dos servi\u00e7os em Corumb\u00e1\/MS\u201d.<\/p>\n<p>Segundo a Anatel informou a Secretaria de Telecomunica\u00e7\u00f5es, a operadora Claro esclareceu que \u201cn\u00e3o oferta o servi\u00e7o de acesso \u00e0 banda larga fixa no munic\u00edpio de Corumb\u00e1, prestando somente o servi\u00e7o de banda larga m\u00f3vel\u201d.<\/p>\n<p>A Tim disse ter realizado \u201cvultosos investimentos em Corumb\u00e1 para assegurar at\u00e9 o final do ano de 2020, a conclus\u00e3o de projeto referente \u00e0 expans\u00e3o do meio de transmiss\u00e3o que atende o munic\u00edpio\u201d. A empresa assegurou que seguir\u00e1 trabalhando para garantir \u201co atendimento dos indicadores de qualidade exigidos pela Anatel\u201d o que levar\u00e1 a \u201cum aumento significativo da percep\u00e7\u00e3o da qualidade por parte da popula\u00e7\u00e3o de Corumb\u00e1\u201d.<\/p>\n<p>Por sua vez, a operadora Vivo explicou que \u201ccom vistas a melhorar a performance, foi realizada a amplia\u00e7\u00e3o no meio de transmiss\u00e3o (migra\u00e7\u00e3o para um novo link de maior capacidade, alugado de outra prestadora), com ativa\u00e7\u00e3o em meados de novembro\/2020, o que resultou em melhora no desempenho do servi\u00e7o no munic\u00edpio\u201d.<\/p>\n<p>Diretor-executivo do Procon Corumb\u00e1, Vital Gon\u00e7alves Migu\u00e9is, disse que a Ag\u00eancia Municipal de Prote\u00e7\u00e3o e Defesa do Consumidor est\u00e1 atenta \u00e0 qualidade do servi\u00e7o de internet no munic\u00edpio. Por orienta\u00e7\u00e3o do prefeito Marcelo Iunes, o Procon vai sempre atuar para que a popula\u00e7\u00e3o tenha acesso pleno \u00e0 internet de qualidade, uma vez que o chefe do Executivo corumbaense entende que o acesso \u00e0 internet \u00e9 um direito social.<\/p>\n","protected":false},"excerpt":{"rendered":"<p>A Prefeitura de Corumb\u00e1 recebeu do Minist\u00e9rio das Comunica\u00e7\u00f5es informa\u00e7\u00f5es a respeito das a\u00e7\u00f5es \u00a0executadas&#8230;<\/p>\n","protected":false},"author":70,"featured_media":11717801,"comment_status":"closed","ping_status":"closed","sticky":false,"template":"","format":"standard","meta":{"footnotes":""},"categories":[22],"tags":[],"class_list":["post-11717800","post","type-post","status-publish","format-standard","has-post-thumbnail","hentry","category-tecnologia"],"_links":{"self":[{"href":"https:\/\/www.corumbaonline.com.br\/news\/wp-json\/wp\/v2\/posts\/11717800","targetHints":{"allow":["GET"]}}],"collection":[{"href":"https:\/\/www.corumbaonline.com.br\/news\/wp-json\/wp\/v2\/posts"}],"about":[{"href":"https:\/\/www.corumbaonline.com.br\/news\/wp-json\/wp\/v2\/types\/post"}],"author":[{"embeddable":true,"href":"https:\/\/www.corumbaonline.com.br\/news\/wp-json\/wp\/v2\/users\/70"}],"replies":[{"embeddable":true,"href":"https:\/\/www.corumbaonline.com.br\/news\/wp-json\/wp\/v2\/comments?post=11717800"}],"version-history":[{"count":1,"href":"https:\/\/www.corumbaonline.com.br\/news\/wp-json\/wp\/v2\/posts\/11717800\/revisions"}],"predecessor-version":[{"id":11717802,"href":"https:\/\/www.corumbaonline.com.br\/news\/wp-json\/wp\/v2\/posts\/11717800\/revisions\/11717802"}],"wp:featuredmedia":[{"embeddable":true,"href":"https:\/\/www.corumbaonline.com.br\/news\/wp-json\/wp\/v2\/media\/11717801"}],"wp:attachment":[{"href":"https:\/\/www.corumbaonline.com.br\/news\/wp-json\/wp\/v2\/media?parent=11717800"}],"wp:term":[{"taxonomy":"category","embeddable":true,"href":"https:\/\/www.corumbaonline.com.br\/news\/wp-json\/wp\/v2\/categories?post=11717800"},{"taxonomy":"post_tag","embeddable":true,"href":"https:\/\/www.corumbaonline.com.br\/news\/wp-json\/wp\/v2\/tags?post=11717800"}],"curies":[{"name":"wp","href":"https:\/\/api.w.org\/{rel}","templated":true}]}}