{"id":11717813,"date":"2021-08-27T11:01:00","date_gmt":"2021-08-27T15:01:00","guid":{"rendered":"http:\/\/www.corumbaonline.com.br\/news\/?p=11717813"},"modified":"2021-08-27T12:34:49","modified_gmt":"2021-08-27T16:34:49","slug":"audiencia-publica-vai-debater-estrada-verde-projeto-importante-para-o-desenvolvimento-da-regiao","status":"publish","type":"post","link":"https:\/\/www.corumbaonline.com.br\/news\/audiencia-publica-vai-debater-estrada-verde-projeto-importante-para-o-desenvolvimento-da-regiao\/","title":{"rendered":"Audi\u00eancia P\u00fablica vai debater Estrada Verde, projeto importante para o desenvolvimento da regi\u00e3o"},"content":{"rendered":"<p>Marcada para o dia 1\u00ba de setembro, a Audi\u00eancia P\u00fablica que vai debater a import\u00e2ncia da liga\u00e7\u00e3o entre as cidades pantaneiras de Corumb\u00e1 e Pocon\u00e9, no Mato Grosso. O evento acontece na C\u00e2mara Municipal de Corumb\u00e1 a partir das 18 horas, e \u00e9 uma iniciativa do vereador Chic\u00e3o Vianna.<\/p>\n<p>S\u00e3o aguardadas as presen\u00e7as de autoridades ligadas ao Governo do Estado e \u00e0 Prefeitura de Corumb\u00e1, principalmente das pastas de Turismo, Meio Ambiente, Infraestrutura e Desenvolvimento; deputados estaduais; prefeito, secret\u00e1rios e vereadores de Pocon\u00e9; Sindicato Rural de Corumb\u00e1 e Minist\u00e9rio P\u00fablico Estadual.<\/p>\n<p>\u201cSer\u00e1 uma oportunidade que teremos para debater um assunto de extrema import\u00e2ncia para o nosso desenvolvimento que passa, sem d\u00favida alguma, pela liga\u00e7\u00e3o Corumb\u00e1 \u2013 Pocon\u00e9, as duas principais cidades pantaneiras e que recebem o maior n\u00famero de turistas\u201d, destacou.<\/p>\n<p>\u201cO maior objetivo da Estrada Verde \u00e9 interligar as duas cidades, para que assim ambas possam se ajudar mutuamente na pr\u00e1tica de um turismo sustent\u00e1vel e manter assim a preserva\u00e7\u00e3o do Pantanal\u201d, completou.<\/p>\n","protected":false},"excerpt":{"rendered":"<p>Marcada para o dia 1\u00ba de setembro, a Audi\u00eancia P\u00fablica que vai debater a import\u00e2ncia&#8230;<\/p>\n","protected":false},"author":63,"featured_media":0,"comment_status":"closed","ping_status":"closed","sticky":false,"template":"","format":"standard","meta":{"footnotes":""},"categories":[14],"tags":[],"class_list":["post-11717813","post","type-post","status-publish","format-standard","hentry","category-geral"],"_links":{"self":[{"href":"https:\/\/www.corumbaonline.com.br\/news\/wp-json\/wp\/v2\/posts\/11717813","targetHints":{"allow":["GET"]}}],"collection":[{"href":"https:\/\/www.corumbaonline.com.br\/news\/wp-json\/wp\/v2\/posts"}],"about":[{"href":"https:\/\/www.corumbaonline.com.br\/news\/wp-json\/wp\/v2\/types\/post"}],"author":[{"embeddable":true,"href":"https:\/\/www.corumbaonline.com.br\/news\/wp-json\/wp\/v2\/users\/63"}],"replies":[{"embeddable":true,"href":"https:\/\/www.corumbaonline.com.br\/news\/wp-json\/wp\/v2\/comments?post=11717813"}],"version-history":[{"count":1,"href":"https:\/\/www.corumbaonline.com.br\/news\/wp-json\/wp\/v2\/posts\/11717813\/revisions"}],"predecessor-version":[{"id":11717814,"href":"https:\/\/www.corumbaonline.com.br\/news\/wp-json\/wp\/v2\/posts\/11717813\/revisions\/11717814"}],"wp:attachment":[{"href":"https:\/\/www.corumbaonline.com.br\/news\/wp-json\/wp\/v2\/media?parent=11717813"}],"wp:term":[{"taxonomy":"category","embeddable":true,"href":"https:\/\/www.corumbaonline.com.br\/news\/wp-json\/wp\/v2\/categories?post=11717813"},{"taxonomy":"post_tag","embeddable":true,"href":"https:\/\/www.corumbaonline.com.br\/news\/wp-json\/wp\/v2\/tags?post=11717813"}],"curies":[{"name":"wp","href":"https:\/\/api.w.org\/{rel}","templated":true}]}}