{"id":11717821,"date":"2021-08-27T11:44:00","date_gmt":"2021-08-27T15:44:00","guid":{"rendered":"http:\/\/www.corumbaonline.com.br\/news\/?p=11717821"},"modified":"2021-08-27T12:49:12","modified_gmt":"2021-08-27T16:49:12","slug":"na-camara-vereador-pede-levantamento-minucioso-no-sistema-de-iluminacao-publica-na-cidade","status":"publish","type":"post","link":"https:\/\/www.corumbaonline.com.br\/news\/na-camara-vereador-pede-levantamento-minucioso-no-sistema-de-iluminacao-publica-na-cidade\/","title":{"rendered":"Na C\u00e2mara, vereador pede levantamento minucioso no sistema de ilumina\u00e7\u00e3o p\u00fablica na cidade"},"content":{"rendered":"<p>A realiza\u00e7\u00e3o de um levantamento minucioso do sistema de ilumina\u00e7\u00e3o p\u00fablica na \u00e1rea urbana de Corumb\u00e1, \u00e9 o que est\u00e1 solicitando o presidente da C\u00e2mara Municipal, vereador Roberto Fa\u00e7anha, para solucionar um problema que tem causado preocupa\u00e7\u00f5es e inseguran\u00e7as ao moradores em diversas regi\u00f5es da cidade.<\/p>\n<p>O pedido foi feito durante sess\u00e3o ordin\u00e1ria do Poder Legislativo corumbaense, e endere\u00e7ado ao secret\u00e1rio de Infraestrutura e Servi\u00e7os P\u00fablicos, Luiz Fernando Moreira, \u00e1rea respons\u00e1vel pelo sistema em Corumb\u00e1.<\/p>\n<p>A ideia \u00e9 que, com o levantamento, a Prefeitura cobre da empresa respons\u00e1vel, a realiza\u00e7\u00e3o de servi\u00e7os de recupera\u00e7\u00e3o e manuten\u00e7\u00e3o dos locais onde a ilumina\u00e7\u00e3o p\u00fablica est\u00e1 apresentando problemas, como tamb\u00e9m implante o sistema nos trechos que n\u00e3o s\u00e3o contemplados dentro da \u00e1rea urbana da cidade, para garantir melhor luminosidade e seguran\u00e7a \u00e0 popula\u00e7\u00e3o.<\/p>\n<p>Ainda no requerimento apresentado, Fa\u00e7anha pediu a recupera\u00e7\u00e3o da ilumina\u00e7\u00e3o p\u00fablica da Rua Ant\u00f4nio Maria Coelho, entre as ruas Cabral e Joaquim Murtinho, na altura do n\u00famerom1.090 (poste CPM 1969 11 400 112), que est\u00e1 apresentando problemas, bem como em dois pontos de ilumina\u00e7\u00e3o da Rua 13 de Junho, na esquina com a Rua Rep\u00fablica da Bol\u00edvia. Nesse local um poste est\u00e1 com a l\u00e2mpada apagada, e o outro, com oscila\u00e7\u00e3o.<\/p>\n","protected":false},"excerpt":{"rendered":"<p>A realiza\u00e7\u00e3o de um levantamento minucioso do sistema de ilumina\u00e7\u00e3o p\u00fablica na \u00e1rea urbana de&#8230;<\/p>\n","protected":false},"author":63,"featured_media":0,"comment_status":"closed","ping_status":"closed","sticky":false,"template":"","format":"standard","meta":{"footnotes":""},"categories":[19],"tags":[],"class_list":["post-11717821","post","type-post","status-publish","format-standard","hentry","category-politica"],"_links":{"self":[{"href":"https:\/\/www.corumbaonline.com.br\/news\/wp-json\/wp\/v2\/posts\/11717821","targetHints":{"allow":["GET"]}}],"collection":[{"href":"https:\/\/www.corumbaonline.com.br\/news\/wp-json\/wp\/v2\/posts"}],"about":[{"href":"https:\/\/www.corumbaonline.com.br\/news\/wp-json\/wp\/v2\/types\/post"}],"author":[{"embeddable":true,"href":"https:\/\/www.corumbaonline.com.br\/news\/wp-json\/wp\/v2\/users\/63"}],"replies":[{"embeddable":true,"href":"https:\/\/www.corumbaonline.com.br\/news\/wp-json\/wp\/v2\/comments?post=11717821"}],"version-history":[{"count":1,"href":"https:\/\/www.corumbaonline.com.br\/news\/wp-json\/wp\/v2\/posts\/11717821\/revisions"}],"predecessor-version":[{"id":11717822,"href":"https:\/\/www.corumbaonline.com.br\/news\/wp-json\/wp\/v2\/posts\/11717821\/revisions\/11717822"}],"wp:attachment":[{"href":"https:\/\/www.corumbaonline.com.br\/news\/wp-json\/wp\/v2\/media?parent=11717821"}],"wp:term":[{"taxonomy":"category","embeddable":true,"href":"https:\/\/www.corumbaonline.com.br\/news\/wp-json\/wp\/v2\/categories?post=11717821"},{"taxonomy":"post_tag","embeddable":true,"href":"https:\/\/www.corumbaonline.com.br\/news\/wp-json\/wp\/v2\/tags?post=11717821"}],"curies":[{"name":"wp","href":"https:\/\/api.w.org\/{rel}","templated":true}]}}