{"id":11717835,"date":"2021-08-30T08:33:00","date_gmt":"2021-08-30T12:33:00","guid":{"rendered":"http:\/\/www.corumbaonline.com.br\/news\/?p=11717835"},"modified":"2021-08-30T09:49:06","modified_gmt":"2021-08-30T13:49:06","slug":"chegada-da-chuva-no-pantanal-elimina-os-focos-de-calor-bombeiros-monitoram-regiao","status":"publish","type":"post","link":"https:\/\/www.corumbaonline.com.br\/news\/chegada-da-chuva-no-pantanal-elimina-os-focos-de-calor-bombeiros-monitoram-regiao\/","title":{"rendered":"Chegada da chuva no Pantanal elimina os focos de calor; bombeiros monitoram regi\u00e3o"},"content":{"rendered":"<p data-uw-styling-context=\"true\">As chuvas que ca\u00edram na regi\u00e3o pantaneira, desde o s\u00e1bado (28), extinguiram praticamente todos os focos de calor na regi\u00e3o, onde os inc\u00eandios florestais mais intensos ocorriam no Carandazal, Abobral, Forte Coimbra e Nhecol\u00e2ndia. Sobrevoo na manh\u00e3 deste domingo constatou que os focos foram eliminados, com os bombeiros se mantendo nas \u00e1reas realizando monitoramento e rescaldo.<\/p>\n<p data-uw-styling-context=\"true\">A informa\u00e7\u00e3o foi repassada pelo atual comandante da Opera\u00e7\u00e3o Hefesto, tenente-coronel Leandro Borges Bertholdo. \u201cAs condi\u00e7\u00f5es clim\u00e1ticas favor\u00e1veis foram determinantes para a extin\u00e7\u00e3o dos inc\u00eandios, com tr\u00eas das seis guarni\u00e7\u00f5es de linha de frente retornando \u00e0 base (quartel do Corpo de Bombeiros de Corumb\u00e1). Em algumas regi\u00f5es, como o Abobral, choveu forte\u201d, acrescentou.<\/p>\n<p data-uw-styling-context=\"true\">No Pantanal ao Norte de Corumb\u00e1, abrangendo as sub-regi\u00f5es do Paraguai e Paiagu\u00e1s, tamb\u00e9m houve ocorr\u00eancia de chuvas e n\u00e3o h\u00e1 sinais de focos, conforme relatou o pantaneiro Armando Lacerda, do Porto S\u00e3o Pedro, localizado no entorno da Serra do Amolar. Ele disse que choveu pouco, mas o suficiente para aumentar a umidade e eliminar a fuma\u00e7a. \u201cO capim come\u00e7ou a reverdecer\u201d, adiantou.<\/p>\n<figure id=\"attachment_367128\" class=\"wp-caption alignnone\"><a href=\"http:\/\/www.ms.gov.br\/wp-content\/uploads\/sites\/150\/2021\/08\/incendios_combate-abobral2.jpg\"><img loading=\"lazy\" decoding=\"async\" class=\"wp-image-367128 size-large\" src=\"http:\/\/www.ms.gov.br\/wp-content\/uploads\/sites\/150\/2021\/08\/incendios_combate-abobral2-1024x768.jpg\" sizes=\"auto, (max-width: 1024px) 100vw, 1024px\" srcset=\"http:\/\/www.ms.gov.br\/wp-content\/uploads\/sites\/150\/2021\/08\/incendios_combate-abobral2.jpg 1024w, http:\/\/www.ms.gov.br\/wp-content\/uploads\/sites\/150\/2021\/08\/incendios_combate-abobral2-300x225.jpg 300w, http:\/\/www.ms.gov.br\/wp-content\/uploads\/sites\/150\/2021\/08\/incendios_combate-abobral2-768x576.jpg 768w, http:\/\/www.ms.gov.br\/wp-content\/uploads\/sites\/150\/2021\/08\/incendios_combate-abobral2-320x240.jpg 320w\" alt=\"\" width=\"1024\" height=\"768\" \/><\/a><figcaption class=\"wp-caption-text\"><em data-uw-styling-context=\"true\">Bombeiros combatem os focos de calor na regi\u00e3o do Abobral, a leste de Corumb\u00e1<\/em><\/figcaption><\/figure>\n<p><strong data-uw-styling-context=\"true\">Opera\u00e7\u00e3o no 58\u00ba dia<\/strong><\/p>\n<p data-uw-styling-context=\"true\">A Opera\u00e7\u00e3o Hefesto \u00e9 realizada no Pantanal h\u00e1 58 dias, envolvendo mais de 140 bombeiros militares e brigadistas das propriedades rurais, al\u00e9m de viaturas e tr\u00eas aeronaves Air Tractor. Atualmente, 45 bombeiros est\u00e3o em a\u00e7\u00e3o e em constante revezamento. Antes da chegada da chuva, foram montadas tr\u00eas bases para opera\u00e7\u00e3o das aeronaves respons\u00e1veis pelo lan\u00e7amento de \u00e1gua \u2013 na fazenda BrPec (Miranda), Forte Coimbra e Corumb\u00e1.<\/p>\n<p data-uw-styling-context=\"true\">No s\u00e1bado, houve combates a\u00e9reo e terrestre no Abobral (entre a MS-184 e a BR-262), com o fogo atingindo o Morro do Urucum (reservas de min\u00e9rio de ferro e mangan\u00eas). Os bombeiros tamb\u00e9m atuaram e controlaram um inc\u00eandio no Morro do Rabicho, \u00e1rea de adestramento da Marinha pr\u00f3xima a cidade de Lad\u00e1rio. No Carandazal, entre Corumb\u00e1 e Porto Murtinho, a chuva forte apagou o grande inc\u00eandio.<\/p>\n","protected":false},"excerpt":{"rendered":"<p>As chuvas que ca\u00edram na regi\u00e3o pantaneira, desde o s\u00e1bado (28), extinguiram praticamente todos os&#8230;<\/p>\n","protected":false},"author":13,"featured_media":11717836,"comment_status":"closed","ping_status":"closed","sticky":false,"template":"","format":"standard","meta":{"footnotes":""},"categories":[17],"tags":[],"class_list":["post-11717835","post","type-post","status-publish","format-standard","has-post-thumbnail","hentry","category-meio-ambiente"],"_links":{"self":[{"href":"https:\/\/www.corumbaonline.com.br\/news\/wp-json\/wp\/v2\/posts\/11717835","targetHints":{"allow":["GET"]}}],"collection":[{"href":"https:\/\/www.corumbaonline.com.br\/news\/wp-json\/wp\/v2\/posts"}],"about":[{"href":"https:\/\/www.corumbaonline.com.br\/news\/wp-json\/wp\/v2\/types\/post"}],"author":[{"embeddable":true,"href":"https:\/\/www.corumbaonline.com.br\/news\/wp-json\/wp\/v2\/users\/13"}],"replies":[{"embeddable":true,"href":"https:\/\/www.corumbaonline.com.br\/news\/wp-json\/wp\/v2\/comments?post=11717835"}],"version-history":[{"count":1,"href":"https:\/\/www.corumbaonline.com.br\/news\/wp-json\/wp\/v2\/posts\/11717835\/revisions"}],"predecessor-version":[{"id":11717837,"href":"https:\/\/www.corumbaonline.com.br\/news\/wp-json\/wp\/v2\/posts\/11717835\/revisions\/11717837"}],"wp:featuredmedia":[{"embeddable":true,"href":"https:\/\/www.corumbaonline.com.br\/news\/wp-json\/wp\/v2\/media\/11717836"}],"wp:attachment":[{"href":"https:\/\/www.corumbaonline.com.br\/news\/wp-json\/wp\/v2\/media?parent=11717835"}],"wp:term":[{"taxonomy":"category","embeddable":true,"href":"https:\/\/www.corumbaonline.com.br\/news\/wp-json\/wp\/v2\/categories?post=11717835"},{"taxonomy":"post_tag","embeddable":true,"href":"https:\/\/www.corumbaonline.com.br\/news\/wp-json\/wp\/v2\/tags?post=11717835"}],"curies":[{"name":"wp","href":"https:\/\/api.w.org\/{rel}","templated":true}]}}